{"id":16559,"date":"2025-10-23T14:15:09","date_gmt":"2025-10-23T12:15:09","guid":{"rendered":"https:\/\/www.lafresca.fm\/?p=16559"},"modified":"2025-10-23T14:24:03","modified_gmt":"2025-10-23T12:24:03","slug":"16559-2","status":"publish","type":"post","link":"https:\/\/www.lafresca.fm\/16559-2\/","title":{"rendered":"Tibi celebra su Fira d\u2019Artesania i Oficis con la mirada puesta en la Capital Rural 2025 y nuevos proyectos medioambientales"},"content":{"rendered":"\n<figure class=\"wp-block-audio\"><audio controls src=\"https:\/\/www.lafresca.fm\/f-solosog\/2025\/10\/Entrevista-Jose-Luis-Candela-Tibi-2310-25.mp3\"><\/audio><\/figure>\n\n\n\n<p>Tibi se prepara para acoger, del 24 al 26 de octubre, la XIX edici\u00f3n de la <em>Fira d\u2019Artesania i Oficis<\/em>, un evento que cada a\u00f1o convierte al municipio en escaparate de la tradici\u00f3n, la artesan\u00eda y los productos locales. El alcalde, Jos\u00e9 Luis Candela, ha adelantado las principales novedades de esta cita y ha repasado los proyectos que marcan la actualidad del municipio, entre ellos la candidatura de Tibi a <em>Capital Rural 2025<\/em>, cuyo fallo se conocer\u00e1 el pr\u00f3ximo 29 de octubre.<\/p>\n\n\n\n<figure class=\"wp-block-image size-large is-resized\"><img fetchpriority=\"high\" decoding=\"async\" width=\"1170\" height=\"878\" src=\"https:\/\/www.lafresca.fm\/f-solosog\/2025\/10\/jose-luis-candela-alcalde-tibi-231025-copia-1170x878.jpg\" alt=\"\" class=\"wp-image-16566\" style=\"width:817px;height:auto\" srcset=\"https:\/\/www.lafresca.fm\/f-solosog\/2025\/10\/jose-luis-candela-alcalde-tibi-231025-copia-1170x878.jpg 1170w, https:\/\/www.lafresca.fm\/f-solosog\/2025\/10\/jose-luis-candela-alcalde-tibi-231025-copia-770x578.jpg 770w, https:\/\/www.lafresca.fm\/f-solosog\/2025\/10\/jose-luis-candela-alcalde-tibi-231025-copia-768x576.jpg 768w, https:\/\/www.lafresca.fm\/f-solosog\/2025\/10\/jose-luis-candela-alcalde-tibi-231025-copia-1536x1152.jpg 1536w, https:\/\/www.lafresca.fm\/f-solosog\/2025\/10\/jose-luis-candela-alcalde-tibi-231025-copia.jpg 1600w\" sizes=\"(max-width: 1170px) 100vw, 1170px\" \/><\/figure>\n\n\n\n<p><strong>Una feria que une tradici\u00f3n y futuro<\/strong><\/p>\n\n\n\n<p>\u201cLa Fira d\u2019Artesania i Oficis es una de nuestras se\u00f1as de identidad. Representa el esp\u00edritu de Tibi: respeto por nuestras ra\u00edces y apuesta por la creatividad local\u201d, explica Candela. Esta XIX edici\u00f3n contar\u00e1 con puestos de artesan\u00eda, gastronom\u00eda, talleres en vivo y actuaciones musicales. Tambi\u00e9n habr\u00e1 actividades para ni\u00f1os y adultos, centradas en la recuperaci\u00f3n de oficios tradicionales y la sostenibilidad.<\/p>\n\n\n\n<figure class=\"wp-block-image size-large is-resized\"><img decoding=\"async\" width=\"828\" height=\"1170\" src=\"https:\/\/www.lafresca.fm\/f-solosog\/2025\/10\/a31c02f6-472f-42c3-884e-13dfe740312d-828x1170.jpg\" alt=\"\" class=\"wp-image-16532\" style=\"width:814px;height:auto\" srcset=\"https:\/\/www.lafresca.fm\/f-solosog\/2025\/10\/a31c02f6-472f-42c3-884e-13dfe740312d-828x1170.jpg 828w, https:\/\/www.lafresca.fm\/f-solosog\/2025\/10\/a31c02f6-472f-42c3-884e-13dfe740312d-545x770.jpg 545w, https:\/\/www.lafresca.fm\/f-solosog\/2025\/10\/a31c02f6-472f-42c3-884e-13dfe740312d-768x1086.jpg 768w, https:\/\/www.lafresca.fm\/f-solosog\/2025\/10\/a31c02f6-472f-42c3-884e-13dfe740312d-1087x1536.jpg 1087w, https:\/\/www.lafresca.fm\/f-solosog\/2025\/10\/a31c02f6-472f-42c3-884e-13dfe740312d.jpg 1132w\" sizes=\"(max-width: 828px) 100vw, 828px\" \/><\/figure>\n\n\n\n<figure class=\"wp-block-image size-large is-resized\"><img decoding=\"async\" width=\"1170\" height=\"904\" src=\"https:\/\/www.lafresca.fm\/f-solosog\/2025\/10\/Programacion-Feria-Tamano-original-1-1170x904.jpg\" alt=\"\" class=\"wp-image-16562\" style=\"width:816px;height:auto\" srcset=\"https:\/\/www.lafresca.fm\/f-solosog\/2025\/10\/Programacion-Feria-Tamano-original-1-1170x904.jpg 1170w, https:\/\/www.lafresca.fm\/f-solosog\/2025\/10\/Programacion-Feria-Tamano-original-1-770x595.jpg 770w, https:\/\/www.lafresca.fm\/f-solosog\/2025\/10\/Programacion-Feria-Tamano-original-1-768x593.jpg 768w, https:\/\/www.lafresca.fm\/f-solosog\/2025\/10\/Programacion-Feria-Tamano-original-1-1536x1187.jpg 1536w, https:\/\/www.lafresca.fm\/f-solosog\/2025\/10\/Programacion-Feria-Tamano-original-1.jpg 2000w\" sizes=\"(max-width: 1170px) 100vw, 1170px\" \/><\/figure>\n\n\n\n<p><strong>Candidatura a Capital Rural 2025<\/strong><\/p>\n\n\n\n<p>Uno de los temas que hemos querido tratar con el alcalde es la candidatura de Tibi a <em>Capital Rural 2025<\/em>, un reconocimiento nacional que premia las buenas pr\u00e1cticas en desarrollo rural, sostenibilidad y conservaci\u00f3n del patrimonio. \u201cEs una oportunidad para situar a Tibi en el mapa, para que se conozca todo lo que hacemos en materia de medio ambiente, cultura y cohesi\u00f3n social. Somos un pueblo peque\u00f1o, pero con grandes proyectos y una enorme implicaci\u00f3n vecinal\u201d, afirma el alcalde.<br>El veredicto se conocer\u00e1 el 29 de octubre, apenas tres d\u00edas despu\u00e9s de la Fira, en un momento de especial expectaci\u00f3n para el municipio.<\/p>\n\n\n\n<p><strong>Compromiso con el medio ambiente: ecoparque y contenedor marr\u00f3n<\/strong><\/p>\n\n\n\n<p>Entre los proyectos medioambientales, Candela ha destacado el avance del futuro proyecto del <em>ecoparque municipal<\/em>, una instalaci\u00f3n moderna que mejorar\u00e1 la gesti\u00f3n de residuos y facilitar\u00e1 el reciclaje. \u201cEs un paso fundamental para seguir avanzando hacia un modelo de pueblo m\u00e1s sostenible\u201d, apunta.<\/p>\n\n\n\n<p>Asimismo, el Ayuntamiento iniciaba meses atr\u00e1s la implantaci\u00f3n del contenedor marr\u00f3n para la recogida selectiva de residuos org\u00e1nicos, <em>en una primera fase de implantaci\u00f3n<\/em>. \u201c<\/p>\n\n\n\n<p><strong>Mirando al futuro con optimismo<\/strong><\/p>\n\n\n\n<p>Candela subraya que Tibi vive un momento de crecimiento equilibrado: \u201cEstamos mejorando infraestructuras, servicios y espacios p\u00fablicos, sin perder la esencia rural que nos caracteriza. La Fira, el ecoparque, la candidatura a Capital Rural\u2026 todo forma parte de una misma visi\u00f3n: un Tibi vivo, participativo y sostenible\u201d.<\/p>\n\n\n\n<p>El alcalde concluye con una invitaci\u00f3n a vecinos y visitantes: \u201cDel 24 al 26 de octubre, Tibi abre sus puertas con su mejor sonrisa. La Fira es nuestra fiesta m\u00e1s aut\u00e9ntica y el reflejo de lo que somos: un pueblo con historia, con talento y con futuro\u201d.<\/p>\n<script>function PlayerjsAsync(){} if(window[\"Playerjs\"]){PlayerjsAsync();}<\/script>","protected":false},"excerpt":{"rendered":"<p>Tibi se prepara para acoger, del 24 al 26 de octubre, la XIX edici\u00f3n de la Fira d\u2019Artesania i Oficis, un evento que cada a\u00f1o convierte al municipio en escaparate de la tradici\u00f3n, la artesan\u00eda y los productos locales. El alcalde, Jos\u00e9 Luis Candela, ha adelantado las principales novedades de ...<\/p>\n","protected":false},"author":2,"featured_media":16561,"comment_status":"closed","ping_status":"closed","sticky":false,"template":"","format":"standard","meta":{"_monsterinsights_skip_tracking":false,"_monsterinsights_sitenote_active":false,"_monsterinsights_sitenote_note":"","_monsterinsights_sitenote_category":0,"footnotes":""},"categories":[4],"tags":[891,170],"class_list":["post-16559","post","type-post","status-publish","format-standard","has-post-thumbnail","hentry","category-alicante","tag-fira-tibi","tag-tibi"],"aioseo_notices":[],"_links":{"self":[{"href":"https:\/\/www.lafresca.fm\/fresca-api-json\/wp\/v2\/posts\/16559","targetHints":{"allow":["GET"]}}],"collection":[{"href":"https:\/\/www.lafresca.fm\/fresca-api-json\/wp\/v2\/posts"}],"about":[{"href":"https:\/\/www.lafresca.fm\/fresca-api-json\/wp\/v2\/types\/post"}],"author":[{"embeddable":true,"href":"https:\/\/www.lafresca.fm\/fresca-api-json\/wp\/v2\/users\/2"}],"replies":[{"embeddable":true,"href":"https:\/\/www.lafresca.fm\/fresca-api-json\/wp\/v2\/comments?post=16559"}],"version-history":[{"count":3,"href":"https:\/\/www.lafresca.fm\/fresca-api-json\/wp\/v2\/posts\/16559\/revisions"}],"predecessor-version":[{"id":16567,"href":"https:\/\/www.lafresca.fm\/fresca-api-json\/wp\/v2\/posts\/16559\/revisions\/16567"}],"wp:featuredmedia":[{"embeddable":true,"href":"https:\/\/www.lafresca.fm\/fresca-api-json\/wp\/v2\/media\/16561"}],"wp:attachment":[{"href":"https:\/\/www.lafresca.fm\/fresca-api-json\/wp\/v2\/media?parent=16559"}],"wp:term":[{"taxonomy":"category","embeddable":true,"href":"https:\/\/www.lafresca.fm\/fresca-api-json\/wp\/v2\/categories?post=16559"},{"taxonomy":"post_tag","embeddable":true,"href":"https:\/\/www.lafresca.fm\/fresca-api-json\/wp\/v2\/tags?post=16559"}],"curies":[{"name":"wp","href":"https:\/\/api.w.org\/{rel}","templated":true}]}}