{"id":16569,"date":"2025-10-23T14:57:26","date_gmt":"2025-10-23T12:57:26","guid":{"rendered":"https:\/\/www.lafresca.fm\/?p=16569"},"modified":"2025-10-23T14:57:28","modified_gmt":"2025-10-23T12:57:28","slug":"el-museo-de-la-muneca-de-onil-presenta-una-nueva-exposicion-dedicada-a-nancy-con-la-coleccion-de-magdalena-carrion","status":"publish","type":"post","link":"https:\/\/www.lafresca.fm\/el-museo-de-la-muneca-de-onil-presenta-una-nueva-exposicion-dedicada-a-nancy-con-la-coleccion-de-magdalena-carrion\/","title":{"rendered":"El Museo de la Mu\u00f1eca de Onil presenta una nueva exposici\u00f3n dedicada a Nancy, con la colecci\u00f3n de Magdalena Carri\u00f3n"},"content":{"rendered":"\n<p>El Museo de la Mu\u00f1eca de Onil ampl\u00eda su oferta expositiva con una muestra muy especial:&nbsp;<strong>una exposici\u00f3n dedicada a Nancy<\/strong>, la ic\u00f3nica mu\u00f1eca de FAMOSA, a trav\u00e9s de la extraordinaria colecci\u00f3n privada de&nbsp;<strong>Magdalena Carri\u00f3n<\/strong>, vecina de Onil y apasionada del mundo de las mu\u00f1ecas.<\/p>\n\n\n\n<p>La exposici\u00f3n re\u00fane&nbsp;<strong>alrededor de 200 mu\u00f1ecas Nancy<\/strong>&nbsp;de diferentes \u00e9pocas, cuidadosamente conservadas y seleccionadas por Magdalena, quien ha dedicado a\u00f1os a reunirlas. Con esta incorporaci\u00f3n, el Museo de la Mu\u00f1eca alberga actualmente&nbsp;<strong>m\u00e1s de 300 Nancys<\/strong>&nbsp;en exposici\u00f3n, ofreciendo un recorrido \u00fanico por la evoluci\u00f3n de este s\u00edmbolo de la infancia.<\/p>\n\n\n\n<figure class=\"wp-block-image size-large\"><img fetchpriority=\"high\" decoding=\"async\" width=\"1170\" height=\"878\" src=\"https:\/\/www.lafresca.fm\/f-solosog\/2025\/10\/WhatsApp-Image-2025-10-23-at-13.36.20-2-1170x878.jpeg\" alt=\"\" class=\"wp-image-16570\" srcset=\"https:\/\/www.lafresca.fm\/f-solosog\/2025\/10\/WhatsApp-Image-2025-10-23-at-13.36.20-2-1170x878.jpeg 1170w, https:\/\/www.lafresca.fm\/f-solosog\/2025\/10\/WhatsApp-Image-2025-10-23-at-13.36.20-2-770x578.jpeg 770w, https:\/\/www.lafresca.fm\/f-solosog\/2025\/10\/WhatsApp-Image-2025-10-23-at-13.36.20-2-768x576.jpeg 768w, https:\/\/www.lafresca.fm\/f-solosog\/2025\/10\/WhatsApp-Image-2025-10-23-at-13.36.20-2-1536x1152.jpeg 1536w, https:\/\/www.lafresca.fm\/f-solosog\/2025\/10\/WhatsApp-Image-2025-10-23-at-13.36.20-2.jpeg 1600w\" sizes=\"(max-width: 1170px) 100vw, 1170px\" \/><\/figure>\n\n\n\n<p>Magdalena Carri\u00f3n es una figura estrechamente vinculada a FAMOSA y al universo Nancy. Comenz\u00f3 a trabajar en la empresa con tan solo 14 a\u00f1os y ha desarrollado su carrera all\u00ed durante&nbsp;<strong>43 a\u00f1os<\/strong>, desempe\u00f1ando distintas funciones en diversas secciones. Su vida profesional y personal han estado ligadas a esta emblem\u00e1tica mu\u00f1eca, que la ha acompa\u00f1ado a lo largo de toda su trayectoria.<br>Esta colecci\u00f3n se ha creado con mucho cari\u00f1o y con la ilusi\u00f3n por Magdalena, que ahora comparte con el pueblo de Onil y con todos los visitantes que se acerquen al Museo.<\/p>\n\n\n\n<p>La muestra puede visitarse&nbsp;<strong>de martes a domingo de 10:00 a 14:00 horas<\/strong>&nbsp;y&nbsp;<strong>los s\u00e1bados tambi\u00e9n de 17:00 a 20:00 horas<\/strong>, en la&nbsp;<strong>segunda planta del Museo de la Mu\u00f1eca de Onil<\/strong>.<\/p>\n\n\n\n<p>Desde la&nbsp;<strong>Concejal\u00eda de Turismo del Ayuntamiento de Onil<\/strong>, se ha querido destacar la importancia de esta exposici\u00f3n:<\/p>\n\n\n\n<p>\u201cNos sentimos muy felices de poder acoger una colecci\u00f3n tan especial y personal, que rinde homenaje a una mu\u00f1eca hist\u00f3rica y a una mujer que ha dedicado su vida a FAMOSA y a Nancy. Agradecemos profundamente a Magdalena Carri\u00f3n su generosidad al compartir esta maravillosa colecci\u00f3n con Onil y todos los visitantes.\u201d<\/p>\n<script>function PlayerjsAsync(){} if(window[\"Playerjs\"]){PlayerjsAsync();}<\/script>","protected":false},"excerpt":{"rendered":"<p>El Museo de la Mu\u00f1eca de Onil ampl\u00eda su oferta expositiva con una muestra muy especial:&nbsp;una exposici\u00f3n dedicada a Nancy, la ic\u00f3nica mu\u00f1eca de FAMOSA, a trav\u00e9s de la extraordinaria colecci\u00f3n privada de&nbsp;Magdalena Carri\u00f3n, vecina de Onil y apasionada del mundo de las mu\u00f1ecas. La exposici\u00f3n re\u00fane&nbsp;alrededor de 200 mu\u00f1ecas ...<\/p>\n","protected":false},"author":2,"featured_media":16570,"comment_status":"closed","ping_status":"closed","sticky":false,"template":"","format":"standard","meta":{"_monsterinsights_skip_tracking":false,"_monsterinsights_sitenote_active":false,"_monsterinsights_sitenote_note":"","_monsterinsights_sitenote_category":0,"footnotes":""},"categories":[4],"tags":[133],"class_list":["post-16569","post","type-post","status-publish","format-standard","has-post-thumbnail","hentry","category-alicante","tag-onil"],"aioseo_notices":[],"_links":{"self":[{"href":"https:\/\/www.lafresca.fm\/fresca-api-json\/wp\/v2\/posts\/16569","targetHints":{"allow":["GET"]}}],"collection":[{"href":"https:\/\/www.lafresca.fm\/fresca-api-json\/wp\/v2\/posts"}],"about":[{"href":"https:\/\/www.lafresca.fm\/fresca-api-json\/wp\/v2\/types\/post"}],"author":[{"embeddable":true,"href":"https:\/\/www.lafresca.fm\/fresca-api-json\/wp\/v2\/users\/2"}],"replies":[{"embeddable":true,"href":"https:\/\/www.lafresca.fm\/fresca-api-json\/wp\/v2\/comments?post=16569"}],"version-history":[{"count":1,"href":"https:\/\/www.lafresca.fm\/fresca-api-json\/wp\/v2\/posts\/16569\/revisions"}],"predecessor-version":[{"id":16571,"href":"https:\/\/www.lafresca.fm\/fresca-api-json\/wp\/v2\/posts\/16569\/revisions\/16571"}],"wp:featuredmedia":[{"embeddable":true,"href":"https:\/\/www.lafresca.fm\/fresca-api-json\/wp\/v2\/media\/16570"}],"wp:attachment":[{"href":"https:\/\/www.lafresca.fm\/fresca-api-json\/wp\/v2\/media?parent=16569"}],"wp:term":[{"taxonomy":"category","embeddable":true,"href":"https:\/\/www.lafresca.fm\/fresca-api-json\/wp\/v2\/categories?post=16569"},{"taxonomy":"post_tag","embeddable":true,"href":"https:\/\/www.lafresca.fm\/fresca-api-json\/wp\/v2\/tags?post=16569"}],"curies":[{"name":"wp","href":"https:\/\/api.w.org\/{rel}","templated":true}]}}