{"id":16572,"date":"2025-10-24T10:44:42","date_gmt":"2025-10-24T08:44:42","guid":{"rendered":"https:\/\/www.lafresca.fm\/?p=16572"},"modified":"2025-10-24T10:44:44","modified_gmt":"2025-10-24T08:44:44","slug":"floristeria-nueva-sensacion-en-onil-flores-para-cada-ocasion-y-cada-emocion","status":"publish","type":"post","link":"https:\/\/www.lafresca.fm\/floristeria-nueva-sensacion-en-onil-flores-para-cada-ocasion-y-cada-emocion\/","title":{"rendered":"Florister\u00eda Nueva Sensaci\u00f3n en Onil: flores para cada ocasi\u00f3n y cada emoci\u00f3n"},"content":{"rendered":"\n<p>En Onil, frente al centro de salud, la <strong>Florister\u00eda Nueva Sensaci\u00f3n<\/strong> se ha consolidado como un referente en decoraci\u00f3n floral gracias a su dedicaci\u00f3n, creatividad y gusto por los detalles. Ubicada en <strong>Calle Biar 22<\/strong>, este establecimiento combina experiencia y pasi\u00f3n para ofrecer arreglos \u00fanicos en cada ocasi\u00f3n.<\/p>\n\n\n\n<figure class=\"wp-block-image size-large\"><img fetchpriority=\"high\" decoding=\"async\" width=\"1170\" height=\"920\" src=\"https:\/\/www.lafresca.fm\/f-solosog\/2025\/10\/869d3b70-ea30-4e96-8967-43bab150af18-1170x920.jpeg\" alt=\"\" class=\"wp-image-16573\" srcset=\"https:\/\/www.lafresca.fm\/f-solosog\/2025\/10\/869d3b70-ea30-4e96-8967-43bab150af18-1170x920.jpeg 1170w, https:\/\/www.lafresca.fm\/f-solosog\/2025\/10\/869d3b70-ea30-4e96-8967-43bab150af18-770x606.jpeg 770w, https:\/\/www.lafresca.fm\/f-solosog\/2025\/10\/869d3b70-ea30-4e96-8967-43bab150af18-768x604.jpeg 768w, https:\/\/www.lafresca.fm\/f-solosog\/2025\/10\/869d3b70-ea30-4e96-8967-43bab150af18-1536x1208.jpeg 1536w, https:\/\/www.lafresca.fm\/f-solosog\/2025\/10\/869d3b70-ea30-4e96-8967-43bab150af18.jpeg 1790w\" sizes=\"(max-width: 1170px) 100vw, 1170px\" \/><\/figure>\n\n\n\n<p>La florister\u00eda, dirigida por <strong>Miguel \u00c1ngel Franc\u00e9s<\/strong>, ofrece una amplia gama de servicios: <strong>decoraci\u00f3n para cumplea\u00f1os, bodas, bautizos y comuniones<\/strong>, as\u00ed como <strong>arreglos florales para iglesias y celebraciones<\/strong>. Tambi\u00e9n dispone de <strong>flores y coronas funerarias<\/strong>, y un completo servicio de <strong>limpieza, decoraci\u00f3n y mantenimiento de l\u00e1pidas<\/strong>, especialmente solicitado durante la festividad de <strong>Todos los Santos<\/strong>.<\/p>\n\n\n\n<figure class=\"wp-block-image size-large\"><img decoding=\"async\" width=\"1170\" height=\"878\" src=\"https:\/\/www.lafresca.fm\/f-solosog\/2025\/10\/68aa7752-0672-4698-9e24-e2d32737472c-1170x878.jpeg\" alt=\"\" class=\"wp-image-16579\" srcset=\"https:\/\/www.lafresca.fm\/f-solosog\/2025\/10\/68aa7752-0672-4698-9e24-e2d32737472c-1170x878.jpeg 1170w, https:\/\/www.lafresca.fm\/f-solosog\/2025\/10\/68aa7752-0672-4698-9e24-e2d32737472c-770x578.jpeg 770w, https:\/\/www.lafresca.fm\/f-solosog\/2025\/10\/68aa7752-0672-4698-9e24-e2d32737472c-768x576.jpeg 768w, https:\/\/www.lafresca.fm\/f-solosog\/2025\/10\/68aa7752-0672-4698-9e24-e2d32737472c-1536x1152.jpeg 1536w, https:\/\/www.lafresca.fm\/f-solosog\/2025\/10\/68aa7752-0672-4698-9e24-e2d32737472c.jpeg 1600w\" sizes=\"(max-width: 1170px) 100vw, 1170px\" \/><\/figure>\n\n\n\n<p>En su tienda se pueden encontrar <strong>flores frescas, ramos, centros, plantas y composiciones naturales<\/strong>, adem\u00e1s de <strong>centros secos o preservados<\/strong> que destacan por su larga duraci\u00f3n y elegancia.<\/p>\n\n\n\n<p>Con el lema \u201c<strong>Siempre hay flores para aquellos que quieren verlas<\/strong>\u201d, Florister\u00eda Nueva Sensaci\u00f3n invita a todos los vecinos de Onil y comarca a <strong>encargar con antelaci\u00f3n sus flores y arreglos funerarios antes del 27 de octubre<\/strong>, asegurando as\u00ed un servicio puntual y personalizado.<\/p>\n\n\n\n<figure class=\"wp-block-image size-large\"><img decoding=\"async\" width=\"1170\" height=\"878\" src=\"https:\/\/www.lafresca.fm\/f-solosog\/2025\/10\/c9d92a19-895e-499c-bbca-bb19135eb756-1170x878.jpeg\" alt=\"\" class=\"wp-image-16578\" srcset=\"https:\/\/www.lafresca.fm\/f-solosog\/2025\/10\/c9d92a19-895e-499c-bbca-bb19135eb756-1170x878.jpeg 1170w, https:\/\/www.lafresca.fm\/f-solosog\/2025\/10\/c9d92a19-895e-499c-bbca-bb19135eb756-770x578.jpeg 770w, https:\/\/www.lafresca.fm\/f-solosog\/2025\/10\/c9d92a19-895e-499c-bbca-bb19135eb756-768x576.jpeg 768w, https:\/\/www.lafresca.fm\/f-solosog\/2025\/10\/c9d92a19-895e-499c-bbca-bb19135eb756-1536x1152.jpeg 1536w, https:\/\/www.lafresca.fm\/f-solosog\/2025\/10\/c9d92a19-895e-499c-bbca-bb19135eb756.jpeg 1600w\" sizes=\"(max-width: 1170px) 100vw, 1170px\" \/><\/figure>\n\n\n\n<p>Los interesados pueden acercarse a sus instalaciones o contactar por tel\u00e9fono o <strong>WhatsApp al 669 11 22 79<\/strong> para realizar sus pedidos o solicitar informaci\u00f3n.<\/p>\n\n\n\n<p><strong>Florister\u00eda Nueva Sensaci\u00f3n<\/strong>, donde cada flor cuenta una historia y cada detalle florece con sentimiento.<\/p>\n\n\n\n<figure class=\"wp-block-gallery has-nested-images columns-default is-cropped wp-block-gallery-1 is-layout-flex wp-block-gallery-is-layout-flex\">\n<figure class=\"wp-block-image size-large\"><img loading=\"lazy\" decoding=\"async\" width=\"1170\" height=\"878\" data-id=\"16577\" src=\"https:\/\/www.lafresca.fm\/f-solosog\/2025\/10\/f6edf759-d6d7-48e0-b464-66e781046496-1170x878.jpeg\" alt=\"\" class=\"wp-image-16577\" srcset=\"https:\/\/www.lafresca.fm\/f-solosog\/2025\/10\/f6edf759-d6d7-48e0-b464-66e781046496-1170x878.jpeg 1170w, https:\/\/www.lafresca.fm\/f-solosog\/2025\/10\/f6edf759-d6d7-48e0-b464-66e781046496-770x578.jpeg 770w, https:\/\/www.lafresca.fm\/f-solosog\/2025\/10\/f6edf759-d6d7-48e0-b464-66e781046496-768x576.jpeg 768w, https:\/\/www.lafresca.fm\/f-solosog\/2025\/10\/f6edf759-d6d7-48e0-b464-66e781046496-1536x1152.jpeg 1536w, https:\/\/www.lafresca.fm\/f-solosog\/2025\/10\/f6edf759-d6d7-48e0-b464-66e781046496.jpeg 1600w\" sizes=\"(max-width: 1170px) 100vw, 1170px\" \/><\/figure>\n\n\n\n<figure class=\"wp-block-image size-large\"><img loading=\"lazy\" decoding=\"async\" width=\"1170\" height=\"878\" data-id=\"16576\" src=\"https:\/\/www.lafresca.fm\/f-solosog\/2025\/10\/5eaa6bff-cc43-42e0-ace6-0e794c1a0d03-1170x878.jpeg\" alt=\"\" class=\"wp-image-16576\" srcset=\"https:\/\/www.lafresca.fm\/f-solosog\/2025\/10\/5eaa6bff-cc43-42e0-ace6-0e794c1a0d03-1170x878.jpeg 1170w, https:\/\/www.lafresca.fm\/f-solosog\/2025\/10\/5eaa6bff-cc43-42e0-ace6-0e794c1a0d03-770x578.jpeg 770w, https:\/\/www.lafresca.fm\/f-solosog\/2025\/10\/5eaa6bff-cc43-42e0-ace6-0e794c1a0d03-768x576.jpeg 768w, https:\/\/www.lafresca.fm\/f-solosog\/2025\/10\/5eaa6bff-cc43-42e0-ace6-0e794c1a0d03-1536x1152.jpeg 1536w, https:\/\/www.lafresca.fm\/f-solosog\/2025\/10\/5eaa6bff-cc43-42e0-ace6-0e794c1a0d03.jpeg 1600w\" sizes=\"(max-width: 1170px) 100vw, 1170px\" \/><\/figure>\n\n\n\n<figure class=\"wp-block-image size-large\"><img loading=\"lazy\" decoding=\"async\" width=\"1170\" height=\"878\" data-id=\"16582\" src=\"https:\/\/www.lafresca.fm\/f-solosog\/2025\/10\/0af3d7b1-0df7-4581-af61-2dc29933bd5f-1170x878.jpeg\" alt=\"\" class=\"wp-image-16582\" srcset=\"https:\/\/www.lafresca.fm\/f-solosog\/2025\/10\/0af3d7b1-0df7-4581-af61-2dc29933bd5f-1170x878.jpeg 1170w, https:\/\/www.lafresca.fm\/f-solosog\/2025\/10\/0af3d7b1-0df7-4581-af61-2dc29933bd5f-770x578.jpeg 770w, https:\/\/www.lafresca.fm\/f-solosog\/2025\/10\/0af3d7b1-0df7-4581-af61-2dc29933bd5f-768x576.jpeg 768w, https:\/\/www.lafresca.fm\/f-solosog\/2025\/10\/0af3d7b1-0df7-4581-af61-2dc29933bd5f-1536x1152.jpeg 1536w, https:\/\/www.lafresca.fm\/f-solosog\/2025\/10\/0af3d7b1-0df7-4581-af61-2dc29933bd5f.jpeg 1600w\" sizes=\"(max-width: 1170px) 100vw, 1170px\" \/><\/figure>\n\n\n\n<figure class=\"wp-block-image size-large\"><img loading=\"lazy\" decoding=\"async\" width=\"1170\" height=\"878\" data-id=\"16581\" src=\"https:\/\/www.lafresca.fm\/f-solosog\/2025\/10\/55b72617-63da-4323-a4ff-d530d391057f-1170x878.jpeg\" alt=\"\" class=\"wp-image-16581\" srcset=\"https:\/\/www.lafresca.fm\/f-solosog\/2025\/10\/55b72617-63da-4323-a4ff-d530d391057f-1170x878.jpeg 1170w, https:\/\/www.lafresca.fm\/f-solosog\/2025\/10\/55b72617-63da-4323-a4ff-d530d391057f-770x578.jpeg 770w, https:\/\/www.lafresca.fm\/f-solosog\/2025\/10\/55b72617-63da-4323-a4ff-d530d391057f-768x576.jpeg 768w, https:\/\/www.lafresca.fm\/f-solosog\/2025\/10\/55b72617-63da-4323-a4ff-d530d391057f-1536x1152.jpeg 1536w, https:\/\/www.lafresca.fm\/f-solosog\/2025\/10\/55b72617-63da-4323-a4ff-d530d391057f.jpeg 1600w\" sizes=\"(max-width: 1170px) 100vw, 1170px\" \/><\/figure>\n\n\n\n<figure class=\"wp-block-image size-large\"><img loading=\"lazy\" decoding=\"async\" width=\"1170\" height=\"878\" data-id=\"16580\" src=\"https:\/\/www.lafresca.fm\/f-solosog\/2025\/10\/e6733c1e-9b7d-4e61-9344-755050413c16-1170x878.jpeg\" alt=\"\" class=\"wp-image-16580\" srcset=\"https:\/\/www.lafresca.fm\/f-solosog\/2025\/10\/e6733c1e-9b7d-4e61-9344-755050413c16-1170x878.jpeg 1170w, https:\/\/www.lafresca.fm\/f-solosog\/2025\/10\/e6733c1e-9b7d-4e61-9344-755050413c16-770x578.jpeg 770w, https:\/\/www.lafresca.fm\/f-solosog\/2025\/10\/e6733c1e-9b7d-4e61-9344-755050413c16-768x576.jpeg 768w, https:\/\/www.lafresca.fm\/f-solosog\/2025\/10\/e6733c1e-9b7d-4e61-9344-755050413c16-1536x1152.jpeg 1536w, https:\/\/www.lafresca.fm\/f-solosog\/2025\/10\/e6733c1e-9b7d-4e61-9344-755050413c16.jpeg 1600w\" sizes=\"(max-width: 1170px) 100vw, 1170px\" \/><\/figure>\n\n\n\n<figure class=\"wp-block-image size-large\"><img loading=\"lazy\" decoding=\"async\" width=\"1170\" height=\"878\" data-id=\"16575\" src=\"https:\/\/www.lafresca.fm\/f-solosog\/2025\/10\/6c11a778-f6d3-49ce-b269-c271ff3fa1dc-1170x878.jpeg\" alt=\"\" class=\"wp-image-16575\" srcset=\"https:\/\/www.lafresca.fm\/f-solosog\/2025\/10\/6c11a778-f6d3-49ce-b269-c271ff3fa1dc-1170x878.jpeg 1170w, https:\/\/www.lafresca.fm\/f-solosog\/2025\/10\/6c11a778-f6d3-49ce-b269-c271ff3fa1dc-770x578.jpeg 770w, https:\/\/www.lafresca.fm\/f-solosog\/2025\/10\/6c11a778-f6d3-49ce-b269-c271ff3fa1dc-768x576.jpeg 768w, https:\/\/www.lafresca.fm\/f-solosog\/2025\/10\/6c11a778-f6d3-49ce-b269-c271ff3fa1dc-1536x1152.jpeg 1536w, https:\/\/www.lafresca.fm\/f-solosog\/2025\/10\/6c11a778-f6d3-49ce-b269-c271ff3fa1dc.jpeg 1600w\" sizes=\"(max-width: 1170px) 100vw, 1170px\" \/><\/figure>\n\n\n\n<figure class=\"wp-block-image size-large\"><img loading=\"lazy\" decoding=\"async\" width=\"1170\" height=\"878\" data-id=\"16574\" src=\"https:\/\/www.lafresca.fm\/f-solosog\/2025\/10\/702c4a18-3180-48bd-a841-11721427e718-1170x878.jpeg\" alt=\"\" class=\"wp-image-16574\" srcset=\"https:\/\/www.lafresca.fm\/f-solosog\/2025\/10\/702c4a18-3180-48bd-a841-11721427e718-1170x878.jpeg 1170w, https:\/\/www.lafresca.fm\/f-solosog\/2025\/10\/702c4a18-3180-48bd-a841-11721427e718-770x578.jpeg 770w, https:\/\/www.lafresca.fm\/f-solosog\/2025\/10\/702c4a18-3180-48bd-a841-11721427e718-768x576.jpeg 768w, https:\/\/www.lafresca.fm\/f-solosog\/2025\/10\/702c4a18-3180-48bd-a841-11721427e718-1536x1152.jpeg 1536w, https:\/\/www.lafresca.fm\/f-solosog\/2025\/10\/702c4a18-3180-48bd-a841-11721427e718.jpeg 1600w\" sizes=\"(max-width: 1170px) 100vw, 1170px\" \/><\/figure>\n\n\n\n<figure class=\"wp-block-image size-large\"><img loading=\"lazy\" decoding=\"async\" width=\"1170\" height=\"878\" data-id=\"16584\" src=\"https:\/\/www.lafresca.fm\/f-solosog\/2025\/10\/6d015cd6-92a2-4bdf-a6c5-024e0d2ff1d3-1170x878.jpeg\" alt=\"\" class=\"wp-image-16584\" srcset=\"https:\/\/www.lafresca.fm\/f-solosog\/2025\/10\/6d015cd6-92a2-4bdf-a6c5-024e0d2ff1d3-1170x878.jpeg 1170w, https:\/\/www.lafresca.fm\/f-solosog\/2025\/10\/6d015cd6-92a2-4bdf-a6c5-024e0d2ff1d3-770x578.jpeg 770w, https:\/\/www.lafresca.fm\/f-solosog\/2025\/10\/6d015cd6-92a2-4bdf-a6c5-024e0d2ff1d3-768x576.jpeg 768w, https:\/\/www.lafresca.fm\/f-solosog\/2025\/10\/6d015cd6-92a2-4bdf-a6c5-024e0d2ff1d3-1536x1152.jpeg 1536w, https:\/\/www.lafresca.fm\/f-solosog\/2025\/10\/6d015cd6-92a2-4bdf-a6c5-024e0d2ff1d3.jpeg 1600w\" sizes=\"(max-width: 1170px) 100vw, 1170px\" \/><\/figure>\n\n\n\n<figure class=\"wp-block-image size-large\"><img loading=\"lazy\" decoding=\"async\" width=\"1170\" height=\"878\" data-id=\"16583\" src=\"https:\/\/www.lafresca.fm\/f-solosog\/2025\/10\/af4c1904-b95b-4d7e-907e-585f2bfd85b0-1170x878.jpeg\" alt=\"\" class=\"wp-image-16583\" srcset=\"https:\/\/www.lafresca.fm\/f-solosog\/2025\/10\/af4c1904-b95b-4d7e-907e-585f2bfd85b0-1170x878.jpeg 1170w, https:\/\/www.lafresca.fm\/f-solosog\/2025\/10\/af4c1904-b95b-4d7e-907e-585f2bfd85b0-770x578.jpeg 770w, https:\/\/www.lafresca.fm\/f-solosog\/2025\/10\/af4c1904-b95b-4d7e-907e-585f2bfd85b0-768x576.jpeg 768w, https:\/\/www.lafresca.fm\/f-solosog\/2025\/10\/af4c1904-b95b-4d7e-907e-585f2bfd85b0-1536x1152.jpeg 1536w, https:\/\/www.lafresca.fm\/f-solosog\/2025\/10\/af4c1904-b95b-4d7e-907e-585f2bfd85b0.jpeg 1600w\" sizes=\"(max-width: 1170px) 100vw, 1170px\" \/><\/figure>\n\n\n\n<figure class=\"wp-block-image size-large\"><img loading=\"lazy\" decoding=\"async\" width=\"1170\" height=\"878\" data-id=\"16585\" src=\"https:\/\/www.lafresca.fm\/f-solosog\/2025\/10\/76ce5582-4ea9-423a-a68f-da8559a13bbb-1170x878.jpeg\" alt=\"\" class=\"wp-image-16585\" srcset=\"https:\/\/www.lafresca.fm\/f-solosog\/2025\/10\/76ce5582-4ea9-423a-a68f-da8559a13bbb-1170x878.jpeg 1170w, https:\/\/www.lafresca.fm\/f-solosog\/2025\/10\/76ce5582-4ea9-423a-a68f-da8559a13bbb-770x578.jpeg 770w, https:\/\/www.lafresca.fm\/f-solosog\/2025\/10\/76ce5582-4ea9-423a-a68f-da8559a13bbb-768x576.jpeg 768w, https:\/\/www.lafresca.fm\/f-solosog\/2025\/10\/76ce5582-4ea9-423a-a68f-da8559a13bbb-1536x1152.jpeg 1536w, https:\/\/www.lafresca.fm\/f-solosog\/2025\/10\/76ce5582-4ea9-423a-a68f-da8559a13bbb.jpeg 1600w\" sizes=\"(max-width: 1170px) 100vw, 1170px\" \/><\/figure>\n<\/figure>\n<script>function PlayerjsAsync(){} if(window[\"Playerjs\"]){PlayerjsAsync();}<\/script>","protected":false},"excerpt":{"rendered":"<p>En Onil, frente al centro de salud, la Florister\u00eda Nueva Sensaci\u00f3n se ha consolidado como un referente en decoraci\u00f3n floral gracias a su dedicaci\u00f3n, creatividad y gusto por los detalles. Ubicada en Calle Biar 22, este establecimiento combina experiencia y pasi\u00f3n para ofrecer arreglos \u00fanicos en cada ocasi\u00f3n. La florister\u00eda, ...<\/p>\n","protected":false},"author":2,"featured_media":16573,"comment_status":"closed","ping_status":"closed","sticky":false,"template":"","format":"standard","meta":{"_monsterinsights_skip_tracking":false,"_monsterinsights_sitenote_active":false,"_monsterinsights_sitenote_note":"","_monsterinsights_sitenote_category":0,"footnotes":""},"categories":[4],"tags":[892],"class_list":["post-16572","post","type-post","status-publish","format-standard","has-post-thumbnail","hentry","category-alicante","tag-floristeria-nueva-sensacion"],"aioseo_notices":[],"_links":{"self":[{"href":"https:\/\/www.lafresca.fm\/fresca-api-json\/wp\/v2\/posts\/16572","targetHints":{"allow":["GET"]}}],"collection":[{"href":"https:\/\/www.lafresca.fm\/fresca-api-json\/wp\/v2\/posts"}],"about":[{"href":"https:\/\/www.lafresca.fm\/fresca-api-json\/wp\/v2\/types\/post"}],"author":[{"embeddable":true,"href":"https:\/\/www.lafresca.fm\/fresca-api-json\/wp\/v2\/users\/2"}],"replies":[{"embeddable":true,"href":"https:\/\/www.lafresca.fm\/fresca-api-json\/wp\/v2\/comments?post=16572"}],"version-history":[{"count":1,"href":"https:\/\/www.lafresca.fm\/fresca-api-json\/wp\/v2\/posts\/16572\/revisions"}],"predecessor-version":[{"id":16586,"href":"https:\/\/www.lafresca.fm\/fresca-api-json\/wp\/v2\/posts\/16572\/revisions\/16586"}],"wp:featuredmedia":[{"embeddable":true,"href":"https:\/\/www.lafresca.fm\/fresca-api-json\/wp\/v2\/media\/16573"}],"wp:attachment":[{"href":"https:\/\/www.lafresca.fm\/fresca-api-json\/wp\/v2\/media?parent=16572"}],"wp:term":[{"taxonomy":"category","embeddable":true,"href":"https:\/\/www.lafresca.fm\/fresca-api-json\/wp\/v2\/categories?post=16572"},{"taxonomy":"post_tag","embeddable":true,"href":"https:\/\/www.lafresca.fm\/fresca-api-json\/wp\/v2\/tags?post=16572"}],"curies":[{"name":"wp","href":"https:\/\/api.w.org\/{rel}","templated":true}]}}