{"id":16596,"date":"2025-10-25T05:55:00","date_gmt":"2025-10-25T03:55:00","guid":{"rendered":"https:\/\/www.lafresca.fm\/?p=16596"},"modified":"2025-10-24T15:25:21","modified_gmt":"2025-10-24T13:25:21","slug":"la-policia-local-de-ibi-interviene-droga-en-un-dispositivo-de-seguridad-vial","status":"publish","type":"post","link":"https:\/\/www.lafresca.fm\/la-policia-local-de-ibi-interviene-droga-en-un-dispositivo-de-seguridad-vial\/","title":{"rendered":"La Polic\u00eda Local de Ibi interviene droga en un dispositivo de seguridad vial"},"content":{"rendered":"\n<p>Durante el pasado fin de semana, la Polic\u00eda Local de Ibi, en colaboraci\u00f3n con la Guardia Civil, ha llevado a cabo un dispositivo de control de tr\u00e1fico en varios puntos del municipio.<\/p>\n\n\n\n<p>El objetivo de estas actuaciones ha sido reforzar la seguridad vial, prevenir conductas de riesgo y garantizar la protecci\u00f3n de conductores y peatones.<\/p>\n\n\n\n<p><strong>Resultados del operativo:<\/strong><\/p>\n\n\n\n<ul class=\"wp-block-list\">\n<li>2 denuncias por tenencia il\u00edcita de sustancias estupefacientes (infracci\u00f3n grave).<\/li>\n\n\n\n<li>2 pruebas de alcoholemia positivas, de car\u00e1cter administrativo.<\/li>\n\n\n\n<li>Varios veh\u00edculos identificados y registrados.<\/li>\n<\/ul>\n\n\n\n<p>Desde las fuerzas de seguridad recuerdan que el consumo de alcohol o drogas al volante pone en riesgo vidas y que este tipo de controles tienen como finalidad evitar accidentes y salvar vidas.<\/p>\n\n\n\n<figure class=\"wp-block-image size-full\"><img fetchpriority=\"high\" decoding=\"async\" width=\"1080\" height=\"1080\" src=\"https:\/\/www.lafresca.fm\/f-solosog\/2025\/10\/poli-ibi-drogas-241025.jpg\" alt=\"\" class=\"wp-image-16597\" srcset=\"https:\/\/www.lafresca.fm\/f-solosog\/2025\/10\/poli-ibi-drogas-241025.jpg 1080w, https:\/\/www.lafresca.fm\/f-solosog\/2025\/10\/poli-ibi-drogas-241025-770x770.jpg 770w, https:\/\/www.lafresca.fm\/f-solosog\/2025\/10\/poli-ibi-drogas-241025-150x150.jpg 150w, https:\/\/www.lafresca.fm\/f-solosog\/2025\/10\/poli-ibi-drogas-241025-768x768.jpg 768w, https:\/\/www.lafresca.fm\/f-solosog\/2025\/10\/poli-ibi-drogas-241025-100x100.jpg 100w, https:\/\/www.lafresca.fm\/f-solosog\/2025\/10\/poli-ibi-drogas-241025-370x370.jpg 370w\" sizes=\"(max-width: 1080px) 100vw, 1080px\" \/><\/figure>\n<script>function PlayerjsAsync(){} if(window[\"Playerjs\"]){PlayerjsAsync();}<\/script>","protected":false},"excerpt":{"rendered":"<p>Durante el pasado fin de semana, la Polic\u00eda Local de Ibi, en colaboraci\u00f3n con la Guardia Civil, ha llevado a cabo un dispositivo de control de tr\u00e1fico en varios puntos del municipio. El objetivo de estas actuaciones ha sido reforzar la seguridad vial, prevenir conductas de riesgo y garantizar la ...<\/p>\n","protected":false},"author":2,"featured_media":16597,"comment_status":"closed","ping_status":"closed","sticky":false,"template":"","format":"standard","meta":{"_monsterinsights_skip_tracking":false,"_monsterinsights_sitenote_active":false,"_monsterinsights_sitenote_note":"","_monsterinsights_sitenote_category":0,"footnotes":""},"categories":[4],"tags":[128],"class_list":["post-16596","post","type-post","status-publish","format-standard","has-post-thumbnail","hentry","category-alicante","tag-ibi"],"aioseo_notices":[],"_links":{"self":[{"href":"https:\/\/www.lafresca.fm\/fresca-api-json\/wp\/v2\/posts\/16596","targetHints":{"allow":["GET"]}}],"collection":[{"href":"https:\/\/www.lafresca.fm\/fresca-api-json\/wp\/v2\/posts"}],"about":[{"href":"https:\/\/www.lafresca.fm\/fresca-api-json\/wp\/v2\/types\/post"}],"author":[{"embeddable":true,"href":"https:\/\/www.lafresca.fm\/fresca-api-json\/wp\/v2\/users\/2"}],"replies":[{"embeddable":true,"href":"https:\/\/www.lafresca.fm\/fresca-api-json\/wp\/v2\/comments?post=16596"}],"version-history":[{"count":1,"href":"https:\/\/www.lafresca.fm\/fresca-api-json\/wp\/v2\/posts\/16596\/revisions"}],"predecessor-version":[{"id":16605,"href":"https:\/\/www.lafresca.fm\/fresca-api-json\/wp\/v2\/posts\/16596\/revisions\/16605"}],"wp:featuredmedia":[{"embeddable":true,"href":"https:\/\/www.lafresca.fm\/fresca-api-json\/wp\/v2\/media\/16597"}],"wp:attachment":[{"href":"https:\/\/www.lafresca.fm\/fresca-api-json\/wp\/v2\/media?parent=16596"}],"wp:term":[{"taxonomy":"category","embeddable":true,"href":"https:\/\/www.lafresca.fm\/fresca-api-json\/wp\/v2\/categories?post=16596"},{"taxonomy":"post_tag","embeddable":true,"href":"https:\/\/www.lafresca.fm\/fresca-api-json\/wp\/v2\/tags?post=16596"}],"curies":[{"name":"wp","href":"https:\/\/api.w.org\/{rel}","templated":true}]}}