{"id":16606,"date":"2025-10-24T16:24:23","date_gmt":"2025-10-24T14:24:23","guid":{"rendered":"https:\/\/www.lafresca.fm\/?p=16606"},"modified":"2025-10-24T16:29:29","modified_gmt":"2025-10-24T14:29:29","slug":"la-ibense-naira-marti-martinez-campeona-del-mundo-de-padel","status":"publish","type":"post","link":"https:\/\/www.lafresca.fm\/la-ibense-naira-marti-martinez-campeona-del-mundo-de-padel\/","title":{"rendered":"La ibense Naira Mart\u00ed Mart\u00ednez, campeona del mundo de P\u00e1del"},"content":{"rendered":"\n<p>La joven ibense <strong>Naira Mart\u00ed Mart\u00ednez<\/strong>, de <strong>13 a\u00f1os<\/strong> y estudiante de <strong>3\u00ba de ESO en el Colegio Salesianos de Ibi<\/strong>, se ha proclamado <strong>Campeona del Mundo de P\u00e1del<\/strong> con la <strong>Selecci\u00f3n Espa\u00f1ola<\/strong> en el <strong>Mundial de P\u00e1del de Menores<\/strong> celebrado en <strong>Reus<\/strong>.<\/p>\n\n\n\n<p>El torneo reuni\u00f3 a las <strong>35 mejores selecciones nacionales<\/strong> de los cuatro continentes \u2014\u00c1frica, Asia, Am\u00e9rica y Europa\u2014, convirti\u00e9ndose en una cita de m\u00e1xima exigencia deportiva.<\/p>\n\n\n\n<figure class=\"wp-block-image size-large is-resized\"><img fetchpriority=\"high\" decoding=\"async\" width=\"880\" height=\"1170\" src=\"https:\/\/www.lafresca.fm\/f-solosog\/2025\/10\/naira-880x1170.jpg\" alt=\"\" class=\"wp-image-16607\" style=\"width:675px;height:auto\" srcset=\"https:\/\/www.lafresca.fm\/f-solosog\/2025\/10\/naira-880x1170.jpg 880w, https:\/\/www.lafresca.fm\/f-solosog\/2025\/10\/naira-579x770.jpg 579w, https:\/\/www.lafresca.fm\/f-solosog\/2025\/10\/naira-768x1021.jpg 768w, https:\/\/www.lafresca.fm\/f-solosog\/2025\/10\/naira.jpg 1079w\" sizes=\"(max-width: 880px) 100vw, 880px\" \/><\/figure>\n\n\n\n<p>Junto a su compa\u00f1era <strong>Clara Alarc\u00f3n<\/strong>, procedente de Murcia, Naira represent\u00f3 a Espa\u00f1a en la <strong>categor\u00eda Sub14<\/strong>, donde demostr\u00f3 un nivel excepcional y una gran madurez en la pista.<\/p>\n\n\n\n<p>El equipo espa\u00f1ol se impuso con autoridad a <strong>Egipto, M\u00e9xico y Alemania<\/strong> en la fase de grupos. Posteriormente, superaron a <strong>Italia<\/strong> en cuartos de final y a <strong>Brasil<\/strong> en semifinales, antes de enfrentarse a <strong>Portugal<\/strong> en una emocionante final.<\/p>\n\n\n\n<p>Con un marcador contundente de <strong>6-1 \/\/ 6-3<\/strong>, las j\u00f3venes promesas espa\u00f1olas sellaron la victoria y otorgaron a Espa\u00f1a el t\u00edtulo de <strong>Campeona del Mundo<\/strong>.<\/p>\n\n\n\n<p>Un logro hist\u00f3rico para Naira Mart\u00ed Mart\u00ednez, que consolida su prometedora carrera deportiva y llena de orgullo a toda la poblaci\u00f3n ibense.<\/p>\n\n\n\n<figure class=\"wp-block-image size-full is-resized\"><img decoding=\"async\" width=\"1079\" height=\"776\" src=\"https:\/\/www.lafresca.fm\/f-solosog\/2025\/10\/naira-2.jpg\" alt=\"\" class=\"wp-image-16608\" style=\"width:683px;height:auto\" srcset=\"https:\/\/www.lafresca.fm\/f-solosog\/2025\/10\/naira-2.jpg 1079w, https:\/\/www.lafresca.fm\/f-solosog\/2025\/10\/naira-2-770x554.jpg 770w, https:\/\/www.lafresca.fm\/f-solosog\/2025\/10\/naira-2-768x552.jpg 768w\" sizes=\"(max-width: 1079px) 100vw, 1079px\" \/><\/figure>\n<script>function PlayerjsAsync(){} if(window[\"Playerjs\"]){PlayerjsAsync();}<\/script>","protected":false},"excerpt":{"rendered":"<p>La joven ibense Naira Mart\u00ed Mart\u00ednez, de 13 a\u00f1os y estudiante de 3\u00ba de ESO en el Colegio Salesianos de Ibi, se ha proclamado Campeona del Mundo de P\u00e1del con la Selecci\u00f3n Espa\u00f1ola en el Mundial de P\u00e1del de Menores celebrado en Reus. El torneo reuni\u00f3 a las 35 mejores ...<\/p>\n","protected":false},"author":2,"featured_media":16607,"comment_status":"closed","ping_status":"closed","sticky":false,"template":"","format":"standard","meta":{"_monsterinsights_skip_tracking":false,"_monsterinsights_sitenote_active":false,"_monsterinsights_sitenote_note":"","_monsterinsights_sitenote_category":0,"footnotes":""},"categories":[4],"tags":[128],"class_list":["post-16606","post","type-post","status-publish","format-standard","has-post-thumbnail","hentry","category-alicante","tag-ibi"],"aioseo_notices":[],"_links":{"self":[{"href":"https:\/\/www.lafresca.fm\/fresca-api-json\/wp\/v2\/posts\/16606","targetHints":{"allow":["GET"]}}],"collection":[{"href":"https:\/\/www.lafresca.fm\/fresca-api-json\/wp\/v2\/posts"}],"about":[{"href":"https:\/\/www.lafresca.fm\/fresca-api-json\/wp\/v2\/types\/post"}],"author":[{"embeddable":true,"href":"https:\/\/www.lafresca.fm\/fresca-api-json\/wp\/v2\/users\/2"}],"replies":[{"embeddable":true,"href":"https:\/\/www.lafresca.fm\/fresca-api-json\/wp\/v2\/comments?post=16606"}],"version-history":[{"count":3,"href":"https:\/\/www.lafresca.fm\/fresca-api-json\/wp\/v2\/posts\/16606\/revisions"}],"predecessor-version":[{"id":16611,"href":"https:\/\/www.lafresca.fm\/fresca-api-json\/wp\/v2\/posts\/16606\/revisions\/16611"}],"wp:featuredmedia":[{"embeddable":true,"href":"https:\/\/www.lafresca.fm\/fresca-api-json\/wp\/v2\/media\/16607"}],"wp:attachment":[{"href":"https:\/\/www.lafresca.fm\/fresca-api-json\/wp\/v2\/media?parent=16606"}],"wp:term":[{"taxonomy":"category","embeddable":true,"href":"https:\/\/www.lafresca.fm\/fresca-api-json\/wp\/v2\/categories?post=16606"},{"taxonomy":"post_tag","embeddable":true,"href":"https:\/\/www.lafresca.fm\/fresca-api-json\/wp\/v2\/tags?post=16606"}],"curies":[{"name":"wp","href":"https:\/\/api.w.org\/{rel}","templated":true}]}}