{"id":16612,"date":"2025-10-26T04:35:00","date_gmt":"2025-10-26T03:35:00","guid":{"rendered":"https:\/\/www.lafresca.fm\/?p=16612"},"modified":"2025-10-24T16:38:03","modified_gmt":"2025-10-24T14:38:03","slug":"de-ibi-a-costa-rica-la-ibense-mapi-moron-afronta-un-reto-epico-de-superacion-contra-el-cancer","status":"publish","type":"post","link":"https:\/\/www.lafresca.fm\/de-ibi-a-costa-rica-la-ibense-mapi-moron-afronta-un-reto-epico-de-superacion-contra-el-cancer\/","title":{"rendered":"De Ibi a Costa Rica: La Ibense Mapi Mor\u00f3n afronta un reto \u00e9pico de superaci\u00f3n contra el C\u00e1ncer"},"content":{"rendered":"\n<p>La ibense <strong>Mapi Mor\u00f3n<\/strong>, vecina de Ibi y valiente superviviente de c\u00e1ncer, afronta estos d\u00edas un desaf\u00edo \u00fanico y cargado de simbolismo: <strong>participar en la 10\u00aa edici\u00f3n del Reto Pelayo Vida<\/strong>, una aventura que re\u00fane a cinco mujeres que han vencido al c\u00e1ncer para recorrer <strong>Costa Rica de costa a costa<\/strong>.<\/p>\n\n\n\n<figure class=\"wp-block-image size-large is-resized\"><img fetchpriority=\"high\" decoding=\"async\" width=\"1170\" height=\"878\" src=\"https:\/\/www.lafresca.fm\/f-solosog\/2025\/10\/mapi-1170x878.jpg\" alt=\"\" class=\"wp-image-16613\" style=\"width:779px;height:auto\" srcset=\"https:\/\/www.lafresca.fm\/f-solosog\/2025\/10\/mapi-1170x878.jpg 1170w, https:\/\/www.lafresca.fm\/f-solosog\/2025\/10\/mapi-770x578.jpg 770w, https:\/\/www.lafresca.fm\/f-solosog\/2025\/10\/mapi-768x576.jpg 768w, https:\/\/www.lafresca.fm\/f-solosog\/2025\/10\/mapi-1536x1152.jpg 1536w, https:\/\/www.lafresca.fm\/f-solosog\/2025\/10\/mapi.jpg 2016w\" sizes=\"(max-width: 1170px) 100vw, 1170px\" \/><\/figure>\n\n\n\n<p>El recorrido, de car\u00e1cter extremo, combina <strong>mountain bike, senderismo, rafting y kayak<\/strong>, poniendo a prueba la resistencia f\u00edsica y emocional de las participantes. Pero m\u00e1s all\u00e1 del esfuerzo deportivo, este reto se ha convertido en <strong>un s\u00edmbolo de esperanza, fuerza y superaci\u00f3n<\/strong>, un mensaje claro de que la vida contin\u00faa y que las limitaciones pueden romperse.<\/p>\n\n\n\n<p>Antes de partir, <strong>Mapi visit\u00f3 el Ayuntamiento de Ibi<\/strong>, donde fue recibida por el alcalde, <strong>Sergio Carrasco<\/strong>, quien le entreg\u00f3 la <strong>bandera de Ibi<\/strong>. Este gesto representa el apoyo y el orgullo de todo el municipio, una bandera que Mapi llevar\u00e1 consigo durante la traves\u00eda como s\u00edmbolo de su pueblo y su historia de superaci\u00f3n.<\/p>\n\n\n\n<figure class=\"wp-block-image size-large is-resized\"><img decoding=\"async\" width=\"1170\" height=\"878\" src=\"https:\/\/www.lafresca.fm\/f-solosog\/2025\/10\/mapi-2-1170x878.jpg\" alt=\"\" class=\"wp-image-16614\" style=\"width:783px;height:auto\" srcset=\"https:\/\/www.lafresca.fm\/f-solosog\/2025\/10\/mapi-2-1170x878.jpg 1170w, https:\/\/www.lafresca.fm\/f-solosog\/2025\/10\/mapi-2-770x578.jpg 770w, https:\/\/www.lafresca.fm\/f-solosog\/2025\/10\/mapi-2-768x576.jpg 768w, https:\/\/www.lafresca.fm\/f-solosog\/2025\/10\/mapi-2-1536x1152.jpg 1536w, https:\/\/www.lafresca.fm\/f-solosog\/2025\/10\/mapi-2.jpg 1600w\" sizes=\"(max-width: 1170px) 100vw, 1170px\" \/><\/figure>\n\n\n\n<p>El Reto Pelayo Vida no solo busca visibilizar la recuperaci\u00f3n y el coraje tras el c\u00e1ncer, sino tambi\u00e9n dejar huella mediante <strong>la creaci\u00f3n de un documental<\/strong> que recoger\u00e1 la experiencia y el testimonio de las participantes, amplificando el impacto y la inspiraci\u00f3n que este proyecto genera.<\/p>\n<script>function PlayerjsAsync(){} if(window[\"Playerjs\"]){PlayerjsAsync();}<\/script>","protected":false},"excerpt":{"rendered":"<p>La ibense Mapi Mor\u00f3n, vecina de Ibi y valiente superviviente de c\u00e1ncer, afronta estos d\u00edas un desaf\u00edo \u00fanico y cargado de simbolismo: participar en la 10\u00aa edici\u00f3n del Reto Pelayo Vida, una aventura que re\u00fane a cinco mujeres que han vencido al c\u00e1ncer para recorrer Costa Rica de costa a ...<\/p>\n","protected":false},"author":2,"featured_media":16614,"comment_status":"closed","ping_status":"closed","sticky":false,"template":"","format":"standard","meta":{"_monsterinsights_skip_tracking":false,"_monsterinsights_sitenote_active":false,"_monsterinsights_sitenote_note":"","_monsterinsights_sitenote_category":0,"footnotes":""},"categories":[4],"tags":[],"class_list":["post-16612","post","type-post","status-publish","format-standard","has-post-thumbnail","hentry","category-alicante"],"aioseo_notices":[],"_links":{"self":[{"href":"https:\/\/www.lafresca.fm\/fresca-api-json\/wp\/v2\/posts\/16612","targetHints":{"allow":["GET"]}}],"collection":[{"href":"https:\/\/www.lafresca.fm\/fresca-api-json\/wp\/v2\/posts"}],"about":[{"href":"https:\/\/www.lafresca.fm\/fresca-api-json\/wp\/v2\/types\/post"}],"author":[{"embeddable":true,"href":"https:\/\/www.lafresca.fm\/fresca-api-json\/wp\/v2\/users\/2"}],"replies":[{"embeddable":true,"href":"https:\/\/www.lafresca.fm\/fresca-api-json\/wp\/v2\/comments?post=16612"}],"version-history":[{"count":1,"href":"https:\/\/www.lafresca.fm\/fresca-api-json\/wp\/v2\/posts\/16612\/revisions"}],"predecessor-version":[{"id":16615,"href":"https:\/\/www.lafresca.fm\/fresca-api-json\/wp\/v2\/posts\/16612\/revisions\/16615"}],"wp:featuredmedia":[{"embeddable":true,"href":"https:\/\/www.lafresca.fm\/fresca-api-json\/wp\/v2\/media\/16614"}],"wp:attachment":[{"href":"https:\/\/www.lafresca.fm\/fresca-api-json\/wp\/v2\/media?parent=16612"}],"wp:term":[{"taxonomy":"category","embeddable":true,"href":"https:\/\/www.lafresca.fm\/fresca-api-json\/wp\/v2\/categories?post=16612"},{"taxonomy":"post_tag","embeddable":true,"href":"https:\/\/www.lafresca.fm\/fresca-api-json\/wp\/v2\/tags?post=16612"}],"curies":[{"name":"wp","href":"https:\/\/api.w.org\/{rel}","templated":true}]}}