{"id":16669,"date":"2025-10-31T11:24:02","date_gmt":"2025-10-31T10:24:02","guid":{"rendered":"https:\/\/www.lafresca.fm\/?p=16669"},"modified":"2025-10-31T11:24:03","modified_gmt":"2025-10-31T10:24:03","slug":"exito-ibense-martina-valero-ruiz-triunfa-en-el-campeonato-de-espana-de-gimnasia-ritmica","status":"publish","type":"post","link":"https:\/\/www.lafresca.fm\/exito-ibense-martina-valero-ruiz-triunfa-en-el-campeonato-de-espana-de-gimnasia-ritmica\/","title":{"rendered":"\u00c9xito ibense: Martina Valero Ruiz triunfa en el Campeonato de Espa\u00f1a de Gimnasia R\u00edtmica"},"content":{"rendered":"\n<p>La joven gimnasta ibense <strong>Martina Valero Ruiz<\/strong> se ha proclamado <strong>Campeona de Espa\u00f1a con el aparato de pelota<\/strong> en el <em>Campeonato de Espa\u00f1a de Equipos Absoluto Iberdrola<\/em>, celebrado en el Palacio de Deportes de Santander.<\/p>\n\n\n\n<figure class=\"wp-block-image size-large\"><img fetchpriority=\"high\" decoding=\"async\" width=\"1170\" height=\"878\" src=\"https:\/\/www.lafresca.fm\/f-solosog\/2025\/10\/574903093_1298584202308975_6347055104148358958_n-1170x878.jpg\" alt=\"\" class=\"wp-image-16670\" srcset=\"https:\/\/www.lafresca.fm\/f-solosog\/2025\/10\/574903093_1298584202308975_6347055104148358958_n-1170x878.jpg 1170w, https:\/\/www.lafresca.fm\/f-solosog\/2025\/10\/574903093_1298584202308975_6347055104148358958_n-770x578.jpg 770w, https:\/\/www.lafresca.fm\/f-solosog\/2025\/10\/574903093_1298584202308975_6347055104148358958_n-768x576.jpg 768w, https:\/\/www.lafresca.fm\/f-solosog\/2025\/10\/574903093_1298584202308975_6347055104148358958_n-1536x1152.jpg 1536w, https:\/\/www.lafresca.fm\/f-solosog\/2025\/10\/574903093_1298584202308975_6347055104148358958_n.jpg 2016w\" sizes=\"(max-width: 1170px) 100vw, 1170px\" \/><\/figure>\n\n\n\n<p>Martina brill\u00f3 con un ejercicio lleno de elegancia, fuerza y precisi\u00f3n, obteniendo la mejor puntuaci\u00f3n entre 48 participantes en la categor\u00eda j\u00fanior absoluto. Adem\u00e1s, consigui\u00f3 una destacada <strong>cuarta posici\u00f3n en la clasificaci\u00f3n general<\/strong>, logrando el <strong>Diploma Nacional<\/strong> entre 110 clubes procedentes de toda Espa\u00f1a y m\u00e1s de 500 gimnastas.<\/p>\n\n\n\n<p>El <strong>Ayuntamiento de Ibi<\/strong> ha querido reconocer su trayectoria y logros deportivos con un gesto simb\u00f3lico de felicitaci\u00f3n, destacando su esfuerzo, constancia y los valores que representa.<\/p>\n\n\n\n<p>Este \u00e9xito es fruto de su <strong>trabajo diario y dedicaci\u00f3n<\/strong>, entrenando una media de cinco horas al d\u00eda en el <em>Club de Gimnasia R\u00edtmica Jennifer Colino<\/em> de Torrevieja.<\/p>\n\n\n\n<figure class=\"wp-block-image size-large\"><img decoding=\"async\" width=\"1170\" height=\"878\" src=\"https:\/\/www.lafresca.fm\/f-solosog\/2025\/10\/574468801_1298583952309000_7211021523535852034_n-1170x878.jpg\" alt=\"\" class=\"wp-image-16671\" srcset=\"https:\/\/www.lafresca.fm\/f-solosog\/2025\/10\/574468801_1298583952309000_7211021523535852034_n-1170x878.jpg 1170w, https:\/\/www.lafresca.fm\/f-solosog\/2025\/10\/574468801_1298583952309000_7211021523535852034_n-770x578.jpg 770w, https:\/\/www.lafresca.fm\/f-solosog\/2025\/10\/574468801_1298583952309000_7211021523535852034_n-768x576.jpg 768w, https:\/\/www.lafresca.fm\/f-solosog\/2025\/10\/574468801_1298583952309000_7211021523535852034_n-1536x1152.jpg 1536w, https:\/\/www.lafresca.fm\/f-solosog\/2025\/10\/574468801_1298583952309000_7211021523535852034_n.jpg 2016w\" sizes=\"(max-width: 1170px) 100vw, 1170px\" \/><\/figure>\n\n\n\n<figure class=\"wp-block-image size-large\"><img decoding=\"async\" width=\"873\" height=\"1170\" src=\"https:\/\/www.lafresca.fm\/f-solosog\/2025\/10\/573881592_1298591665641562_2416552696350632515_n-873x1170.jpg\" alt=\"\" class=\"wp-image-16672\" srcset=\"https:\/\/www.lafresca.fm\/f-solosog\/2025\/10\/573881592_1298591665641562_2416552696350632515_n-873x1170.jpg 873w, https:\/\/www.lafresca.fm\/f-solosog\/2025\/10\/573881592_1298591665641562_2416552696350632515_n-574x770.jpg 574w, https:\/\/www.lafresca.fm\/f-solosog\/2025\/10\/573881592_1298591665641562_2416552696350632515_n-768x1029.jpg 768w, https:\/\/www.lafresca.fm\/f-solosog\/2025\/10\/573881592_1298591665641562_2416552696350632515_n-1146x1536.jpg 1146w, https:\/\/www.lafresca.fm\/f-solosog\/2025\/10\/573881592_1298591665641562_2416552696350632515_n.jpg 1504w\" sizes=\"(max-width: 873px) 100vw, 873px\" \/><\/figure>\n<script>function PlayerjsAsync(){} if(window[\"Playerjs\"]){PlayerjsAsync();}<\/script>","protected":false},"excerpt":{"rendered":"<p>La joven gimnasta ibense Martina Valero Ruiz se ha proclamado Campeona de Espa\u00f1a con el aparato de pelota en el Campeonato de Espa\u00f1a de Equipos Absoluto Iberdrola, celebrado en el Palacio de Deportes de Santander. Martina brill\u00f3 con un ejercicio lleno de elegancia, fuerza y precisi\u00f3n, obteniendo la mejor puntuaci\u00f3n ...<\/p>\n","protected":false},"author":2,"featured_media":16670,"comment_status":"closed","ping_status":"closed","sticky":false,"template":"","format":"standard","meta":{"_monsterinsights_skip_tracking":false,"_monsterinsights_sitenote_active":false,"_monsterinsights_sitenote_note":"","_monsterinsights_sitenote_category":0,"footnotes":""},"categories":[4],"tags":[128,896],"class_list":["post-16669","post","type-post","status-publish","format-standard","has-post-thumbnail","hentry","category-alicante","tag-ibi","tag-martina-valero"],"aioseo_notices":[],"_links":{"self":[{"href":"https:\/\/www.lafresca.fm\/fresca-api-json\/wp\/v2\/posts\/16669","targetHints":{"allow":["GET"]}}],"collection":[{"href":"https:\/\/www.lafresca.fm\/fresca-api-json\/wp\/v2\/posts"}],"about":[{"href":"https:\/\/www.lafresca.fm\/fresca-api-json\/wp\/v2\/types\/post"}],"author":[{"embeddable":true,"href":"https:\/\/www.lafresca.fm\/fresca-api-json\/wp\/v2\/users\/2"}],"replies":[{"embeddable":true,"href":"https:\/\/www.lafresca.fm\/fresca-api-json\/wp\/v2\/comments?post=16669"}],"version-history":[{"count":1,"href":"https:\/\/www.lafresca.fm\/fresca-api-json\/wp\/v2\/posts\/16669\/revisions"}],"predecessor-version":[{"id":16673,"href":"https:\/\/www.lafresca.fm\/fresca-api-json\/wp\/v2\/posts\/16669\/revisions\/16673"}],"wp:featuredmedia":[{"embeddable":true,"href":"https:\/\/www.lafresca.fm\/fresca-api-json\/wp\/v2\/media\/16670"}],"wp:attachment":[{"href":"https:\/\/www.lafresca.fm\/fresca-api-json\/wp\/v2\/media?parent=16669"}],"wp:term":[{"taxonomy":"category","embeddable":true,"href":"https:\/\/www.lafresca.fm\/fresca-api-json\/wp\/v2\/categories?post=16669"},{"taxonomy":"post_tag","embeddable":true,"href":"https:\/\/www.lafresca.fm\/fresca-api-json\/wp\/v2\/tags?post=16669"}],"curies":[{"name":"wp","href":"https:\/\/api.w.org\/{rel}","templated":true}]}}