{"id":16692,"date":"2025-11-03T10:40:39","date_gmt":"2025-11-03T09:40:39","guid":{"rendered":"https:\/\/www.lafresca.fm\/?p=16692"},"modified":"2025-11-03T10:40:40","modified_gmt":"2025-11-03T09:40:40","slug":"tibi-castalla-y-onil-se-unen-en-la-xxv-peregrinacion-al-nostre-senyor-robat-que-se-celebra-el-23-de-noviembre","status":"publish","type":"post","link":"https:\/\/www.lafresca.fm\/tibi-castalla-y-onil-se-unen-en-la-xxv-peregrinacion-al-nostre-senyor-robat-que-se-celebra-el-23-de-noviembre\/","title":{"rendered":"Tibi, Castalla y Onil se unen en la XXV Peregrinaci\u00f3n al Nostre Senyor Robat que se celebra el 23 de noviembre"},"content":{"rendered":"\n<p>El pr\u00f3ximo\u00a0<strong class=\"\">domingo 23 de noviembre de 2025<\/strong>\u00a0tendr\u00e1 lugar la\u00a0<strong class=\"\">XXV Peregrinaci\u00f3n a Nostre Senyor Robat<\/strong>, una cita ya tradicional que une a las localidades de\u00a0<strong class=\"\">Tibi, Castalla y Onil<\/strong>\u00a0en una jornada de fe, convivencia y tradici\u00f3n compartida.<\/p>\n\n\n\n<p>El evento, organizado por&nbsp;<strong class=\"\">Escaparate<\/strong>, junto a los ayuntamientos de&nbsp;<strong class=\"\">Tibi y Onil<\/strong>, cuenta con la colaboraci\u00f3n del&nbsp;<strong class=\"\">Ayuntamiento de Castalla<\/strong>, las parroquias de las tres localidades y diversos medios y entidades comarcales.<\/p>\n\n\n\n<h3 class=\"wp-block-heading\">Programa de la jornada<\/h3>\n\n\n\n<p>La salida en autob\u00fas hacia Tibi ser\u00e1 a las&nbsp;<strong class=\"\">7:00 horas<\/strong>&nbsp;desde la&nbsp;<strong class=\"\">Avenida de La Paz de Onil<\/strong>, frente al Museo de la Mu\u00f1eca. A la llegada, en torno a las&nbsp;<strong class=\"\">8:00 horas<\/strong>, se celebrar\u00e1 la tradicional&nbsp;<strong class=\"\">bendici\u00f3n de peregrinos y chocolatada<\/strong>.<\/p>\n\n\n\n<p>La marcha comenzar\u00e1 oficialmente a las&nbsp;<strong class=\"\">8:15 horas<\/strong>&nbsp;desde la&nbsp;<strong class=\"\">Plaza de Espa\u00f1a de Tibi<\/strong>, con parada en Castalla (11:30 h aprox.) y llegada prevista a Onil sobre las&nbsp;<strong class=\"\">13:00 horas<\/strong>, donde se recibir\u00e1 a los peregrinos a las puertas de la iglesia parroquial. Posteriormente, tendr\u00e1 lugar un&nbsp;<strong class=\"\">refrigerio en el Palacio Municipal de Onil<\/strong>.<\/p>\n\n\n\n<h3 class=\"wp-block-heading\">Inscripciones y precios<\/h3>\n\n\n\n<p>Las inscripciones estar\u00e1n abiertas hasta el&nbsp;<strong class=\"\">19 de noviembre<\/strong>, con plazas limitadas.<\/p>\n\n\n\n<ul class=\"wp-block-list\">\n<li><strong class=\"\">Adultos:<\/strong>\u00a08 euros<\/li>\n\n\n\n<li><strong class=\"\">Ni\u00f1os (hasta 12 a\u00f1os):<\/strong>\u00a05 euros<\/li>\n<\/ul>\n\n\n\n<p>El precio incluye el servicio de autob\u00fas hasta Tibi,&nbsp;<strong class=\"\">pa\u00f1uelo conmemorativo<\/strong>,&nbsp;<strong class=\"\">chocolatada<\/strong>&nbsp;y&nbsp;<strong class=\"\">refrigerio final<\/strong>.<\/p>\n\n\n\n<p>Puntos de inscripci\u00f3n:<\/p>\n\n\n\n<ul class=\"wp-block-list\">\n<li>En Onil: Col\u00e1s-L\u00f3pez Asesores y Halc\u00f3n Viajes<\/li>\n\n\n\n<li>En Tibi: La Tenda de Tibi<\/li>\n\n\n\n<li>En Castalla: Tourist InfoEn Ibi: Peri\u00f3dico Escaparate<\/li>\n<\/ul>\n\n\n\n<h3 class=\"wp-block-heading\">Una tradici\u00f3n viva<\/h3>\n\n\n\n<p>La peregrinaci\u00f3n a Nostre Senyor Robat es una manifestaci\u00f3n de&nbsp;<strong class=\"\">devoci\u00f3n popular y uni\u00f3n comarcal<\/strong>&nbsp;que, a\u00f1o tras a\u00f1o, congrega a centenares de vecinos en una experiencia que combina espiritualidad, historia y hermandad.<\/p>\n\n\n\n<figure class=\"wp-block-image size-large\"><img fetchpriority=\"high\" decoding=\"async\" width=\"877\" height=\"1170\" src=\"https:\/\/www.lafresca.fm\/f-solosog\/2025\/11\/thumbnail_anuncisenyor-robat-877x1170.jpg\" alt=\"\" class=\"wp-image-16693\" srcset=\"https:\/\/www.lafresca.fm\/f-solosog\/2025\/11\/thumbnail_anuncisenyor-robat-877x1170.jpg 877w, https:\/\/www.lafresca.fm\/f-solosog\/2025\/11\/thumbnail_anuncisenyor-robat-577x770.jpg 577w, https:\/\/www.lafresca.fm\/f-solosog\/2025\/11\/thumbnail_anuncisenyor-robat-768x1024.jpg 768w, https:\/\/www.lafresca.fm\/f-solosog\/2025\/11\/thumbnail_anuncisenyor-robat-1152x1536.jpg 1152w, https:\/\/www.lafresca.fm\/f-solosog\/2025\/11\/thumbnail_anuncisenyor-robat-1535x2048.jpg 1535w, https:\/\/www.lafresca.fm\/f-solosog\/2025\/11\/thumbnail_anuncisenyor-robat.jpg 1920w\" sizes=\"(max-width: 877px) 100vw, 877px\" \/><\/figure>\n<script>function PlayerjsAsync(){} if(window[\"Playerjs\"]){PlayerjsAsync();}<\/script>","protected":false},"excerpt":{"rendered":"<p>El pr\u00f3ximo\u00a0domingo 23 de noviembre de 2025\u00a0tendr\u00e1 lugar la\u00a0XXV Peregrinaci\u00f3n a Nostre Senyor Robat, una cita ya tradicional que une a las localidades de\u00a0Tibi, Castalla y Onil\u00a0en una jornada de fe, convivencia y tradici\u00f3n compartida. El evento, organizado por&nbsp;Escaparate, junto a los ayuntamientos de&nbsp;Tibi y Onil, cuenta con la colaboraci\u00f3n ...<\/p>\n","protected":false},"author":2,"featured_media":16693,"comment_status":"closed","ping_status":"closed","sticky":false,"template":"","format":"standard","meta":{"_monsterinsights_skip_tracking":false,"_monsterinsights_sitenote_active":false,"_monsterinsights_sitenote_note":"","_monsterinsights_sitenote_category":0,"footnotes":""},"categories":[4],"tags":[],"class_list":["post-16692","post","type-post","status-publish","format-standard","has-post-thumbnail","hentry","category-alicante"],"aioseo_notices":[],"_links":{"self":[{"href":"https:\/\/www.lafresca.fm\/fresca-api-json\/wp\/v2\/posts\/16692","targetHints":{"allow":["GET"]}}],"collection":[{"href":"https:\/\/www.lafresca.fm\/fresca-api-json\/wp\/v2\/posts"}],"about":[{"href":"https:\/\/www.lafresca.fm\/fresca-api-json\/wp\/v2\/types\/post"}],"author":[{"embeddable":true,"href":"https:\/\/www.lafresca.fm\/fresca-api-json\/wp\/v2\/users\/2"}],"replies":[{"embeddable":true,"href":"https:\/\/www.lafresca.fm\/fresca-api-json\/wp\/v2\/comments?post=16692"}],"version-history":[{"count":1,"href":"https:\/\/www.lafresca.fm\/fresca-api-json\/wp\/v2\/posts\/16692\/revisions"}],"predecessor-version":[{"id":16694,"href":"https:\/\/www.lafresca.fm\/fresca-api-json\/wp\/v2\/posts\/16692\/revisions\/16694"}],"wp:featuredmedia":[{"embeddable":true,"href":"https:\/\/www.lafresca.fm\/fresca-api-json\/wp\/v2\/media\/16693"}],"wp:attachment":[{"href":"https:\/\/www.lafresca.fm\/fresca-api-json\/wp\/v2\/media?parent=16692"}],"wp:term":[{"taxonomy":"category","embeddable":true,"href":"https:\/\/www.lafresca.fm\/fresca-api-json\/wp\/v2\/categories?post=16692"},{"taxonomy":"post_tag","embeddable":true,"href":"https:\/\/www.lafresca.fm\/fresca-api-json\/wp\/v2\/tags?post=16692"}],"curies":[{"name":"wp","href":"https:\/\/api.w.org\/{rel}","templated":true}]}}