{"id":16698,"date":"2025-11-04T11:54:37","date_gmt":"2025-11-04T10:54:37","guid":{"rendered":"https:\/\/www.lafresca.fm\/?p=16698"},"modified":"2025-11-04T11:54:39","modified_gmt":"2025-11-04T10:54:39","slug":"el-ayuntamiento-de-onil-paraliza-la-obra-del-posit-por-incumplimiento-de-plazos-para-evitar-un-dano-irreversible-en-el-proceso","status":"publish","type":"post","link":"https:\/\/www.lafresca.fm\/el-ayuntamiento-de-onil-paraliza-la-obra-del-posit-por-incumplimiento-de-plazos-para-evitar-un-dano-irreversible-en-el-proceso\/","title":{"rendered":"El Ayuntamiento de Onil paraliza la obra del P\u00f2sit por incumplimiento de plazos para evitar un da\u00f1o irreversible en el proceso"},"content":{"rendered":"\n<p>El Ayuntamiento de Onil ha acordado paralizar las obras de rehabilitaci\u00f3n del hist\u00f3rico edificio del P\u00f2sit ante el incumplimiento de los plazos establecidos por la empresa adjudicataria. Hasta el momento, solo se ha completado un 10% de la fase de rehabilitaci\u00f3n, cuando deber\u00eda haberse alcanzado aproximadamente el 40%.<\/p>\n\n\n\n<p>El punto ha sido llevado hoy a un <strong>pleno extraordinario<\/strong> celebrado a las 8 de la ma\u00f1ana, donde se ha aprobado la paralizaci\u00f3n de las obras <strong>antes de que el proceso sea irreversible<\/strong>, con el objetivo de garantizar la correcta ejecuci\u00f3n del proyecto y evitar posibles perjuicios al edificio. La medida ha salido adelante con los votos a favor del equipo de gobierno del <strong>Partido Popular (PP)<\/strong> y de la concejal de <strong>Sumem Onil<\/strong>, mientras que el grupo municipal del <strong>PSOE<\/strong> y la concejal <strong>no adscrita Susana Ortiz<\/strong> se han abstenido.<\/p>\n\n\n\n<figure class=\"wp-block-image size-full\"><img fetchpriority=\"high\" decoding=\"async\" width=\"960\" height=\"720\" src=\"https:\/\/www.lafresca.fm\/f-solosog\/2025\/11\/posit-1.jpg\" alt=\"\" class=\"wp-image-16699\" srcset=\"https:\/\/www.lafresca.fm\/f-solosog\/2025\/11\/posit-1.jpg 960w, https:\/\/www.lafresca.fm\/f-solosog\/2025\/11\/posit-1-770x578.jpg 770w, https:\/\/www.lafresca.fm\/f-solosog\/2025\/11\/posit-1-768x576.jpg 768w\" sizes=\"(max-width: 960px) 100vw, 960px\" \/><\/figure>\n\n\n\n<p>El consistorio ha anunciado que elaborar\u00e1 un <strong>informe de fiscalizaci\u00f3n<\/strong> para analizar el desarrollo del contrato, determinar las causas del retraso y valorar las posibles responsabilidades de la empresa. Este informe servir\u00e1 de base para decidir los pr\u00f3ximos pasos, que podr\u00edan incluir sanciones o incluso la rescisi\u00f3n del contrato.<\/p>\n\n\n\n<p>Desde el Ayuntamiento se destaca que la prioridad es garantizar que la rehabilitaci\u00f3n del P\u00f2sit se lleve a cabo con las m\u00e1ximas garant\u00edas t\u00e9cnicas y dentro de los plazos que permitan recuperar este edificio emblem\u00e1tico para su futuro uso cultural y social.<\/p>\n<script>function PlayerjsAsync(){} if(window[\"Playerjs\"]){PlayerjsAsync();}<\/script>","protected":false},"excerpt":{"rendered":"<p>El Ayuntamiento de Onil ha acordado paralizar las obras de rehabilitaci\u00f3n del hist\u00f3rico edificio del P\u00f2sit ante el incumplimiento de los plazos establecidos por la empresa adjudicataria. Hasta el momento, solo se ha completado un 10% de la fase de rehabilitaci\u00f3n, cuando deber\u00eda haberse alcanzado aproximadamente el 40%. El punto ...<\/p>\n","protected":false},"author":2,"featured_media":16699,"comment_status":"closed","ping_status":"closed","sticky":false,"template":"","format":"standard","meta":{"_monsterinsights_skip_tracking":false,"_monsterinsights_sitenote_active":false,"_monsterinsights_sitenote_note":"","_monsterinsights_sitenote_category":0,"footnotes":""},"categories":[4],"tags":[133],"class_list":["post-16698","post","type-post","status-publish","format-standard","has-post-thumbnail","hentry","category-alicante","tag-onil"],"aioseo_notices":[],"_links":{"self":[{"href":"https:\/\/www.lafresca.fm\/fresca-api-json\/wp\/v2\/posts\/16698","targetHints":{"allow":["GET"]}}],"collection":[{"href":"https:\/\/www.lafresca.fm\/fresca-api-json\/wp\/v2\/posts"}],"about":[{"href":"https:\/\/www.lafresca.fm\/fresca-api-json\/wp\/v2\/types\/post"}],"author":[{"embeddable":true,"href":"https:\/\/www.lafresca.fm\/fresca-api-json\/wp\/v2\/users\/2"}],"replies":[{"embeddable":true,"href":"https:\/\/www.lafresca.fm\/fresca-api-json\/wp\/v2\/comments?post=16698"}],"version-history":[{"count":1,"href":"https:\/\/www.lafresca.fm\/fresca-api-json\/wp\/v2\/posts\/16698\/revisions"}],"predecessor-version":[{"id":16700,"href":"https:\/\/www.lafresca.fm\/fresca-api-json\/wp\/v2\/posts\/16698\/revisions\/16700"}],"wp:featuredmedia":[{"embeddable":true,"href":"https:\/\/www.lafresca.fm\/fresca-api-json\/wp\/v2\/media\/16699"}],"wp:attachment":[{"href":"https:\/\/www.lafresca.fm\/fresca-api-json\/wp\/v2\/media?parent=16698"}],"wp:term":[{"taxonomy":"category","embeddable":true,"href":"https:\/\/www.lafresca.fm\/fresca-api-json\/wp\/v2\/categories?post=16698"},{"taxonomy":"post_tag","embeddable":true,"href":"https:\/\/www.lafresca.fm\/fresca-api-json\/wp\/v2\/tags?post=16698"}],"curies":[{"name":"wp","href":"https:\/\/api.w.org\/{rel}","templated":true}]}}