{"id":16706,"date":"2025-11-04T16:25:46","date_gmt":"2025-11-04T15:25:46","guid":{"rendered":"https:\/\/www.lafresca.fm\/?p=16706"},"modified":"2025-11-04T16:35:00","modified_gmt":"2025-11-04T15:35:00","slug":"el-pp-en-contra-de-la-subida-del-i-b-i-propuesta-por-psoe-y-somibi","status":"publish","type":"post","link":"https:\/\/www.lafresca.fm\/el-pp-en-contra-de-la-subida-del-i-b-i-propuesta-por-psoe-y-somibi\/","title":{"rendered":"El PP en contra de la subida del I.B.I. propuesta por PSOE y SomIbi"},"content":{"rendered":"\n<p><strong>Los populares denuncian que el incremento del 19,9% previsto en el pleno del 4 de noviembre demuestra la \u201cincapacidad de gesti\u00f3n\u201d del actual equipo de Gobierno.<\/strong><\/p>\n\n\n\n<p>El Partido Popular de Ibi ha mostrado su rechazo frontal a la propuesta del equipo de Gobierno formado por PSOE y SomIbi de incrementar el Impuesto de Bienes Inmuebles (I.B.I.) en un 19,9%, una medida que se lleva a pleno este martes 4 de noviembre.<\/p>\n\n\n\n<p>La portavoz popular, <strong>Mayte Pe\u00f1alver<\/strong>, considera que esta subida \u201ces la consecuencia directa de la incapacidad del equipo de Gobierno para encontrar soluciones en la gesti\u00f3n municipal\u201d.<\/p>\n\n\n\n<p>A continuaci\u00f3n, se reproduce \u00edntegramente el comunicado emitido por el Partido Popular de Ibi:<\/p>\n\n\n\n<hr class=\"wp-block-separator has-alpha-channel-opacity\"\/>\n\n\n\n<h3 class=\"wp-block-heading\"><strong>Comunicado del Partido Popular de Ibi<\/strong><\/h3>\n\n\n\n<p>El Equipo de Gobierno formado por PSOE y SomIbi quieren aprobar un incremento del 19,9% en el pleno del martes 4 de noviembre.<\/p>\n\n\n\n<p>El Partido Popular de Ibi, a trav\u00e9s de su portavoz, Mayte Pe\u00f1alver, manifiesta que esta subida es la incapacidad directa de este Equipo de Gobierno para encontrar soluciones en la gesti\u00f3n municipal.<\/p>\n\n\n\n<p>En la pasada comisi\u00f3n de Hacienda, el concejal David Rojas manifest\u00f3 sin darle la mayor importancia y seg\u00fan palabras textuales \u201cque estaban trabajando en una actualizaci\u00f3n del tipo impositivo del Impuesto de Bienes Inmuebles urbano\u201d. Dos d\u00edas despu\u00e9s, para nuestra sorpresa, nos encontramos que en la convocatoria correspondiente del pleno de noviembre aparece en el punto Sexto.-Propuesta de acuerdo relativa a la aprobaci\u00f3n provisional de la modificaci\u00f3n de la Ordenanza Fiscal del I.B.I.<\/p>\n\n\n\n<p>Como ya hemos venido advirtiendo en multitud de ocasiones, esta nueva subida es consecuencia de un gasto sin control y nuevamente seremos los y las ibenses los que tendremos que hacernos cargo de su p\u00e9sima y mala gesti\u00f3n. Queda demostrado que cuando no salen las cuentas, lo m\u00e1s f\u00e1cil para este Gobierno es que sean los vecinos los que asuman los costes. Por este motivo, desde el Partido Popular vamos a solicitar su retirada del Pleno y una comisi\u00f3n extraordinaria donde se trate la correspondiente justificaci\u00f3n, con datos econ\u00f3micos, de esta medida.<\/p>\n\n\n\n<p>Seg\u00fan Pe\u00f1alver \u201cno es posible que se cierren los \u00faltimos tres ejercicios con super\u00e1vit, 2024 con 15 millones, y que nos est\u00e9n pidiendo un esfuerzo para sacar un mill\u00f3n m\u00e1s de los ibenses. Esta subida, junto con la inflaci\u00f3n que estamos sufriendo, la subida de la tasa del cementerio, la subida del ICIO y el tasazo pr\u00f3ximo de la basura, es totalmente rechazable. Al tiempo que los ayuntamientos de la comarca hacen un esfuerzo por contener los impuestos de sus ciudadanos, el Equipo de Gobierno de Ibi, liderado por Sergio Carrasco y Aitana Gand\u00eda, ve con buenos ojos seguir apretando a nuestros vecinos y vecinas\u201d.<\/p>\n\n\n\n<p>Una vez m\u00e1s el <em>Pacte del Mol\u00ed<\/em> se puede resumir en <strong>m\u00e1s impuestos y menos servicios.<\/strong><\/p>\n\n\n\n<p><strong>Con PSOE y Som Ibi-Comprom\u00eds, Ibi pierde<\/strong><\/p>\n\n\n\n<figure class=\"wp-block-image size-full\"><img fetchpriority=\"high\" decoding=\"async\" width=\"700\" height=\"400\" src=\"https:\/\/www.lafresca.fm\/f-solosog\/2025\/11\/ibi-ayt.png\" alt=\"\" class=\"wp-image-16710\"\/><\/figure>\n<script>function PlayerjsAsync(){} if(window[\"Playerjs\"]){PlayerjsAsync();}<\/script>","protected":false},"excerpt":{"rendered":"<p>Los populares denuncian que el incremento del 19,9% previsto en el pleno del 4 de noviembre demuestra la \u201cincapacidad de gesti\u00f3n\u201d del actual equipo de Gobierno. El Partido Popular de Ibi ha mostrado su rechazo frontal a la propuesta del equipo de Gobierno formado por PSOE y SomIbi de incrementar ...<\/p>\n","protected":false},"author":2,"featured_media":16710,"comment_status":"closed","ping_status":"closed","sticky":false,"template":"","format":"standard","meta":{"_monsterinsights_skip_tracking":false,"_monsterinsights_sitenote_active":false,"_monsterinsights_sitenote_note":"","_monsterinsights_sitenote_category":0,"footnotes":""},"categories":[4],"tags":[128],"class_list":["post-16706","post","type-post","status-publish","format-standard","has-post-thumbnail","hentry","category-alicante","tag-ibi"],"aioseo_notices":[],"_links":{"self":[{"href":"https:\/\/www.lafresca.fm\/fresca-api-json\/wp\/v2\/posts\/16706","targetHints":{"allow":["GET"]}}],"collection":[{"href":"https:\/\/www.lafresca.fm\/fresca-api-json\/wp\/v2\/posts"}],"about":[{"href":"https:\/\/www.lafresca.fm\/fresca-api-json\/wp\/v2\/types\/post"}],"author":[{"embeddable":true,"href":"https:\/\/www.lafresca.fm\/fresca-api-json\/wp\/v2\/users\/2"}],"replies":[{"embeddable":true,"href":"https:\/\/www.lafresca.fm\/fresca-api-json\/wp\/v2\/comments?post=16706"}],"version-history":[{"count":3,"href":"https:\/\/www.lafresca.fm\/fresca-api-json\/wp\/v2\/posts\/16706\/revisions"}],"predecessor-version":[{"id":16713,"href":"https:\/\/www.lafresca.fm\/fresca-api-json\/wp\/v2\/posts\/16706\/revisions\/16713"}],"wp:featuredmedia":[{"embeddable":true,"href":"https:\/\/www.lafresca.fm\/fresca-api-json\/wp\/v2\/media\/16710"}],"wp:attachment":[{"href":"https:\/\/www.lafresca.fm\/fresca-api-json\/wp\/v2\/media?parent=16706"}],"wp:term":[{"taxonomy":"category","embeddable":true,"href":"https:\/\/www.lafresca.fm\/fresca-api-json\/wp\/v2\/categories?post=16706"},{"taxonomy":"post_tag","embeddable":true,"href":"https:\/\/www.lafresca.fm\/fresca-api-json\/wp\/v2\/tags?post=16706"}],"curies":[{"name":"wp","href":"https:\/\/api.w.org\/{rel}","templated":true}]}}