{"id":16723,"date":"2025-11-06T11:10:35","date_gmt":"2025-11-06T10:10:35","guid":{"rendered":"https:\/\/www.lafresca.fm\/?p=16723"},"modified":"2025-11-06T11:10:36","modified_gmt":"2025-11-06T10:10:36","slug":"ibi-celebra-el-dia-internacional-de-la-ciutat-educadora-2025-amb-una-interessant-programacio","status":"publish","type":"post","link":"https:\/\/www.lafresca.fm\/ibi-celebra-el-dia-internacional-de-la-ciutat-educadora-2025-amb-una-interessant-programacio\/","title":{"rendered":"Ibi celebra el Dia Internacional de la Ciutat Educadora 2025 amb una interessant programaci\u00f3"},"content":{"rendered":"\n<ul class=\"wp-block-list\">\n<li><strong>Activitats participatives, art, m\u00fasica i el protagonisme de la inf\u00e0ncia marcaran una setmana dedicada als valors educatius, sota el lema \u201cLa participaci\u00f3 de la Inf\u00e0ncia a la Ciutat Educadora\u201d.<\/strong><\/li>\n<\/ul>\n\n\n\n<p>L&#8217;Ajuntament d&#8217;Ibi, a trav\u00e9s de la Regidoria d&#8217;Educaci\u00f3, s\u2019adhereix a la commemoraci\u00f3 del Dia Internacional de la Ciutat Educadora 2025 amb una completa programaci\u00f3 d&#8217;activitats que es desenvolupar\u00e0 entre el 15 i el 30 de novembre. L&#8217;objectiu d&#8217;esta celebraci\u00f3 \u00e9s fomentar la participaci\u00f3, la inclusi\u00f3 i l&#8217;aprenentatge, posant en valor Ibi com una aut\u00e8ntica Ciutat Educadora, on l&#8217;educaci\u00f3 transcendeix les aules.<\/p>\n\n\n\n<p>La programaci\u00f3 comen\u00e7ar\u00e0 el dissabte 15 de novembre amb la reuni\u00f3 del Consell Local d&#8217;Inf\u00e0ncia i Adolesc\u00e8ncia (CLIA), en la qual els xiquets, les xiquetes i els adolescents que en formen part mantindran una trobada amb l&#8217;alcalde d&#8217;Ibi, Sergio Carrasco, i la regidora d&#8217;Educaci\u00f3, Paula Peidr\u00f3. La sessi\u00f3 se celebrar\u00e0 d\u201911.00 a 12.30 hores al Sal\u00f3 de Plens de l&#8217;Ajuntament i estar\u00e0 dirigida als membres del CLIA.<\/p>\n\n\n\n<figure class=\"wp-block-image size-large\"><img fetchpriority=\"high\" decoding=\"async\" width=\"827\" height=\"1170\" src=\"https:\/\/www.lafresca.fm\/f-solosog\/2025\/11\/actividades-ciudades-educadoras-2025-827x1170.jpg\" alt=\"\" class=\"wp-image-16724\" srcset=\"https:\/\/www.lafresca.fm\/f-solosog\/2025\/11\/actividades-ciudades-educadoras-2025-827x1170.jpg 827w, https:\/\/www.lafresca.fm\/f-solosog\/2025\/11\/actividades-ciudades-educadoras-2025-544x770.jpg 544w, https:\/\/www.lafresca.fm\/f-solosog\/2025\/11\/actividades-ciudades-educadoras-2025-768x1086.jpg 768w, https:\/\/www.lafresca.fm\/f-solosog\/2025\/11\/actividades-ciudades-educadoras-2025-1086x1536.jpg 1086w, https:\/\/www.lafresca.fm\/f-solosog\/2025\/11\/actividades-ciudades-educadoras-2025-1448x2048.jpg 1448w, https:\/\/www.lafresca.fm\/f-solosog\/2025\/11\/actividades-ciudades-educadoras-2025-scaled.jpg 1810w\" sizes=\"(max-width: 827px) 100vw, 827px\" \/><\/figure>\n\n\n\n<p>El dijous 20 de novembre tindr\u00e0 lloc un dels actes centrals de la celebraci\u00f3, amb la lectura del Manifest per part de l&#8217;alcalde d&#8217;Ibi i la regidora d&#8217;Educaci\u00f3, aix\u00ed com la lectura dels drets de la inf\u00e0ncia a c\u00e0rrec dels centres educatius d&#8217;Ibi. A m\u00e9s, els centres de Prim\u00e0ria i d\u2019Educaci\u00f3 Especial oferiran l\u2019actuaci\u00f3 musical \u201cLa m\u00fasica que ens uneix\u201d, centrada en els drets de la inf\u00e0ncia. L&#8217;acte comen\u00e7ar\u00e0 a les 11.00 hores a la pla\u00e7a F\u00e0brica Rico.<\/p>\n\n\n\n<p>El dissabte 22 de novembre se celebrar\u00e0 un taller d&#8217;art i pintura adre\u00e7at a l&#8217;alumnat de Prim\u00e0ria, per a xiquets i xiquetes de 6 a 12 anys, impartit pel professor de l&#8217;Escola Municipal de Pintura, Eduardo Serrano. Durant l&#8217;activitat es dur\u00e0 a terme la creaci\u00f3 d&#8217;un mural col\u00b7lectiu amb el t\u00edtol \u201cPobles que abracen\u201d. El taller s\u2019iniciar\u00e0 a les 09.30 hores a la pla\u00e7a Sant Vicent. Esta activitat requereix inscripci\u00f3 pr\u00e8via, que es pot fer presencialment mitjan\u00e7ant registre d&#8217;entrada a l&#8217;Ajuntament d&#8217;Ibi o per tel\u00e8fon, contactant amb el Departament d&#8217;Educaci\u00f3 (96 555 23 11).<\/p>\n\n\n\n<p>Finalment, el diumenge 30 de novembre es posar\u00e0 el punt final a la programaci\u00f3 amb un gran Joc de l\u2019Oca, que comen\u00e7ar\u00e0 a les 11.30 hores a la pla\u00e7a F\u00e0brica Rico.<\/p>\n\n\n\n<p>Paula Peidr\u00f3, regidora d\u2019Educaci\u00f3, explica que \u201ccelebrar el Dia de les Ciutats Educadores \u00e9s remarcar que a Ibi estem compromesos amb la formaci\u00f3 i el desenvolupament de la nostra ciutadania. Els xiquets, les xiquetes i la gent jove, protagonistes de les activitats proposades, s\u00f3n en este cas el nostre centre d\u2019atenci\u00f3, a qui volem involucrar en la construcci\u00f3 d\u2019un millor lloc on viure, atenent les seues necessitats\u201d.<\/p>\n<script>function PlayerjsAsync(){} if(window[\"Playerjs\"]){PlayerjsAsync();}<\/script>","protected":false},"excerpt":{"rendered":"<p>L&#8217;Ajuntament d&#8217;Ibi, a trav\u00e9s de la Regidoria d&#8217;Educaci\u00f3, s\u2019adhereix a la commemoraci\u00f3 del Dia Internacional de la Ciutat Educadora 2025 amb una completa programaci\u00f3 d&#8217;activitats que es desenvolupar\u00e0 entre el 15 i el 30 de novembre. L&#8217;objectiu d&#8217;esta celebraci\u00f3 \u00e9s fomentar la participaci\u00f3, la inclusi\u00f3 i l&#8217;aprenentatge, posant en valor ...<\/p>\n","protected":false},"author":2,"featured_media":16724,"comment_status":"closed","ping_status":"closed","sticky":false,"template":"","format":"standard","meta":{"_monsterinsights_skip_tracking":false,"_monsterinsights_sitenote_active":false,"_monsterinsights_sitenote_note":"","_monsterinsights_sitenote_category":0,"footnotes":""},"categories":[4],"tags":[128],"class_list":["post-16723","post","type-post","status-publish","format-standard","has-post-thumbnail","hentry","category-alicante","tag-ibi"],"aioseo_notices":[],"_links":{"self":[{"href":"https:\/\/www.lafresca.fm\/fresca-api-json\/wp\/v2\/posts\/16723","targetHints":{"allow":["GET"]}}],"collection":[{"href":"https:\/\/www.lafresca.fm\/fresca-api-json\/wp\/v2\/posts"}],"about":[{"href":"https:\/\/www.lafresca.fm\/fresca-api-json\/wp\/v2\/types\/post"}],"author":[{"embeddable":true,"href":"https:\/\/www.lafresca.fm\/fresca-api-json\/wp\/v2\/users\/2"}],"replies":[{"embeddable":true,"href":"https:\/\/www.lafresca.fm\/fresca-api-json\/wp\/v2\/comments?post=16723"}],"version-history":[{"count":1,"href":"https:\/\/www.lafresca.fm\/fresca-api-json\/wp\/v2\/posts\/16723\/revisions"}],"predecessor-version":[{"id":16725,"href":"https:\/\/www.lafresca.fm\/fresca-api-json\/wp\/v2\/posts\/16723\/revisions\/16725"}],"wp:featuredmedia":[{"embeddable":true,"href":"https:\/\/www.lafresca.fm\/fresca-api-json\/wp\/v2\/media\/16724"}],"wp:attachment":[{"href":"https:\/\/www.lafresca.fm\/fresca-api-json\/wp\/v2\/media?parent=16723"}],"wp:term":[{"taxonomy":"category","embeddable":true,"href":"https:\/\/www.lafresca.fm\/fresca-api-json\/wp\/v2\/categories?post=16723"},{"taxonomy":"post_tag","embeddable":true,"href":"https:\/\/www.lafresca.fm\/fresca-api-json\/wp\/v2\/tags?post=16723"}],"curies":[{"name":"wp","href":"https:\/\/api.w.org\/{rel}","templated":true}]}}