{"id":16726,"date":"2025-11-06T11:28:10","date_gmt":"2025-11-06T10:28:10","guid":{"rendered":"https:\/\/www.lafresca.fm\/?p=16726"},"modified":"2025-11-06T11:28:12","modified_gmt":"2025-11-06T10:28:12","slug":"el-plan-planifica-de-la-diputacion-invierte-13-millones-de-euros-en-nuevas-infraestructuras-en-ibi","status":"publish","type":"post","link":"https:\/\/www.lafresca.fm\/el-plan-planifica-de-la-diputacion-invierte-13-millones-de-euros-en-nuevas-infraestructuras-en-ibi\/","title":{"rendered":"El Plan Planifica de la Diputaci\u00f3n invierte 1,3 millones de euros en nuevas infraestructuras en Ibi"},"content":{"rendered":"\n<ul class=\"wp-block-list\">\n<li><strong>La mejora del saneamiento urbano y las instalaciones deportivas, entre los proyectos destacados<\/strong><\/li>\n<\/ul>\n\n\n\n<p>El Plan Planifica 2024-2027 de la Diputaci\u00f3n de Alicante destinar\u00e1 una inversi\u00f3n de <strong>1.346.000 euros en el municipio de Ibi<\/strong> para impulsar diversas actuaciones de mejora de infraestructuras, seg\u00fan ha destacado el diputado de Infraestructuras, <strong>Antonio Bernabeu<\/strong>, durante su visita a la localidad.<\/p>\n\n\n\n<figure class=\"wp-block-image size-large\"><img fetchpriority=\"high\" decoding=\"async\" width=\"1170\" height=\"878\" src=\"https:\/\/www.lafresca.fm\/f-solosog\/2025\/11\/ibi2-1170x878.jpeg\" alt=\"\" class=\"wp-image-16727\" srcset=\"https:\/\/www.lafresca.fm\/f-solosog\/2025\/11\/ibi2-1170x878.jpeg 1170w, https:\/\/www.lafresca.fm\/f-solosog\/2025\/11\/ibi2-770x578.jpeg 770w, https:\/\/www.lafresca.fm\/f-solosog\/2025\/11\/ibi2-768x576.jpeg 768w, https:\/\/www.lafresca.fm\/f-solosog\/2025\/11\/ibi2-1536x1152.jpeg 1536w, https:\/\/www.lafresca.fm\/f-solosog\/2025\/11\/ibi2-2048x1536.jpeg 2048w\" sizes=\"(max-width: 1170px) 100vw, 1170px\" \/><\/figure>\n\n\n\n<p>Bernabeu, acompa\u00f1ado por el alcalde <strong>Sergio Carrasco<\/strong> y miembros de la corporaci\u00f3n local, recorri\u00f3 algunas de las obras actualmente en ejecuci\u00f3n, como el <strong>acondicionamiento y mejora de las instalaciones del polideportivo municipal<\/strong>, un proyecto con un presupuesto que supera los <strong>585.000 euros<\/strong>, financiado al <strong>63% por la instituci\u00f3n provincial<\/strong>. La actuaci\u00f3n incluye la <strong>construcci\u00f3n de una cubierta en la pista polideportiva<\/strong> y el <strong>acondicionamiento del balneario existente<\/strong>, actualmente en desuso.<\/p>\n\n\n\n<p>Durante el encuentro, diputado y alcalde repasaron tambi\u00e9n los <strong>tres nuevos proyectos solicitados por el Ayuntamiento dentro del Plan Planifica 2024-2027<\/strong>, con un montante global de <strong>1,3 millones de euros<\/strong>. Estas actuaciones contemplan:<\/p>\n\n\n\n<ul class=\"wp-block-list\">\n<li>El <strong>control de puntos de desbordamiento del sistema de saneamiento<\/strong> procedente del n\u00facleo urbano en episodios de lluvia.<\/li>\n\n\n\n<li>La <strong>ampliaci\u00f3n del colector de saneamiento en la calle Reyes Cat\u00f3licos<\/strong>, obra que el consistorio ya est\u00e1 ejecutando por v\u00eda de urgencia.<\/li>\n\n\n\n<li>La <strong>creaci\u00f3n de una red de saneamiento y pluviales<\/strong> en el \u00e1mbito de la Avenida Azor\u00edn, desde calle Tibi y Avenida Juan Carlos I hasta calle Jovellanos.<\/li>\n<\/ul>\n\n\n\n<p>Adem\u00e1s, Bernabeu y Carrasco mantuvieron un encuentro con representantes de la <strong>Asociaci\u00f3n de Familiares de Alzheimer de Ibi (AFAIBI)<\/strong> para conocer de primera mano las necesidades de este colectivo y estudiar posibles v\u00edas de colaboraci\u00f3n con la Diputaci\u00f3n de Alicante.<\/p>\n\n\n\n<p>El diputado provincial subray\u00f3 \u201cla importante inversi\u00f3n que promueve la Diputaci\u00f3n para mejorar las infraestructuras y la calidad de vida de los vecinos de Ibi\u201d, y destac\u00f3 la relevancia de la cooperaci\u00f3n entre administraciones para ofrecer \u201cmejores servicios e instalaciones a los ciudadanos, que son los beneficiarios finales de la acci\u00f3n pol\u00edtica\u201d.<\/p>\n\n\n\n<figure class=\"wp-block-image size-large\"><img decoding=\"async\" width=\"1170\" height=\"878\" src=\"https:\/\/www.lafresca.fm\/f-solosog\/2025\/11\/ibi1-1170x878.jpeg\" alt=\"\" class=\"wp-image-16728\" srcset=\"https:\/\/www.lafresca.fm\/f-solosog\/2025\/11\/ibi1-1170x878.jpeg 1170w, https:\/\/www.lafresca.fm\/f-solosog\/2025\/11\/ibi1-770x578.jpeg 770w, https:\/\/www.lafresca.fm\/f-solosog\/2025\/11\/ibi1-768x576.jpeg 768w, https:\/\/www.lafresca.fm\/f-solosog\/2025\/11\/ibi1-1536x1152.jpeg 1536w, https:\/\/www.lafresca.fm\/f-solosog\/2025\/11\/ibi1-2048x1536.jpeg 2048w\" sizes=\"(max-width: 1170px) 100vw, 1170px\" \/><\/figure>\n<script>function PlayerjsAsync(){} if(window[\"Playerjs\"]){PlayerjsAsync();}<\/script>","protected":false},"excerpt":{"rendered":"<p>El Plan Planifica 2024-2027 de la Diputaci\u00f3n de Alicante destinar\u00e1 una inversi\u00f3n de 1.346.000 euros en el municipio de Ibi para impulsar diversas actuaciones de mejora de infraestructuras, seg\u00fan ha destacado el diputado de Infraestructuras, Antonio Bernabeu, durante su visita a la localidad. Bernabeu, acompa\u00f1ado por el alcalde Sergio Carrasco ...<\/p>\n","protected":false},"author":2,"featured_media":16727,"comment_status":"closed","ping_status":"closed","sticky":false,"template":"","format":"standard","meta":{"_monsterinsights_skip_tracking":false,"_monsterinsights_sitenote_active":false,"_monsterinsights_sitenote_note":"","_monsterinsights_sitenote_category":0,"footnotes":""},"categories":[4],"tags":[128],"class_list":["post-16726","post","type-post","status-publish","format-standard","has-post-thumbnail","hentry","category-alicante","tag-ibi"],"aioseo_notices":[],"_links":{"self":[{"href":"https:\/\/www.lafresca.fm\/fresca-api-json\/wp\/v2\/posts\/16726","targetHints":{"allow":["GET"]}}],"collection":[{"href":"https:\/\/www.lafresca.fm\/fresca-api-json\/wp\/v2\/posts"}],"about":[{"href":"https:\/\/www.lafresca.fm\/fresca-api-json\/wp\/v2\/types\/post"}],"author":[{"embeddable":true,"href":"https:\/\/www.lafresca.fm\/fresca-api-json\/wp\/v2\/users\/2"}],"replies":[{"embeddable":true,"href":"https:\/\/www.lafresca.fm\/fresca-api-json\/wp\/v2\/comments?post=16726"}],"version-history":[{"count":1,"href":"https:\/\/www.lafresca.fm\/fresca-api-json\/wp\/v2\/posts\/16726\/revisions"}],"predecessor-version":[{"id":16729,"href":"https:\/\/www.lafresca.fm\/fresca-api-json\/wp\/v2\/posts\/16726\/revisions\/16729"}],"wp:featuredmedia":[{"embeddable":true,"href":"https:\/\/www.lafresca.fm\/fresca-api-json\/wp\/v2\/media\/16727"}],"wp:attachment":[{"href":"https:\/\/www.lafresca.fm\/fresca-api-json\/wp\/v2\/media?parent=16726"}],"wp:term":[{"taxonomy":"category","embeddable":true,"href":"https:\/\/www.lafresca.fm\/fresca-api-json\/wp\/v2\/categories?post=16726"},{"taxonomy":"post_tag","embeddable":true,"href":"https:\/\/www.lafresca.fm\/fresca-api-json\/wp\/v2\/tags?post=16726"}],"curies":[{"name":"wp","href":"https:\/\/api.w.org\/{rel}","templated":true}]}}