{"id":16738,"date":"2025-11-06T16:08:12","date_gmt":"2025-11-06T15:08:12","guid":{"rendered":"https:\/\/www.lafresca.fm\/?p=16738"},"modified":"2025-11-06T16:08:13","modified_gmt":"2025-11-06T15:08:13","slug":"el-ayuntamiento-de-ibi-aprueba-el-pago-de-mas-de-4-millones-de-euros-en-facturas-pendientes-de-ejercicios-pasados","status":"publish","type":"post","link":"https:\/\/www.lafresca.fm\/el-ayuntamiento-de-ibi-aprueba-el-pago-de-mas-de-4-millones-de-euros-en-facturas-pendientes-de-ejercicios-pasados\/","title":{"rendered":"El Ayuntamiento de Ibi aprueba el pago de m\u00e1s de 4 millones de euros en facturas pendientes de ejercicios pasados"},"content":{"rendered":"\n<p>El <a><\/a>alcalde de Ibi, Sergio Carrasco, y la viecalcaldesa, Aitana Gandia, informan en rueda de prensa la situaci\u00f3n vivida en el consistorio y los pasos que se han seguido hasta conseguir la aprobaci\u00f3n del pago de las facturas pendientes.<\/p>\n\n\n\n<p>Este martes pasado, el Ayuntamiento de Ibi pudo dar un importante paso con la aprobaci\u00f3n del pago de m\u00e1s de 4 millones de euros en facturas pendientes de ejercicios pasados. Para ello, el alcalde de Ibi, Sergio Carrasco, junto a la vicealcaldesa, Aitana Gandia, han informado en rueda de prensa de los pasos realizados hasta llegar a este esperado desenlace que permitir\u00e1 a los provededores cobrar los trabajos realizados al consistorio que estaban pendientes.<\/p>\n\n\n\n<p>Sergio Carrasco detallaba que \u201cviendo la situaci\u00f3n en la que encontramos el Ayuntamiento cuando llegamos a la alcald\u00eda, nos marcamos cuatro grandes objetivos con la intenci\u00f3n de devolver a la normalidad al municipio: contratar al personal necesario, la aprobaci\u00f3n de los presupuestos, el cierre de todos los ejercicios contables y la liquidaci\u00f3n de la deuda heredada a proveedores\u201d. En ese sentido, se han incorporado una interventora y una tesorera, ambas habilitadas nacionales, se han cubierto bajas y se han podido reducir estas de un 30% a un 10%. En cuanto a los presupuestos, y tras dos a\u00f1os con presupuestos prorrogados, en 2025 se ha podido aprobar nuevo presupuesto y ya se est\u00e1 trabajando en el del 2026. Adem\u00e1s, se ha contabilizado y cerrado el ejercicio de 2022, as\u00ed como el del 2023 y 2024, liberando el remanente que ahora se ha utilizado para pagar todas las deudas pendientes. A\u00f1ad\u00eda, \u201ccon este pago, Ibi vuelve a estar al d\u00eda y recupera la confianza de los proveedores, lo que se trasladar\u00e1 en seguir con obras tan importantes como la plaza de la Iglesia, el balneario o el local de baile para los mayores\u201d.<\/p>\n\n\n\n<figure class=\"wp-block-image size-large\"><img fetchpriority=\"high\" decoding=\"async\" width=\"1170\" height=\"878\" src=\"https:\/\/www.lafresca.fm\/f-solosog\/2025\/11\/577412458_1137036755308930_5000375622264436529_n-1170x878.jpg\" alt=\"\" class=\"wp-image-16739\" srcset=\"https:\/\/www.lafresca.fm\/f-solosog\/2025\/11\/577412458_1137036755308930_5000375622264436529_n-1170x878.jpg 1170w, https:\/\/www.lafresca.fm\/f-solosog\/2025\/11\/577412458_1137036755308930_5000375622264436529_n-770x578.jpg 770w, https:\/\/www.lafresca.fm\/f-solosog\/2025\/11\/577412458_1137036755308930_5000375622264436529_n-768x576.jpg 768w, https:\/\/www.lafresca.fm\/f-solosog\/2025\/11\/577412458_1137036755308930_5000375622264436529_n-1536x1152.jpg 1536w, https:\/\/www.lafresca.fm\/f-solosog\/2025\/11\/577412458_1137036755308930_5000375622264436529_n.jpg 2048w\" sizes=\"(max-width: 1170px) 100vw, 1170px\" \/><\/figure>\n\n\n\n<p>En el pleno del pasado martes, este punto, el de Reconocimiento Extrajudicial de Cr\u00e9dito, aprobado por v\u00eda de urgencia, consigui\u00f3 el voto a favor del equipo de gobierno, compuesto por PSOE y Som Ibi, con las abstenciones de Populares y de VOX, algo que el alcalde de Ibi ha se\u00f1alado como \u201cuna actitud grave por parte del PP, ya que m\u00e1s del 60% de la cuant\u00eda del REC pertenece a la gesti\u00f3n de su partido en la pasada legislatura. Es m\u00e1s, lo que hemos hecho nosotros como equipo de gobierno ha sido darles la oportunidad, con esta votaci\u00f3n, de contribuir a paliar y corregir el problema causado por ellos mismos, sin embargo han decidido solicitar que quedara sobre la mesa, lo que provocar\u00eda consecuencias judiciales para el consistorio y el incumplimiento del principio de estabilidad presupuestaria\u201d.<\/p>\n\n\n\n<p>A continuaci\u00f3n, el primer edil ha procedido a enumerar algunas de las 900 facturas pendinetes de pago, que ascienden a m\u00e1s de 4 millones de euros, a lo que se suma los 600.000 euros en electricidad que se deb\u00eda y que se pag\u00f3 en las primeras semanas de gobierno, bajo amenaza de corte de luz en la localidad. Entre las cuant\u00edas nombradas de facturas de 2022, 2023 y 2024 se encontraban las relativas a suministro de luminaria led para los barrios de Mirasol y plaza Geladors, por 99.000 euros; certificaciones de las obras de la planta baja del edificio de oficinas de la f\u00e1brica Rico, debiendo 184.740,76 euros; los 820.000 euros de las obras de la plaza de la Iglesia; 50.000 euros en honorarios de un proyecto de reparcelaci\u00f3n; 95.000 euros por las obras de la pista cubierta del Polideportivo; 170.000 euros de las obras del Balneario\u2026 entre otras facturas relativas a obras de actuaciones en el plan de prevenci\u00f3n de incendios forestales, eventos de motociclismo, consorcio de Bomberos, conciertos, eventos deportivos, castillos de fuegos artificiales, mercadillo navide\u00f1o, cursos, procedimientos y gestores de expedientes del Ayuntamiento, merchandasing, revistas de fiestas y tradiciones, reparaci\u00f3n de caminos rurales y otros gastos derivados de eventos varios.<\/p>\n\n\n\n<p>Con este nuevo y decisivo paso de Reconocimiento Extrajudicial de Cr\u00e9dito, la deuda a proveedores quedar\u00eda saldada, estima el teniente de alcalde de Hacienda, David Rojas \u201cantes de que finalice el mes de noviembre, ya que los funcionarios van a disponer de un sistema inform\u00e1tico que lo agilice, pudiendo volcar todas las facturas en un breve espacio de tiempo\u201d. Adem\u00e1s, segu\u00eda \u201cpodemos dar por concluido este periodo de colapso econ\u00f3mico iniciado en 2022, pasando nuevamente a una etapa de normalidad e inversiones\u201d.<\/p>\n\n\n\n<p>Aitana Gandia, vicealcaldesa del Ayuntamiento de Ibi, declaraba por su parte que \u201cqueremos agredecer p\u00fablicamente a los proveedores toda su paciencia y profesionalidad, tanto a los que han seguido trabajando, pese a la deuda que se ten\u00eda con ellos, como a los que han decidido parar y esperar al pago que se les adeuda, algo que es totalmente comprensible\u201d. Expresaba la satisfacci\u00f3n de todo el equipo de gobierno ante la llegada de este d\u00eda tan esperado por todos, ya que \u201chan sido muchas las facturas encontradas sin ning\u00fan tipo de retenci\u00f3n de cr\u00e9dito, ni firmas, algunas solo por whataspp o incluso metidas f\u00edsicamente en cajones. Algo que ha dificultado mucho poder seguir adelante con nuestro trabajo y que, por otra parte, ha podido sumir en problemas a los proveedores, tanto a los grandes como, sobre todo, a los peque\u00f1os para los que cualquier suma, puede significar mucho\u201d.<\/p>\n\n\n\n<p>Para el 2026, el nuevo presupuesto pretende contemplar las nuevas contratas mejoradas de limpieza viaria, recogida de residuos, reciclaje y limpieza de edificio p\u00fablicos; actualizaciones de las ayudas a asociaciones, clubes y entidades; planificaci\u00f3n de inversiones como la remodelaci\u00f3n de parques y plazas, mejora de instalaciones, obras p\u00fablicas y contrataci\u00f3n de personal. Finalizaba el alcalde declarando que \u201ca\u00fan as\u00ed, no est\u00e1 todo resuelto, ya que sigue habiendo problemas que resolver progresivamente y por los que seguir luchando, como m\u00e1s suelo industrial o el geri\u00e1trico. Pero es cierto que cerramos una etapa negra de Ibi y pasamos a una nueva que podemos catalogar como \u201cnormal\u201d. Quiero para terminar poner en valor y reconocer el trabajo realizado por el equipo de gobierno. Por supuesto, por los trabajadores del Ayuntamiento, a los que agradezco su esfuerzo y dedicaci\u00f3n, y a los y las ibenses por su comprensi\u00f3n y paciencia. Lo que queremos es seguir trabajando para que las mejoras se noten en la calle y para dar a la ciudadan\u00eda de Ibi los servicios que se merecen\u201d.<\/p>\n<script>function PlayerjsAsync(){} if(window[\"Playerjs\"]){PlayerjsAsync();}<\/script>","protected":false},"excerpt":{"rendered":"<p>El alcalde de Ibi, Sergio Carrasco, y la viecalcaldesa, Aitana Gandia, informan en rueda de prensa la situaci\u00f3n vivida en el consistorio y los pasos que se han seguido hasta conseguir la aprobaci\u00f3n del pago de las facturas pendientes. Este martes pasado, el Ayuntamiento de Ibi pudo dar un importante ...<\/p>\n","protected":false},"author":2,"featured_media":16739,"comment_status":"closed","ping_status":"closed","sticky":false,"template":"","format":"standard","meta":{"_monsterinsights_skip_tracking":false,"_monsterinsights_sitenote_active":false,"_monsterinsights_sitenote_note":"","_monsterinsights_sitenote_category":0,"footnotes":""},"categories":[4],"tags":[128],"class_list":["post-16738","post","type-post","status-publish","format-standard","has-post-thumbnail","hentry","category-alicante","tag-ibi"],"aioseo_notices":[],"_links":{"self":[{"href":"https:\/\/www.lafresca.fm\/fresca-api-json\/wp\/v2\/posts\/16738","targetHints":{"allow":["GET"]}}],"collection":[{"href":"https:\/\/www.lafresca.fm\/fresca-api-json\/wp\/v2\/posts"}],"about":[{"href":"https:\/\/www.lafresca.fm\/fresca-api-json\/wp\/v2\/types\/post"}],"author":[{"embeddable":true,"href":"https:\/\/www.lafresca.fm\/fresca-api-json\/wp\/v2\/users\/2"}],"replies":[{"embeddable":true,"href":"https:\/\/www.lafresca.fm\/fresca-api-json\/wp\/v2\/comments?post=16738"}],"version-history":[{"count":1,"href":"https:\/\/www.lafresca.fm\/fresca-api-json\/wp\/v2\/posts\/16738\/revisions"}],"predecessor-version":[{"id":16740,"href":"https:\/\/www.lafresca.fm\/fresca-api-json\/wp\/v2\/posts\/16738\/revisions\/16740"}],"wp:featuredmedia":[{"embeddable":true,"href":"https:\/\/www.lafresca.fm\/fresca-api-json\/wp\/v2\/media\/16739"}],"wp:attachment":[{"href":"https:\/\/www.lafresca.fm\/fresca-api-json\/wp\/v2\/media?parent=16738"}],"wp:term":[{"taxonomy":"category","embeddable":true,"href":"https:\/\/www.lafresca.fm\/fresca-api-json\/wp\/v2\/categories?post=16738"},{"taxonomy":"post_tag","embeddable":true,"href":"https:\/\/www.lafresca.fm\/fresca-api-json\/wp\/v2\/tags?post=16738"}],"curies":[{"name":"wp","href":"https:\/\/api.w.org\/{rel}","templated":true}]}}