{"id":16742,"date":"2025-11-07T16:18:01","date_gmt":"2025-11-07T15:18:01","guid":{"rendered":"https:\/\/www.lafresca.fm\/?p=16742"},"modified":"2025-11-07T16:18:03","modified_gmt":"2025-11-07T15:18:03","slug":"el-centre-esportiu-colivenc-celebra-40-anos-de-historia-de-la-ilusion-de-sus-fundadores-a-los-records-nacionales","status":"publish","type":"post","link":"https:\/\/www.lafresca.fm\/el-centre-esportiu-colivenc-celebra-40-anos-de-historia-de-la-ilusion-de-sus-fundadores-a-los-records-nacionales\/","title":{"rendered":"El Centre Esportiu Colivenc celebra 40 a\u00f1os de historia: de la ilusi\u00f3n de sus fundadores a los r\u00e9cords nacionales"},"content":{"rendered":"\n<figure class=\"wp-block-audio\"><audio controls src=\"https:\/\/www.lafresca.fm\/f-solosog\/2025\/11\/LESPAI.-5-Noviembre-2025-C.E-Colivenc-ok.mp3\"><\/audio><\/figure>\n\n\n\n<p>En <em>L\u2019Espai<\/em> conversamos con <strong>Jes\u00fas Gil y Antonio Gil<\/strong>, dos de los fundadores del <strong>Centre Esportiu Colivenc<\/strong>, que este a\u00f1o celebra su <strong>40 aniversario<\/strong>. <strong>Rosana Guill<\/strong>, repasa con los invitados los inicios, la evoluci\u00f3n y el impacto de un club que hoy es referente en el \u00e1mbito deportivo, tanto a nivel auton\u00f3mico como nacional.<\/p>\n\n\n\n<p>\u201cTodo empez\u00f3 con un grupo de amigos que quer\u00eda hacer deporte al aire libre y disfrutar de la naturaleza\u201d, recuerda Jes\u00fas Gil. Lo que comenz\u00f3 como una iniciativa modesta se ha convertido, cuatro d\u00e9cadas despu\u00e9s, en una entidad consolidada que ha formado a generaciones de deportistas y ha llevado el nombre de Onil por todo el pa\u00eds.<\/p>\n\n\n\n<figure class=\"wp-block-image size-large\"><img fetchpriority=\"high\" decoding=\"async\" width=\"1170\" height=\"660\" src=\"https:\/\/www.lafresca.fm\/f-solosog\/2025\/11\/c.e-colivenc-lespai-61125-1170x660.jpg\" alt=\"\" class=\"wp-image-16745\" srcset=\"https:\/\/www.lafresca.fm\/f-solosog\/2025\/11\/c.e-colivenc-lespai-61125-1170x660.jpg 1170w, https:\/\/www.lafresca.fm\/f-solosog\/2025\/11\/c.e-colivenc-lespai-61125-770x434.jpg 770w, https:\/\/www.lafresca.fm\/f-solosog\/2025\/11\/c.e-colivenc-lespai-61125-768x433.jpg 768w, https:\/\/www.lafresca.fm\/f-solosog\/2025\/11\/c.e-colivenc-lespai-61125-1536x866.jpg 1536w, https:\/\/www.lafresca.fm\/f-solosog\/2025\/11\/c.e-colivenc-lespai-61125.jpg 1600w\" sizes=\"(max-width: 1170px) 100vw, 1170px\" \/><\/figure>\n\n\n\n<p>Antonio Gil destaca el papel del esfuerzo colectivo y del apoyo de las familias: \u201cEl club no solo es deporte; es compa\u00f1erismo, valores y una forma de entender la vida activa\u201d. A lo largo de estos a\u00f1os, el Centre Esportiu Colivenc ha sumado <strong>numerosos t\u00edtulos y r\u00e9cords<\/strong>, especialmente en disciplinas de atletismo y monta\u00f1a, situ\u00e1ndose entre los m\u00e1s destacados de la Comunitat Valenciana.<\/p>\n\n\n\n<p>En la entrevista, los fundadores tambi\u00e9n reflexionan sobre los retos del futuro: mantener viva la pasi\u00f3n de los j\u00f3venes, adaptarse a las nuevas tecnolog\u00edas y seguir fomentando el deporte como motor social y educativo.<\/p>\n\n\n\n<p>Con m\u00e1s de <strong>cuatro d\u00e9cadas de dedicaci\u00f3n<\/strong>, el Colivenc sigue siendo ejemplo de constancia y compromiso. Una historia que demuestra que el esfuerzo compartido puede transformar una peque\u00f1a idea en un gran legado deportivo.<\/p>\n<script>function PlayerjsAsync(){} if(window[\"Playerjs\"]){PlayerjsAsync();}<\/script>","protected":false},"excerpt":{"rendered":"<p>En L\u2019Espai conversamos con Jes\u00fas Gil y Antonio Gil, dos de los fundadores del Centre Esportiu Colivenc, que este a\u00f1o celebra su 40 aniversario. Rosana Guill, repasa con los invitados los inicios, la evoluci\u00f3n y el impacto de un club que hoy es referente en el \u00e1mbito deportivo, tanto a ...<\/p>\n","protected":false},"author":2,"featured_media":16745,"comment_status":"closed","ping_status":"closed","sticky":false,"template":"","format":"standard","meta":{"_monsterinsights_skip_tracking":false,"_monsterinsights_sitenote_active":false,"_monsterinsights_sitenote_note":"","_monsterinsights_sitenote_category":0,"footnotes":""},"categories":[4],"tags":[133],"class_list":["post-16742","post","type-post","status-publish","format-standard","has-post-thumbnail","hentry","category-alicante","tag-onil"],"aioseo_notices":[],"_links":{"self":[{"href":"https:\/\/www.lafresca.fm\/fresca-api-json\/wp\/v2\/posts\/16742","targetHints":{"allow":["GET"]}}],"collection":[{"href":"https:\/\/www.lafresca.fm\/fresca-api-json\/wp\/v2\/posts"}],"about":[{"href":"https:\/\/www.lafresca.fm\/fresca-api-json\/wp\/v2\/types\/post"}],"author":[{"embeddable":true,"href":"https:\/\/www.lafresca.fm\/fresca-api-json\/wp\/v2\/users\/2"}],"replies":[{"embeddable":true,"href":"https:\/\/www.lafresca.fm\/fresca-api-json\/wp\/v2\/comments?post=16742"}],"version-history":[{"count":1,"href":"https:\/\/www.lafresca.fm\/fresca-api-json\/wp\/v2\/posts\/16742\/revisions"}],"predecessor-version":[{"id":16746,"href":"https:\/\/www.lafresca.fm\/fresca-api-json\/wp\/v2\/posts\/16742\/revisions\/16746"}],"wp:featuredmedia":[{"embeddable":true,"href":"https:\/\/www.lafresca.fm\/fresca-api-json\/wp\/v2\/media\/16745"}],"wp:attachment":[{"href":"https:\/\/www.lafresca.fm\/fresca-api-json\/wp\/v2\/media?parent=16742"}],"wp:term":[{"taxonomy":"category","embeddable":true,"href":"https:\/\/www.lafresca.fm\/fresca-api-json\/wp\/v2\/categories?post=16742"},{"taxonomy":"post_tag","embeddable":true,"href":"https:\/\/www.lafresca.fm\/fresca-api-json\/wp\/v2\/tags?post=16742"}],"curies":[{"name":"wp","href":"https:\/\/api.w.org\/{rel}","templated":true}]}}