{"id":16754,"date":"2025-11-09T16:24:50","date_gmt":"2025-11-09T15:24:50","guid":{"rendered":"https:\/\/www.lafresca.fm\/?p=16754"},"modified":"2025-11-09T16:24:51","modified_gmt":"2025-11-09T15:24:51","slug":"dos-detenidos-por-el-robo-de-cableado-electrico-en-el-poligono-la-marjal-de-onil","status":"publish","type":"post","link":"https:\/\/www.lafresca.fm\/dos-detenidos-por-el-robo-de-cableado-electrico-en-el-poligono-la-marjal-de-onil\/","title":{"rendered":"Dos detenidos por el robo de cableado el\u00e9ctrico en el Pol\u00edgono La Marjal de Onil"},"content":{"rendered":"\n<p>La <a href=\"https:\/\/www.facebook.com\/policiaonil?__cft__[0]=AZUkLchUAM6xvN0jNzZo4z471URSnQF4W6pYbJOTOAfxt7jj1-DAe68AU4x-Irz0r1IZaHzs3NtBu96ER5HPBa8cm7OVEW5Qb6UxvCkUvLnai7i6H5-Yno6NmfasT5WL6JuhvuLdR6_ZYh-uAwRrAIF3Xe--6p5MBIYfMivmcjUCJLu_8XR1_BSBkOiOrvGlDYc&amp;__tn__=-]K-R\">Polic\u00eda Local<\/a> de Onil detuvo el pasado 3 de noviembre a dos individuos acusados de sustraer cableado el\u00e9ctrico en el Pol\u00edgono Industrial La Marjal, tras ser sorprendidos mientras manipulaban arquetas de alumbrado p\u00fablico.<\/p>\n\n\n\n<p>La actuaci\u00f3n fue posible gracias a la r\u00e1pida intervenci\u00f3n de los agentes y a la colaboraci\u00f3n ciudadana, que alert\u00f3 sobre la presencia sospechosa de un veh\u00edculo Citro\u00ebn C4 Cactus de color rojo en la zona, relacionado con varios robos de cableado.<\/p>\n\n\n\n<p>Durante el registro del veh\u00edculo, los agentes localizaron herramientas de corte, guantes y varios rollos de cable, procediendo a la detenci\u00f3n de los implicados por un presunto delito de robo con fuerza<\/p>\n\n\n\n<p>Desde la Polic\u00eda Local de Onil han agradecido la colaboraci\u00f3n vecinal y han recordado la importancia de avisar ante cualquier hecho sospechoso, subrayando que la implicaci\u00f3n ciudadana es fundamental para prevenir delitos y reforzar la seguridad en el municipio.<\/p>\n\n\n\n<figure class=\"wp-block-image size-full\"><img fetchpriority=\"high\" decoding=\"async\" width=\"1080\" height=\"1080\" src=\"https:\/\/www.lafresca.fm\/f-solosog\/2025\/11\/578043639_1139553781723894_5553665306121736648_n.jpg\" alt=\"\" class=\"wp-image-16755\" srcset=\"https:\/\/www.lafresca.fm\/f-solosog\/2025\/11\/578043639_1139553781723894_5553665306121736648_n.jpg 1080w, https:\/\/www.lafresca.fm\/f-solosog\/2025\/11\/578043639_1139553781723894_5553665306121736648_n-770x770.jpg 770w, https:\/\/www.lafresca.fm\/f-solosog\/2025\/11\/578043639_1139553781723894_5553665306121736648_n-150x150.jpg 150w, https:\/\/www.lafresca.fm\/f-solosog\/2025\/11\/578043639_1139553781723894_5553665306121736648_n-768x768.jpg 768w, https:\/\/www.lafresca.fm\/f-solosog\/2025\/11\/578043639_1139553781723894_5553665306121736648_n-100x100.jpg 100w, https:\/\/www.lafresca.fm\/f-solosog\/2025\/11\/578043639_1139553781723894_5553665306121736648_n-370x370.jpg 370w\" sizes=\"(max-width: 1080px) 100vw, 1080px\" \/><\/figure>\n<script>function PlayerjsAsync(){} if(window[\"Playerjs\"]){PlayerjsAsync();}<\/script>","protected":false},"excerpt":{"rendered":"<p>La Polic\u00eda Local de Onil detuvo el pasado 3 de noviembre a dos individuos acusados de sustraer cableado el\u00e9ctrico en el Pol\u00edgono Industrial La Marjal, tras ser sorprendidos mientras manipulaban arquetas de alumbrado p\u00fablico. La actuaci\u00f3n fue posible gracias a la r\u00e1pida intervenci\u00f3n de los agentes y a la colaboraci\u00f3n ...<\/p>\n","protected":false},"author":2,"featured_media":16755,"comment_status":"closed","ping_status":"closed","sticky":false,"template":"","format":"standard","meta":{"_monsterinsights_skip_tracking":false,"_monsterinsights_sitenote_active":false,"_monsterinsights_sitenote_note":"","_monsterinsights_sitenote_category":0,"footnotes":""},"categories":[4],"tags":[133],"class_list":["post-16754","post","type-post","status-publish","format-standard","has-post-thumbnail","hentry","category-alicante","tag-onil"],"aioseo_notices":[],"_links":{"self":[{"href":"https:\/\/www.lafresca.fm\/fresca-api-json\/wp\/v2\/posts\/16754","targetHints":{"allow":["GET"]}}],"collection":[{"href":"https:\/\/www.lafresca.fm\/fresca-api-json\/wp\/v2\/posts"}],"about":[{"href":"https:\/\/www.lafresca.fm\/fresca-api-json\/wp\/v2\/types\/post"}],"author":[{"embeddable":true,"href":"https:\/\/www.lafresca.fm\/fresca-api-json\/wp\/v2\/users\/2"}],"replies":[{"embeddable":true,"href":"https:\/\/www.lafresca.fm\/fresca-api-json\/wp\/v2\/comments?post=16754"}],"version-history":[{"count":1,"href":"https:\/\/www.lafresca.fm\/fresca-api-json\/wp\/v2\/posts\/16754\/revisions"}],"predecessor-version":[{"id":16756,"href":"https:\/\/www.lafresca.fm\/fresca-api-json\/wp\/v2\/posts\/16754\/revisions\/16756"}],"wp:featuredmedia":[{"embeddable":true,"href":"https:\/\/www.lafresca.fm\/fresca-api-json\/wp\/v2\/media\/16755"}],"wp:attachment":[{"href":"https:\/\/www.lafresca.fm\/fresca-api-json\/wp\/v2\/media?parent=16754"}],"wp:term":[{"taxonomy":"category","embeddable":true,"href":"https:\/\/www.lafresca.fm\/fresca-api-json\/wp\/v2\/categories?post=16754"},{"taxonomy":"post_tag","embeddable":true,"href":"https:\/\/www.lafresca.fm\/fresca-api-json\/wp\/v2\/tags?post=16754"}],"curies":[{"name":"wp","href":"https:\/\/api.w.org\/{rel}","templated":true}]}}