{"id":16757,"date":"2025-11-09T16:32:11","date_gmt":"2025-11-09T15:32:11","guid":{"rendered":"https:\/\/www.lafresca.fm\/?p=16757"},"modified":"2025-11-09T16:32:13","modified_gmt":"2025-11-09T15:32:13","slug":"fallece-un-hombre-al-colisionar-su-coche-contra-un-arbol-en-el-camino-de-la-devesa-de-ibi","status":"publish","type":"post","link":"https:\/\/www.lafresca.fm\/fallece-un-hombre-al-colisionar-su-coche-contra-un-arbol-en-el-camino-de-la-devesa-de-ibi\/","title":{"rendered":"Fallece un hombre al colisionar su coche contra un \u00e1rbol en el camino de la Devesa de Ibi"},"content":{"rendered":"\n<p>Un hombre ha fallecido este domingo en un accidente de tr\u00e1fico tras colisionar el veh\u00edculo en el que viajaba contra un \u00e1rbol en el camino La Devesa de Ibi, seg\u00fan ha informado el <strong>Centro de Informaci\u00f3n y Coordinaci\u00f3n de Urgencias (CICU)<\/strong>.<\/p>\n\n\n\n<p>El aviso del siniestro se recibi\u00f3 en la ma\u00f1ana de este domingo 9 de noviembre, momento en que el CICU moviliz\u00f3 una <strong>unidad del SAMU<\/strong> y otra de <strong>Soporte Vital B\u00e1sico (SVB)<\/strong> hasta el lugar del accidente.<\/p>\n\n\n\n<p>A su llegada, el <strong>equipo m\u00e9dico del SAMU<\/strong> solo pudo confirmar el fallecimiento del conductor, un hombre cuya edad no ha sido facilitada.<\/p>\n\n\n\n<p>Las autoridades han abierto una investigaci\u00f3n para determinar las causas del accidente.<\/p>\n\n\n\n<figure class=\"wp-block-image size-full\"><img fetchpriority=\"high\" decoding=\"async\" width=\"1080\" height=\"1080\" src=\"https:\/\/www.lafresca.fm\/f-solosog\/2025\/11\/WhatsApp-Image-2025-11-09-at-16.31.16.jpeg\" alt=\"\" class=\"wp-image-16758\" srcset=\"https:\/\/www.lafresca.fm\/f-solosog\/2025\/11\/WhatsApp-Image-2025-11-09-at-16.31.16.jpeg 1080w, https:\/\/www.lafresca.fm\/f-solosog\/2025\/11\/WhatsApp-Image-2025-11-09-at-16.31.16-770x770.jpeg 770w, https:\/\/www.lafresca.fm\/f-solosog\/2025\/11\/WhatsApp-Image-2025-11-09-at-16.31.16-150x150.jpeg 150w, https:\/\/www.lafresca.fm\/f-solosog\/2025\/11\/WhatsApp-Image-2025-11-09-at-16.31.16-768x768.jpeg 768w, https:\/\/www.lafresca.fm\/f-solosog\/2025\/11\/WhatsApp-Image-2025-11-09-at-16.31.16-100x100.jpeg 100w, https:\/\/www.lafresca.fm\/f-solosog\/2025\/11\/WhatsApp-Image-2025-11-09-at-16.31.16-370x370.jpeg 370w\" sizes=\"(max-width: 1080px) 100vw, 1080px\" \/><\/figure>\n<script>function PlayerjsAsync(){} if(window[\"Playerjs\"]){PlayerjsAsync();}<\/script>","protected":false},"excerpt":{"rendered":"<p>Un hombre ha fallecido este domingo en un accidente de tr\u00e1fico tras colisionar el veh\u00edculo en el que viajaba contra un \u00e1rbol en el camino La Devesa de Ibi, seg\u00fan ha informado el Centro de Informaci\u00f3n y Coordinaci\u00f3n de Urgencias (CICU). El aviso del siniestro se recibi\u00f3 en la ma\u00f1ana ...<\/p>\n","protected":false},"author":2,"featured_media":16758,"comment_status":"closed","ping_status":"closed","sticky":false,"template":"","format":"standard","meta":{"_monsterinsights_skip_tracking":false,"_monsterinsights_sitenote_active":false,"_monsterinsights_sitenote_note":"","_monsterinsights_sitenote_category":0,"footnotes":""},"categories":[4],"tags":[128],"class_list":["post-16757","post","type-post","status-publish","format-standard","has-post-thumbnail","hentry","category-alicante","tag-ibi"],"aioseo_notices":[],"_links":{"self":[{"href":"https:\/\/www.lafresca.fm\/fresca-api-json\/wp\/v2\/posts\/16757","targetHints":{"allow":["GET"]}}],"collection":[{"href":"https:\/\/www.lafresca.fm\/fresca-api-json\/wp\/v2\/posts"}],"about":[{"href":"https:\/\/www.lafresca.fm\/fresca-api-json\/wp\/v2\/types\/post"}],"author":[{"embeddable":true,"href":"https:\/\/www.lafresca.fm\/fresca-api-json\/wp\/v2\/users\/2"}],"replies":[{"embeddable":true,"href":"https:\/\/www.lafresca.fm\/fresca-api-json\/wp\/v2\/comments?post=16757"}],"version-history":[{"count":1,"href":"https:\/\/www.lafresca.fm\/fresca-api-json\/wp\/v2\/posts\/16757\/revisions"}],"predecessor-version":[{"id":16759,"href":"https:\/\/www.lafresca.fm\/fresca-api-json\/wp\/v2\/posts\/16757\/revisions\/16759"}],"wp:featuredmedia":[{"embeddable":true,"href":"https:\/\/www.lafresca.fm\/fresca-api-json\/wp\/v2\/media\/16758"}],"wp:attachment":[{"href":"https:\/\/www.lafresca.fm\/fresca-api-json\/wp\/v2\/media?parent=16757"}],"wp:term":[{"taxonomy":"category","embeddable":true,"href":"https:\/\/www.lafresca.fm\/fresca-api-json\/wp\/v2\/categories?post=16757"},{"taxonomy":"post_tag","embeddable":true,"href":"https:\/\/www.lafresca.fm\/fresca-api-json\/wp\/v2\/tags?post=16757"}],"curies":[{"name":"wp","href":"https:\/\/api.w.org\/{rel}","templated":true}]}}