{"id":16775,"date":"2025-11-11T16:04:29","date_gmt":"2025-11-11T15:04:29","guid":{"rendered":"https:\/\/www.lafresca.fm\/?p=16775"},"modified":"2025-11-11T16:04:30","modified_gmt":"2025-11-11T15:04:30","slug":"onil-celebra-la-segunda-etapa-del-correbars-este-sabado-15-de-noviembre","status":"publish","type":"post","link":"https:\/\/www.lafresca.fm\/onil-celebra-la-segunda-etapa-del-correbars-este-sabado-15-de-noviembre\/","title":{"rendered":"Onil celebra la segunda etapa del \u201cCorrebars\u201d este s\u00e1bado 15 de noviembre"},"content":{"rendered":"\n<p>Onil acoger\u00e1 el pr\u00f3ximo&nbsp;<strong>15 de noviembre<\/strong>&nbsp;la&nbsp;<strong>segunda etapa del Correbars<\/strong>, una iniciativa gastron\u00f3mica y cultural que naci\u00f3 el pasado mes con una gran acogida por parte de vecinos y visitantes. El evento propone un recorrido por distintos establecimientos hosteleros del municipio, acompa\u00f1ado de m\u00fasica en directo y ambiente festivo en las calles.<\/p>\n\n\n\n<figure class=\"wp-block-image size-large is-resized\"><img fetchpriority=\"high\" decoding=\"async\" width=\"1170\" height=\"878\" src=\"https:\/\/www.lafresca.fm\/f-solosog\/2025\/11\/574326476_1244080514421880_276682297516237480_n-1170x878.jpg\" alt=\"\" class=\"wp-image-16777\" style=\"width:777px;height:auto\" srcset=\"https:\/\/www.lafresca.fm\/f-solosog\/2025\/11\/574326476_1244080514421880_276682297516237480_n-1170x878.jpg 1170w, https:\/\/www.lafresca.fm\/f-solosog\/2025\/11\/574326476_1244080514421880_276682297516237480_n-770x578.jpg 770w, https:\/\/www.lafresca.fm\/f-solosog\/2025\/11\/574326476_1244080514421880_276682297516237480_n-768x576.jpg 768w, https:\/\/www.lafresca.fm\/f-solosog\/2025\/11\/574326476_1244080514421880_276682297516237480_n-1536x1152.jpg 1536w, https:\/\/www.lafresca.fm\/f-solosog\/2025\/11\/574326476_1244080514421880_276682297516237480_n.jpg 2048w\" sizes=\"(max-width: 1170px) 100vw, 1170px\" \/><\/figure>\n\n\n\n<p>La actividad dar\u00e1 inicio a las&nbsp;<strong>12:00 horas en La Redonda<\/strong>, punto de encuentro y primera parada de la ruta. Por un precio de&nbsp;<strong>4 euros<\/strong>, los participantes podr\u00e1n disfrutar en cada establecimiento de&nbsp;<strong>una tapa acompa\u00f1ada de una bebida<\/strong>, fomentando as\u00ed el consumo local y la dinamizaci\u00f3n del entorno urbano.<\/p>\n\n\n\n<p>El recorrido incluir\u00e1 las siguientes paradas:<\/p>\n\n\n\n<ol class=\"wp-block-list\">\n<li>La Redonda<\/li>\n\n\n\n<li>Rac\u00f3 de Sardina<\/li>\n\n\n\n<li>Centre Social Polivalent<\/li>\n\n\n\n<li>Caf\u00e9 i Flors<\/li>\n\n\n\n<li>Vizca\u00ednos<\/li>\n\n\n\n<li>Pub ZAP<\/li>\n<\/ol>\n\n\n\n<p>La jornada contar\u00e1 con la participaci\u00f3n de las Xarangas&nbsp;<strong>Xaranfoia<\/strong>&nbsp;y&nbsp;<strong>El Xatet<\/strong>, que amenizar\u00e1n el trayecto con m\u00fasica en directo, contribuyendo a generar un ambiente participativo y festivo.<\/p>\n\n\n\n<figure class=\"wp-block-image size-large is-resized\"><img decoding=\"async\" width=\"1170\" height=\"878\" src=\"https:\/\/www.lafresca.fm\/f-solosog\/2025\/11\/574263528_1244079824421949_5768604748257836164_n-1170x878.jpg\" alt=\"\" class=\"wp-image-16778\" style=\"width:775px;height:auto\" srcset=\"https:\/\/www.lafresca.fm\/f-solosog\/2025\/11\/574263528_1244079824421949_5768604748257836164_n-1170x878.jpg 1170w, https:\/\/www.lafresca.fm\/f-solosog\/2025\/11\/574263528_1244079824421949_5768604748257836164_n-770x578.jpg 770w, https:\/\/www.lafresca.fm\/f-solosog\/2025\/11\/574263528_1244079824421949_5768604748257836164_n-768x576.jpg 768w, https:\/\/www.lafresca.fm\/f-solosog\/2025\/11\/574263528_1244079824421949_5768604748257836164_n-1536x1152.jpg 1536w, https:\/\/www.lafresca.fm\/f-solosog\/2025\/11\/574263528_1244079824421949_5768604748257836164_n.jpg 2048w\" sizes=\"(max-width: 1170px) 100vw, 1170px\" \/><\/figure>\n\n\n\n<p>El Correbars forma parte de las iniciativas impulsadas para&nbsp;<strong>promover la vida social, la cultura popular y el comercio local<\/strong>&nbsp;en Onil. Desde la organizaci\u00f3n se destaca el valor de este tipo de acciones como punto de encuentro entre ciudadan\u00eda, m\u00fasica y gastronom\u00eda.<\/p>\n\n\n\n<p>La actividad est\u00e1 abierta a personas de todas las edades que deseen disfrutar de una ma\u00f1ana diferente en compa\u00f1\u00eda de familiares y amigos.<\/p>\n\n\n\n<figure class=\"wp-block-image size-large\"><img decoding=\"async\" width=\"827\" height=\"1170\" src=\"https:\/\/www.lafresca.fm\/f-solosog\/2025\/11\/WhatsApp-Image-2025-11-10-at-17.54.57-827x1170.jpeg\" alt=\"\" class=\"wp-image-16776\" srcset=\"https:\/\/www.lafresca.fm\/f-solosog\/2025\/11\/WhatsApp-Image-2025-11-10-at-17.54.57-827x1170.jpeg 827w, https:\/\/www.lafresca.fm\/f-solosog\/2025\/11\/WhatsApp-Image-2025-11-10-at-17.54.57-544x770.jpeg 544w, https:\/\/www.lafresca.fm\/f-solosog\/2025\/11\/WhatsApp-Image-2025-11-10-at-17.54.57-768x1086.jpeg 768w, https:\/\/www.lafresca.fm\/f-solosog\/2025\/11\/WhatsApp-Image-2025-11-10-at-17.54.57-1086x1536.jpeg 1086w, https:\/\/www.lafresca.fm\/f-solosog\/2025\/11\/WhatsApp-Image-2025-11-10-at-17.54.57.jpeg 1131w\" sizes=\"(max-width: 827px) 100vw, 827px\" \/><\/figure>\n<script>function PlayerjsAsync(){} if(window[\"Playerjs\"]){PlayerjsAsync();}<\/script>","protected":false},"excerpt":{"rendered":"<p>Onil acoger\u00e1 el pr\u00f3ximo&nbsp;15 de noviembre&nbsp;la&nbsp;segunda etapa del Correbars, una iniciativa gastron\u00f3mica y cultural que naci\u00f3 el pasado mes con una gran acogida por parte de vecinos y visitantes. El evento propone un recorrido por distintos establecimientos hosteleros del municipio, acompa\u00f1ado de m\u00fasica en directo y ambiente festivo en las ...<\/p>\n","protected":false},"author":2,"featured_media":16778,"comment_status":"closed","ping_status":"closed","sticky":false,"template":"","format":"standard","meta":{"_monsterinsights_skip_tracking":false,"_monsterinsights_sitenote_active":false,"_monsterinsights_sitenote_note":"","_monsterinsights_sitenote_category":0,"footnotes":""},"categories":[4],"tags":[133],"class_list":["post-16775","post","type-post","status-publish","format-standard","has-post-thumbnail","hentry","category-alicante","tag-onil"],"aioseo_notices":[],"_links":{"self":[{"href":"https:\/\/www.lafresca.fm\/fresca-api-json\/wp\/v2\/posts\/16775","targetHints":{"allow":["GET"]}}],"collection":[{"href":"https:\/\/www.lafresca.fm\/fresca-api-json\/wp\/v2\/posts"}],"about":[{"href":"https:\/\/www.lafresca.fm\/fresca-api-json\/wp\/v2\/types\/post"}],"author":[{"embeddable":true,"href":"https:\/\/www.lafresca.fm\/fresca-api-json\/wp\/v2\/users\/2"}],"replies":[{"embeddable":true,"href":"https:\/\/www.lafresca.fm\/fresca-api-json\/wp\/v2\/comments?post=16775"}],"version-history":[{"count":1,"href":"https:\/\/www.lafresca.fm\/fresca-api-json\/wp\/v2\/posts\/16775\/revisions"}],"predecessor-version":[{"id":16779,"href":"https:\/\/www.lafresca.fm\/fresca-api-json\/wp\/v2\/posts\/16775\/revisions\/16779"}],"wp:featuredmedia":[{"embeddable":true,"href":"https:\/\/www.lafresca.fm\/fresca-api-json\/wp\/v2\/media\/16778"}],"wp:attachment":[{"href":"https:\/\/www.lafresca.fm\/fresca-api-json\/wp\/v2\/media?parent=16775"}],"wp:term":[{"taxonomy":"category","embeddable":true,"href":"https:\/\/www.lafresca.fm\/fresca-api-json\/wp\/v2\/categories?post=16775"},{"taxonomy":"post_tag","embeddable":true,"href":"https:\/\/www.lafresca.fm\/fresca-api-json\/wp\/v2\/tags?post=16775"}],"curies":[{"name":"wp","href":"https:\/\/api.w.org\/{rel}","templated":true}]}}