{"id":16801,"date":"2025-11-13T12:56:52","date_gmt":"2025-11-13T11:56:52","guid":{"rendered":"https:\/\/www.lafresca.fm\/?p=16801"},"modified":"2025-11-13T12:56:58","modified_gmt":"2025-11-13T11:56:58","slug":"onil-se-prepara-para-celebrar-el-nostre-senyor-robat-con-actos-previos-y-su-tradicional-peregrinacion-desde-tibi","status":"publish","type":"post","link":"https:\/\/www.lafresca.fm\/onil-se-prepara-para-celebrar-el-nostre-senyor-robat-con-actos-previos-y-su-tradicional-peregrinacion-desde-tibi\/","title":{"rendered":"Onil se prepara para celebrar el Nostre Senyor Robat con actos previos y su tradicional peregrinaci\u00f3n desde Tibi"},"content":{"rendered":"\n<figure class=\"wp-block-audio\"><audio controls src=\"https:\/\/www.lafresca.fm\/f-solosog\/2025\/11\/Entrevista-lespai-Nostre-Senyor-Robat-1311-25.mp3\"><\/audio><\/figure>\n\n\n\n<p>En <em>L\u2019Espai<\/em>, con Rosana Guill, entrevistamos a Jos\u00e9 Manuel Bascu\u00f1ana, p\u00e1rroco de Onil, junto a Crist\u00f3bal Pastor y Antonio Vidal, representantes de la Mayordom\u00eda de la Mare de D\u00e9u de la Salut. Durante la conversaci\u00f3n, hablaron sobre la pr\u00f3xima festividad del <strong>Nostre Senyor Robat<\/strong>, que se celebrar\u00e1 el <strong>28 de noviembre<\/strong> en Onil.<\/p>\n\n\n\n<p>Como preparaci\u00f3n para esta celebraci\u00f3n, se llevar\u00e1n a cabo diversos actos previos, entre ellos la tradicional <strong>peregrinaci\u00f3n desde Tibi a Onil<\/strong>, que tendr\u00e1 lugar el <strong>domingo 23 de noviembre<\/strong>. Una cita destacada en el calendario religioso y cultural de la localidad.<\/p>\n\n\n\n<figure class=\"wp-block-image size-large\"><img fetchpriority=\"high\" decoding=\"async\" width=\"1170\" height=\"878\" src=\"https:\/\/www.lafresca.fm\/f-solosog\/2025\/11\/lespai-nostre-senyor-robat-13_11_25-1-1170x878.png\" alt=\"\" class=\"wp-image-16804\" srcset=\"https:\/\/www.lafresca.fm\/f-solosog\/2025\/11\/lespai-nostre-senyor-robat-13_11_25-1-1170x878.png 1170w, https:\/\/www.lafresca.fm\/f-solosog\/2025\/11\/lespai-nostre-senyor-robat-13_11_25-1-770x578.png 770w, https:\/\/www.lafresca.fm\/f-solosog\/2025\/11\/lespai-nostre-senyor-robat-13_11_25-1-768x576.png 768w, https:\/\/www.lafresca.fm\/f-solosog\/2025\/11\/lespai-nostre-senyor-robat-13_11_25-1-1536x1152.png 1536w, https:\/\/www.lafresca.fm\/f-solosog\/2025\/11\/lespai-nostre-senyor-robat-13_11_25-1.png 2000w\" sizes=\"(max-width: 1170px) 100vw, 1170px\" \/><\/figure>\n<script>function PlayerjsAsync(){} if(window[\"Playerjs\"]){PlayerjsAsync();}<\/script>","protected":false},"excerpt":{"rendered":"<p>En L\u2019Espai, con Rosana Guill, entrevistamos a Jos\u00e9 Manuel Bascu\u00f1ana, p\u00e1rroco de Onil, junto a Crist\u00f3bal Pastor y Antonio Vidal, representantes de la Mayordom\u00eda de la Mare de D\u00e9u de la Salut. Durante la conversaci\u00f3n, hablaron sobre la pr\u00f3xima festividad del Nostre Senyor Robat, que se celebrar\u00e1 el 28 de ...<\/p>\n","protected":false},"author":2,"featured_media":16803,"comment_status":"closed","ping_status":"closed","sticky":false,"template":"","format":"standard","meta":{"_monsterinsights_skip_tracking":false,"_monsterinsights_sitenote_active":false,"_monsterinsights_sitenote_note":"","_monsterinsights_sitenote_category":0,"footnotes":""},"categories":[4],"tags":[133],"class_list":["post-16801","post","type-post","status-publish","format-standard","has-post-thumbnail","hentry","category-alicante","tag-onil"],"aioseo_notices":[],"_links":{"self":[{"href":"https:\/\/www.lafresca.fm\/fresca-api-json\/wp\/v2\/posts\/16801","targetHints":{"allow":["GET"]}}],"collection":[{"href":"https:\/\/www.lafresca.fm\/fresca-api-json\/wp\/v2\/posts"}],"about":[{"href":"https:\/\/www.lafresca.fm\/fresca-api-json\/wp\/v2\/types\/post"}],"author":[{"embeddable":true,"href":"https:\/\/www.lafresca.fm\/fresca-api-json\/wp\/v2\/users\/2"}],"replies":[{"embeddable":true,"href":"https:\/\/www.lafresca.fm\/fresca-api-json\/wp\/v2\/comments?post=16801"}],"version-history":[{"count":1,"href":"https:\/\/www.lafresca.fm\/fresca-api-json\/wp\/v2\/posts\/16801\/revisions"}],"predecessor-version":[{"id":16805,"href":"https:\/\/www.lafresca.fm\/fresca-api-json\/wp\/v2\/posts\/16801\/revisions\/16805"}],"wp:featuredmedia":[{"embeddable":true,"href":"https:\/\/www.lafresca.fm\/fresca-api-json\/wp\/v2\/media\/16803"}],"wp:attachment":[{"href":"https:\/\/www.lafresca.fm\/fresca-api-json\/wp\/v2\/media?parent=16801"}],"wp:term":[{"taxonomy":"category","embeddable":true,"href":"https:\/\/www.lafresca.fm\/fresca-api-json\/wp\/v2\/categories?post=16801"},{"taxonomy":"post_tag","embeddable":true,"href":"https:\/\/www.lafresca.fm\/fresca-api-json\/wp\/v2\/tags?post=16801"}],"curies":[{"name":"wp","href":"https:\/\/api.w.org\/{rel}","templated":true}]}}