{"id":16816,"date":"2025-11-14T13:01:49","date_gmt":"2025-11-14T12:01:49","guid":{"rendered":"https:\/\/www.lafresca.fm\/?p=16816"},"modified":"2025-11-14T16:59:03","modified_gmt":"2025-11-14T15:59:03","slug":"ibi-conmemora-el-dia-internacional-de-la-ciudad-educadora-2025-con-un-amplio-programa-de-actividades","status":"publish","type":"post","link":"https:\/\/www.lafresca.fm\/ibi-conmemora-el-dia-internacional-de-la-ciudad-educadora-2025-con-un-amplio-programa-de-actividades\/","title":{"rendered":"Ibi conmemora el D\u00eda Internacional de la Ciudad Educadora 2025 con un amplio programa de actividades"},"content":{"rendered":"\n<figure class=\"wp-block-audio\"><audio controls src=\"https:\/\/www.lafresca.fm\/f-solosog\/2025\/11\/Entrevista-Paula-Peidro-1411-25.mp3\"><\/audio><\/figure>\n\n\n\n<p>La regidora de Educaci\u00f3n y Comercio del Ayuntamiento de Ibi, <strong>Paula Peidr\u00f3<\/strong>, ha detallado en nuestros micr\u00f3fonos los actos y proyectos municipales que marcar\u00e1n el mes de noviembre con motivo de la celebraci\u00f3n del <strong>D\u00eda Internacional de la Ciudad Educadora 2025<\/strong>. Las actividades arrancar\u00e1n este s\u00e1bado 15 de noviembre.<\/p>\n\n\n\n<p>Peidr\u00f3 destac\u00f3 que el objetivo principal de esta edici\u00f3n es <strong>reforzar el compromiso de Ibi como ciudad educadora<\/strong>, promoviendo iniciativas que fomenten valores como la inclusi\u00f3n, la convivencia, la creatividad y la salud mental de ni\u00f1os, j\u00f3venes y familias.<\/p>\n\n\n\n<figure class=\"wp-block-image size-large is-resized\"><img fetchpriority=\"high\" decoding=\"async\" width=\"827\" height=\"1170\" src=\"https:\/\/www.lafresca.fm\/f-solosog\/2025\/11\/actividades-ciudades-educadoras-2025-827x1170.jpg\" alt=\"\" class=\"wp-image-16724\" style=\"width:794px;height:auto\" srcset=\"https:\/\/www.lafresca.fm\/f-solosog\/2025\/11\/actividades-ciudades-educadoras-2025-827x1170.jpg 827w, https:\/\/www.lafresca.fm\/f-solosog\/2025\/11\/actividades-ciudades-educadoras-2025-544x770.jpg 544w, https:\/\/www.lafresca.fm\/f-solosog\/2025\/11\/actividades-ciudades-educadoras-2025-768x1086.jpg 768w, https:\/\/www.lafresca.fm\/f-solosog\/2025\/11\/actividades-ciudades-educadoras-2025-1086x1536.jpg 1086w, https:\/\/www.lafresca.fm\/f-solosog\/2025\/11\/actividades-ciudades-educadoras-2025-1448x2048.jpg 1448w, https:\/\/www.lafresca.fm\/f-solosog\/2025\/11\/actividades-ciudades-educadoras-2025-scaled.jpg 1810w\" sizes=\"(max-width: 827px) 100vw, 827px\" \/><\/figure>\n\n\n\n<h3 class=\"wp-block-heading\">Programas educativos y actividades de noviembre<\/h3>\n\n\n\n<p>Durante la entrevista, la regidora explic\u00f3 que se han preparado diversas acciones formativas, talleres y eventos adaptados a diferentes edades. El Ayuntamiento contin\u00faa adem\u00e1s ampliando los <strong>programas en materia de educaci\u00f3n<\/strong>, con nuevas propuestas centradas en la prevenci\u00f3n, el acompa\u00f1amiento emocional y el aprendizaje a trav\u00e9s de la experiencia.<\/p>\n\n\n\n<h3 class=\"wp-block-heading\">Bono Consumo y campa\u00f1a de comercio ibense<\/h3>\n\n\n\n<p>En el \u00e1mbito comercial, Paula Peidr\u00f3 explic\u00f3 que <strong>este a\u00f1o no habr\u00e1 edici\u00f3n del Bono Consumo<\/strong>, ya que la Diputaci\u00f3n ha decidido <strong>no habilitar la partida econ\u00f3mica destinada a este programa<\/strong>, lo que imposibilita su puesta en marcha en el municipio.<\/p>\n\n\n\n<p>A pesar de ello, la regidora destac\u00f3 que el Ayuntamiento mantiene su apoyo al comercio local mediante diversas iniciativas, entre ellas el <strong>inicio oficial de la campa\u00f1a de comercio de Navidad<\/strong>, orientada a dinamizar las compras durante estas fechas y a fortalecer la visibilidad y competitividad del tejido comercial ibense.<\/p>\n\n\n\n<h3 class=\"wp-block-heading\">Presentaci\u00f3n del cuento infantil \u201cIrene y el susurro de la ansiedad\u201d<\/h3>\n\n\n\n<p>La edil tambi\u00e9n ha destacado la presentaci\u00f3n del cuento infantil <strong>\u201cIrene y el susurro de la ansiedad\u201d<\/strong>, una obra que aborda la ansiedad desde una perspectiva accesible y pedag\u00f3gica para los m\u00e1s peque\u00f1os.<\/p>\n\n\n\n<p>El evento tendr\u00e1 lugar hoy <strong>viernes 14 de noviembre a las 20:00 h<\/strong> en el <strong>Centro Social Polivalente Carme Garrig\u00f3s<\/strong> (C\/ Doctor Ferr\u00e1n, 5).<br>El libro est\u00e1 <strong>escrito por Sander De Bruyn<\/strong> y <strong>ilustrado por Vanesa Vidal<\/strong>, y se presenta como una herramienta de apoyo para familias y profesionales que buscan introducir la gesti\u00f3n emocional de manera cercana y comprensible.<\/p>\n\n\n\n<figure class=\"wp-block-image size-large\"><img decoding=\"async\" width=\"1170\" height=\"877\" src=\"https:\/\/www.lafresca.fm\/f-solosog\/2025\/11\/paula-peidro-educacion-y-comercio-ibi-14_11_25-1170x877.png\" alt=\"\" class=\"wp-image-16818\" srcset=\"https:\/\/www.lafresca.fm\/f-solosog\/2025\/11\/paula-peidro-educacion-y-comercio-ibi-14_11_25-1170x877.png 1170w, https:\/\/www.lafresca.fm\/f-solosog\/2025\/11\/paula-peidro-educacion-y-comercio-ibi-14_11_25-770x577.png 770w, https:\/\/www.lafresca.fm\/f-solosog\/2025\/11\/paula-peidro-educacion-y-comercio-ibi-14_11_25-768x576.png 768w, https:\/\/www.lafresca.fm\/f-solosog\/2025\/11\/paula-peidro-educacion-y-comercio-ibi-14_11_25-1536x1152.png 1536w, https:\/\/www.lafresca.fm\/f-solosog\/2025\/11\/paula-peidro-educacion-y-comercio-ibi-14_11_25.png 1991w\" sizes=\"(max-width: 1170px) 100vw, 1170px\" \/><\/figure>\n<script>function PlayerjsAsync(){} if(window[\"Playerjs\"]){PlayerjsAsync();}<\/script>","protected":false},"excerpt":{"rendered":"<p>La regidora de Educaci\u00f3n y Comercio del Ayuntamiento de Ibi, Paula Peidr\u00f3, ha detallado en nuestros micr\u00f3fonos los actos y proyectos municipales que marcar\u00e1n el mes de noviembre con motivo de la celebraci\u00f3n del D\u00eda Internacional de la Ciudad Educadora 2025. Las actividades arrancar\u00e1n este s\u00e1bado 15 de noviembre. Peidr\u00f3 ...<\/p>\n","protected":false},"author":2,"featured_media":16818,"comment_status":"closed","ping_status":"closed","sticky":false,"template":"","format":"standard","meta":{"_monsterinsights_skip_tracking":false,"_monsterinsights_sitenote_active":false,"_monsterinsights_sitenote_note":"","_monsterinsights_sitenote_category":0,"footnotes":""},"categories":[4],"tags":[128],"class_list":["post-16816","post","type-post","status-publish","format-standard","has-post-thumbnail","hentry","category-alicante","tag-ibi"],"aioseo_notices":[],"_links":{"self":[{"href":"https:\/\/www.lafresca.fm\/fresca-api-json\/wp\/v2\/posts\/16816","targetHints":{"allow":["GET"]}}],"collection":[{"href":"https:\/\/www.lafresca.fm\/fresca-api-json\/wp\/v2\/posts"}],"about":[{"href":"https:\/\/www.lafresca.fm\/fresca-api-json\/wp\/v2\/types\/post"}],"author":[{"embeddable":true,"href":"https:\/\/www.lafresca.fm\/fresca-api-json\/wp\/v2\/users\/2"}],"replies":[{"embeddable":true,"href":"https:\/\/www.lafresca.fm\/fresca-api-json\/wp\/v2\/comments?post=16816"}],"version-history":[{"count":2,"href":"https:\/\/www.lafresca.fm\/fresca-api-json\/wp\/v2\/posts\/16816\/revisions"}],"predecessor-version":[{"id":16827,"href":"https:\/\/www.lafresca.fm\/fresca-api-json\/wp\/v2\/posts\/16816\/revisions\/16827"}],"wp:featuredmedia":[{"embeddable":true,"href":"https:\/\/www.lafresca.fm\/fresca-api-json\/wp\/v2\/media\/16818"}],"wp:attachment":[{"href":"https:\/\/www.lafresca.fm\/fresca-api-json\/wp\/v2\/media?parent=16816"}],"wp:term":[{"taxonomy":"category","embeddable":true,"href":"https:\/\/www.lafresca.fm\/fresca-api-json\/wp\/v2\/categories?post=16816"},{"taxonomy":"post_tag","embeddable":true,"href":"https:\/\/www.lafresca.fm\/fresca-api-json\/wp\/v2\/tags?post=16816"}],"curies":[{"name":"wp","href":"https:\/\/api.w.org\/{rel}","templated":true}]}}