{"id":16821,"date":"2025-11-14T14:14:38","date_gmt":"2025-11-14T13:14:38","guid":{"rendered":"https:\/\/www.lafresca.fm\/?p=16821"},"modified":"2025-11-14T14:14:40","modified_gmt":"2025-11-14T13:14:40","slug":"moda-rosana-de-onil-celebra-el-sabado-15-de-noviembre-su-primer-aniversario-con-descuentos-y-merienda-especial","status":"publish","type":"post","link":"https:\/\/www.lafresca.fm\/moda-rosana-de-onil-celebra-el-sabado-15-de-noviembre-su-primer-aniversario-con-descuentos-y-merienda-especial\/","title":{"rendered":"Moda Rosana de Onil celebra el s\u00e1bado 15 de noviembre su primer aniversario con descuentos y merienda especial"},"content":{"rendered":"\n<p><strong>Moda Rosana<\/strong> est\u00e1 de celebraci\u00f3n.<\/p>\n\n\n\n<p>Este s\u00e1bado d\u00eda 15 de noviembre, el establecimiento ubicado en la Avenida de la Paz n\u00ba1 de Onil cumple su primer a\u00f1o desde que abri\u00f3 sus puertas, un periodo que describen como \u201clleno de emociones, trabajo, aprendizaje y momentos preciosos compartidos con los clientes\u201d.<\/p>\n\n\n\n<figure class=\"wp-block-image size-full\"><img fetchpriority=\"high\" decoding=\"async\" width=\"511\" height=\"514\" src=\"https:\/\/www.lafresca.fm\/f-solosog\/2025\/02\/Captura-moda-rosana.png\" alt=\"\" class=\"wp-image-14235\" srcset=\"https:\/\/www.lafresca.fm\/f-solosog\/2025\/02\/Captura-moda-rosana.png 511w, https:\/\/www.lafresca.fm\/f-solosog\/2025\/02\/Captura-moda-rosana-150x150.png 150w, https:\/\/www.lafresca.fm\/f-solosog\/2025\/02\/Captura-moda-rosana-100x100.png 100w\" sizes=\"(max-width: 511px) 100vw, 511px\" \/><\/figure>\n\n\n\n<p>Para agradecer el apoyo recibido durante estos doce meses, la tienda ofrecer\u00e1 <strong>un 15% de descuento en todos sus productos<\/strong>, adem\u00e1s de una <strong>merienda gratuita<\/strong> y un ambiente \u201cc\u00e1lido y cercano\u201d para quienes se acerquen a festejar este aniversario.<\/p>\n\n\n\n<p>La celebraci\u00f3n dar\u00e1 comienzo el s\u00e1bado a partir de las <strong>17:30 horas<\/strong> en el propio local. Desde la direcci\u00f3n de Moda Rosana animan a los vecinos y visitantes a sumarse a esta jornada especial: \u201cVen, celebra y sigue formando parte de esta bonita historia\u201d.<\/p>\n\n\n\n<figure class=\"wp-block-image size-large\"><img decoding=\"async\" width=\"936\" height=\"1170\" src=\"https:\/\/www.lafresca.fm\/f-solosog\/2025\/11\/WhatsApp-Image-2025-11-07-at-14.15.20-1-936x1170.jpeg\" alt=\"\" class=\"wp-image-16822\" srcset=\"https:\/\/www.lafresca.fm\/f-solosog\/2025\/11\/WhatsApp-Image-2025-11-07-at-14.15.20-1-936x1170.jpeg 936w, https:\/\/www.lafresca.fm\/f-solosog\/2025\/11\/WhatsApp-Image-2025-11-07-at-14.15.20-1-616x770.jpeg 616w, https:\/\/www.lafresca.fm\/f-solosog\/2025\/11\/WhatsApp-Image-2025-11-07-at-14.15.20-1-768x960.jpeg 768w, https:\/\/www.lafresca.fm\/f-solosog\/2025\/11\/WhatsApp-Image-2025-11-07-at-14.15.20-1.jpeg 1024w\" sizes=\"(max-width: 936px) 100vw, 936px\" \/><\/figure>\n\n\n\n<figure class=\"wp-block-image size-full\"><img decoding=\"async\" width=\"720\" height=\"711\" src=\"https:\/\/www.lafresca.fm\/f-solosog\/2025\/02\/465789055_122099002466614782_9177092827230797659_n.jpg\" alt=\"\" class=\"wp-image-14236\" srcset=\"https:\/\/www.lafresca.fm\/f-solosog\/2025\/02\/465789055_122099002466614782_9177092827230797659_n.jpg 720w, https:\/\/www.lafresca.fm\/f-solosog\/2025\/02\/465789055_122099002466614782_9177092827230797659_n-100x100.jpg 100w\" sizes=\"(max-width: 720px) 100vw, 720px\" \/><\/figure>\n<script>function PlayerjsAsync(){} if(window[\"Playerjs\"]){PlayerjsAsync();}<\/script>","protected":false},"excerpt":{"rendered":"<p>Moda Rosana est\u00e1 de celebraci\u00f3n. Este s\u00e1bado d\u00eda 15 de noviembre, el establecimiento ubicado en la Avenida de la Paz n\u00ba1 de Onil cumple su primer a\u00f1o desde que abri\u00f3 sus puertas, un periodo que describen como \u201clleno de emociones, trabajo, aprendizaje y momentos preciosos compartidos con los clientes\u201d. Para ...<\/p>\n","protected":false},"author":2,"featured_media":14235,"comment_status":"closed","ping_status":"closed","sticky":false,"template":"","format":"standard","meta":{"_monsterinsights_skip_tracking":false,"_monsterinsights_sitenote_active":false,"_monsterinsights_sitenote_note":"","_monsterinsights_sitenote_category":0,"footnotes":""},"categories":[4],"tags":[817,133],"class_list":["post-16821","post","type-post","status-publish","format-standard","has-post-thumbnail","hentry","category-alicante","tag-moda-rosana","tag-onil"],"aioseo_notices":[],"_links":{"self":[{"href":"https:\/\/www.lafresca.fm\/fresca-api-json\/wp\/v2\/posts\/16821","targetHints":{"allow":["GET"]}}],"collection":[{"href":"https:\/\/www.lafresca.fm\/fresca-api-json\/wp\/v2\/posts"}],"about":[{"href":"https:\/\/www.lafresca.fm\/fresca-api-json\/wp\/v2\/types\/post"}],"author":[{"embeddable":true,"href":"https:\/\/www.lafresca.fm\/fresca-api-json\/wp\/v2\/users\/2"}],"replies":[{"embeddable":true,"href":"https:\/\/www.lafresca.fm\/fresca-api-json\/wp\/v2\/comments?post=16821"}],"version-history":[{"count":1,"href":"https:\/\/www.lafresca.fm\/fresca-api-json\/wp\/v2\/posts\/16821\/revisions"}],"predecessor-version":[{"id":16823,"href":"https:\/\/www.lafresca.fm\/fresca-api-json\/wp\/v2\/posts\/16821\/revisions\/16823"}],"wp:featuredmedia":[{"embeddable":true,"href":"https:\/\/www.lafresca.fm\/fresca-api-json\/wp\/v2\/media\/14235"}],"wp:attachment":[{"href":"https:\/\/www.lafresca.fm\/fresca-api-json\/wp\/v2\/media?parent=16821"}],"wp:term":[{"taxonomy":"category","embeddable":true,"href":"https:\/\/www.lafresca.fm\/fresca-api-json\/wp\/v2\/categories?post=16821"},{"taxonomy":"post_tag","embeddable":true,"href":"https:\/\/www.lafresca.fm\/fresca-api-json\/wp\/v2\/tags?post=16821"}],"curies":[{"name":"wp","href":"https:\/\/api.w.org\/{rel}","templated":true}]}}