{"id":16824,"date":"2025-11-14T16:02:52","date_gmt":"2025-11-14T15:02:52","guid":{"rendered":"https:\/\/www.lafresca.fm\/?p=16824"},"modified":"2025-11-14T16:02:55","modified_gmt":"2025-11-14T15:02:55","slug":"el-ayuntamiento-de-ibi-hace-efectivo-hoy-el-pago-de-415-millones-correspondientes-a-mas-de-900-facturas-retenidas-desde-2022","status":"publish","type":"post","link":"https:\/\/www.lafresca.fm\/el-ayuntamiento-de-ibi-hace-efectivo-hoy-el-pago-de-415-millones-correspondientes-a-mas-de-900-facturas-retenidas-desde-2022\/","title":{"rendered":"El Ayuntamiento de Ibi hace efectivo hoy el pago de 4,15 millones correspondientes a m\u00e1s de 900 facturas retenidas desde 2022"},"content":{"rendered":"\n<p>El Ayuntamiento de Ibi ha hecho efectivo hoy el pago de las m\u00e1s de 900 facturas pendientes, correspondientes a ejercicios anteriores, completando as\u00ed la liquidaci\u00f3n de la deuda acumulada con 176 proveedores municipales. Tras anunciarse ayer jueves 14 de noviembre la finalizaci\u00f3n del volcado de facturas en el programa contable, esta ma\u00f1ana ha concluido el expediente administrativo, d\u00e1ndose la orden de pago y ejecut\u00e1ndose las transferencias.<\/p>\n\n\n\n<p>El concejal de Hacienda, David Rojas, ha explicado que \u201cel dinero llegar\u00e1 a las cuentas de los proveedores entre hoy y los pr\u00f3ximos d\u00edas laborales, dependiendo de la entidad bancaria con la que trabajen\u201d, destacando que \u201cesta operaci\u00f3n supone poner fin a una situaci\u00f3n que afectaba gravemente al tejido productivo y a la administraci\u00f3n local desde 2022\u201d.<\/p>\n\n\n\n<figure class=\"wp-block-image size-full\"><img fetchpriority=\"high\" decoding=\"async\" width=\"600\" height=\"386\" src=\"https:\/\/www.lafresca.fm\/f-solosog\/2025\/11\/20205_Panoramica-de-Ibi-img-02.jpg\" alt=\"\" class=\"wp-image-16707\"\/><\/figure>\n\n\n\n<p>El importe total abonado asciende a 4.153.302,03 euros, distribuidos en m\u00e1s de 930 facturas procedentes de distintos tipos de terceros. La pr\u00e1ctica totalidad del desembolso \u2014m\u00e1s del 91 %, equivalente a 3,78 millones de euros\u2014 corresponde a empresas que prestan servicios al Ayuntamiento.<\/p>\n\n\n\n<p>A continuaci\u00f3n, se sit\u00faan los comercios y aut\u00f3nomos, con 68 facturas por un total de 109.530,49 euros; las asociaciones y entidades sin \u00e1nimo de lucro, que acumulan 38 facturas y 70.610,45 euros; y los organismos p\u00fablicos, con 22 facturas por valor de 107.528,30 euros. Adem\u00e1s, se han saldado operaciones adicionales, correspondientes a UTEs y otros casos espec\u00edficos, que suman 86.109,27 euros.<\/p>\n\n\n\n<p>El alcalde de Ibi, Sergio Carrasco, destaca que \u201ceste pago masivo permite cerrar definitivamente la deuda pendiente y devolver la estabilidad financiera a la gesti\u00f3n diaria del Ayuntamiento. Adem\u00e1s, permite reactivar proyectos municipales que estaban paralizados y restablecer la confianza con empresas, comercios y entidades del municipio\u201d.<\/p>\n<script>function PlayerjsAsync(){} if(window[\"Playerjs\"]){PlayerjsAsync();}<\/script>","protected":false},"excerpt":{"rendered":"<p>El Ayuntamiento de Ibi ha hecho efectivo hoy el pago de las m\u00e1s de 900 facturas pendientes, correspondientes a ejercicios anteriores, completando as\u00ed la liquidaci\u00f3n de la deuda acumulada con 176 proveedores municipales. Tras anunciarse ayer jueves 14 de noviembre la finalizaci\u00f3n del volcado de facturas en el programa contable, ...<\/p>\n","protected":false},"author":2,"featured_media":16707,"comment_status":"closed","ping_status":"closed","sticky":false,"template":"","format":"standard","meta":{"_monsterinsights_skip_tracking":false,"_monsterinsights_sitenote_active":false,"_monsterinsights_sitenote_note":"","_monsterinsights_sitenote_category":0,"footnotes":""},"categories":[4],"tags":[128],"class_list":["post-16824","post","type-post","status-publish","format-standard","has-post-thumbnail","hentry","category-alicante","tag-ibi"],"aioseo_notices":[],"_links":{"self":[{"href":"https:\/\/www.lafresca.fm\/fresca-api-json\/wp\/v2\/posts\/16824","targetHints":{"allow":["GET"]}}],"collection":[{"href":"https:\/\/www.lafresca.fm\/fresca-api-json\/wp\/v2\/posts"}],"about":[{"href":"https:\/\/www.lafresca.fm\/fresca-api-json\/wp\/v2\/types\/post"}],"author":[{"embeddable":true,"href":"https:\/\/www.lafresca.fm\/fresca-api-json\/wp\/v2\/users\/2"}],"replies":[{"embeddable":true,"href":"https:\/\/www.lafresca.fm\/fresca-api-json\/wp\/v2\/comments?post=16824"}],"version-history":[{"count":1,"href":"https:\/\/www.lafresca.fm\/fresca-api-json\/wp\/v2\/posts\/16824\/revisions"}],"predecessor-version":[{"id":16825,"href":"https:\/\/www.lafresca.fm\/fresca-api-json\/wp\/v2\/posts\/16824\/revisions\/16825"}],"wp:featuredmedia":[{"embeddable":true,"href":"https:\/\/www.lafresca.fm\/fresca-api-json\/wp\/v2\/media\/16707"}],"wp:attachment":[{"href":"https:\/\/www.lafresca.fm\/fresca-api-json\/wp\/v2\/media?parent=16824"}],"wp:term":[{"taxonomy":"category","embeddable":true,"href":"https:\/\/www.lafresca.fm\/fresca-api-json\/wp\/v2\/categories?post=16824"},{"taxonomy":"post_tag","embeddable":true,"href":"https:\/\/www.lafresca.fm\/fresca-api-json\/wp\/v2\/tags?post=16824"}],"curies":[{"name":"wp","href":"https:\/\/api.w.org\/{rel}","templated":true}]}}