{"id":16828,"date":"2025-11-15T11:30:11","date_gmt":"2025-11-15T10:30:11","guid":{"rendered":"https:\/\/www.lafresca.fm\/?p=16828"},"modified":"2025-11-15T11:30:12","modified_gmt":"2025-11-15T10:30:12","slug":"la-conselleria-revoca-la-licitacion-que-incluia-las-residencias-de-ibi-y-onil-por-un-error-tecnico","status":"publish","type":"post","link":"https:\/\/www.lafresca.fm\/la-conselleria-revoca-la-licitacion-que-incluia-las-residencias-de-ibi-y-onil-por-un-error-tecnico\/","title":{"rendered":"La Conselleria revoca la licitaci\u00f3n que inclu\u00eda las residencias de Ibi y Onil por un error t\u00e9cnico"},"content":{"rendered":"\n<p>La Conselleria de Servicios Sociales, Igualdad y Vivienda ha decidido invalidar el procedimiento de licitaci\u00f3n para la gesti\u00f3n de varias residencias y centros de d\u00eda de titularidad p\u00fablica tras detectar un error administrativo relacionado con los costes salariales incluidos en el expediente. Entre los servicios afectados se encuentran los de Ibi y Onil.<\/p>\n\n\n\n<p>La noticia ha generado gran inquietud entre las plantillas, que llevan meses moviliz\u00e1ndose para exigir mejoras laborales y sanitarias. Su \u00faltima concentraci\u00f3n tuvo lugar el pasado 29 de enero, donde volvieron a reivindicar la aplicaci\u00f3n del convenio firmado en noviembre de 2022, que contempla la equiparaci\u00f3n salarial con el personal de gesti\u00f3n directa. Muchas concesiones est\u00e1n ya vencidas \u2014como la del centro de d\u00eda de Ibi, caducada desde 2019\u2014, lo que agrava su situaci\u00f3n.<\/p>\n\n\n\n<figure class=\"wp-block-image size-full\"><img fetchpriority=\"high\" decoding=\"async\" width=\"1024\" height=\"768\" src=\"https:\/\/www.lafresca.fm\/f-solosog\/2025\/11\/486644422_1114557877378276_4340123066707379904_n.jpg\" alt=\"\" class=\"wp-image-16829\" srcset=\"https:\/\/www.lafresca.fm\/f-solosog\/2025\/11\/486644422_1114557877378276_4340123066707379904_n.jpg 1024w, https:\/\/www.lafresca.fm\/f-solosog\/2025\/11\/486644422_1114557877378276_4340123066707379904_n-770x578.jpg 770w, https:\/\/www.lafresca.fm\/f-solosog\/2025\/11\/486644422_1114557877378276_4340123066707379904_n-768x576.jpg 768w\" sizes=\"(max-width: 1024px) 100vw, 1024px\" \/><figcaption class=\"wp-element-caption\">Protesta realizada hace unos meses frente al centro de d\u00eda de Ibi para exigir la puesta en marcha de la nueva licitaci\u00f3n.<\/figcaption><\/figure>\n\n\n\n<p>Los trabajadores denuncian que los bajos salarios est\u00e1n provocando un goteo constante de vacantes, especialmente en \u00e1reas sanitarias, donde muchos profesionales optan por marcharse al sector p\u00fablico en busca de condiciones m\u00e1s favorables. Temen que la paralizaci\u00f3n del proceso suponga un nuevo retraso que prolongue la incertidumbre al menos un a\u00f1o m\u00e1s.<\/p>\n\n\n\n<h3 class=\"wp-block-heading\">El error detectado<\/h3>\n\n\n\n<p>La licitaci\u00f3n hab\u00eda sido anunciada en el Diario Oficial de la Uni\u00f3n Europea el 23 de octubre y en la Plataforma de Contrataci\u00f3n del Sector P\u00fablico al d\u00eda siguiente. Posteriormente, el 3 de noviembre, se public\u00f3 una rectificaci\u00f3n que ampliaba el plazo de presentaci\u00f3n de ofertas hasta el 9 de diciembre de 2025.<\/p>\n\n\n\n<p>Sin embargo, el 7 de noviembre la Direcci\u00f3n General de Infraestructuras Sociosanitarias descubri\u00f3 un fallo en la estimaci\u00f3n de los costes salariales, un aspecto que afectaba tanto al pliego de condiciones como al presupuesto base y a la documentaci\u00f3n contable del expediente.<\/p>\n\n\n\n<p>Ante esta circunstancia, la Conselleria ha decidido anular el expediente y reiniciar el proceso desde el punto en el que debe elaborarse toda la documentaci\u00f3n preparatoria. Tambi\u00e9n ha ordenado a la Direcci\u00f3n General la elaboraci\u00f3n de un nuevo expediente completamente revisado que subsane las incorrecciones identificadas.<\/p>\n<script>function PlayerjsAsync(){} if(window[\"Playerjs\"]){PlayerjsAsync();}<\/script>","protected":false},"excerpt":{"rendered":"<p>La Conselleria de Servicios Sociales, Igualdad y Vivienda ha decidido invalidar el procedimiento de licitaci\u00f3n para la gesti\u00f3n de varias residencias y centros de d\u00eda de titularidad p\u00fablica tras detectar un error administrativo relacionado con los costes salariales incluidos en el expediente. Entre los servicios afectados se encuentran los de ...<\/p>\n","protected":false},"author":2,"featured_media":16829,"comment_status":"closed","ping_status":"closed","sticky":false,"template":"","format":"standard","meta":{"_monsterinsights_skip_tracking":false,"_monsterinsights_sitenote_active":false,"_monsterinsights_sitenote_note":"","_monsterinsights_sitenote_category":0,"footnotes":""},"categories":[4],"tags":[],"class_list":["post-16828","post","type-post","status-publish","format-standard","has-post-thumbnail","hentry","category-alicante"],"aioseo_notices":[],"_links":{"self":[{"href":"https:\/\/www.lafresca.fm\/fresca-api-json\/wp\/v2\/posts\/16828","targetHints":{"allow":["GET"]}}],"collection":[{"href":"https:\/\/www.lafresca.fm\/fresca-api-json\/wp\/v2\/posts"}],"about":[{"href":"https:\/\/www.lafresca.fm\/fresca-api-json\/wp\/v2\/types\/post"}],"author":[{"embeddable":true,"href":"https:\/\/www.lafresca.fm\/fresca-api-json\/wp\/v2\/users\/2"}],"replies":[{"embeddable":true,"href":"https:\/\/www.lafresca.fm\/fresca-api-json\/wp\/v2\/comments?post=16828"}],"version-history":[{"count":1,"href":"https:\/\/www.lafresca.fm\/fresca-api-json\/wp\/v2\/posts\/16828\/revisions"}],"predecessor-version":[{"id":16830,"href":"https:\/\/www.lafresca.fm\/fresca-api-json\/wp\/v2\/posts\/16828\/revisions\/16830"}],"wp:featuredmedia":[{"embeddable":true,"href":"https:\/\/www.lafresca.fm\/fresca-api-json\/wp\/v2\/media\/16829"}],"wp:attachment":[{"href":"https:\/\/www.lafresca.fm\/fresca-api-json\/wp\/v2\/media?parent=16828"}],"wp:term":[{"taxonomy":"category","embeddable":true,"href":"https:\/\/www.lafresca.fm\/fresca-api-json\/wp\/v2\/categories?post=16828"},{"taxonomy":"post_tag","embeddable":true,"href":"https:\/\/www.lafresca.fm\/fresca-api-json\/wp\/v2\/tags?post=16828"}],"curies":[{"name":"wp","href":"https:\/\/api.w.org\/{rel}","templated":true}]}}