{"id":16843,"date":"2025-11-17T11:06:53","date_gmt":"2025-11-17T10:06:53","guid":{"rendered":"https:\/\/www.lafresca.fm\/?p=16843"},"modified":"2025-11-17T11:06:54","modified_gmt":"2025-11-17T10:06:54","slug":"el-ibense-paco-bautista-condecorado-por-la-conselleria-de-emergencias-e-interior-por-un-rescate-heroico","status":"publish","type":"post","link":"https:\/\/www.lafresca.fm\/el-ibense-paco-bautista-condecorado-por-la-conselleria-de-emergencias-e-interior-por-un-rescate-heroico\/","title":{"rendered":"El ibense Paco Bautista, condecorado por la Conselleria de Emergencias e Interior por un rescate heroico"},"content":{"rendered":"\n<p><strong>Benidorm<\/strong> acogi\u00f3 este fin de semana el acto provincial de condecoraciones a la Polic\u00eda Local, en el que se reconoci\u00f3 a <strong>389 agentes de 41 municipios<\/strong> por sus m\u00e9ritos profesionales, trayectorias y servicios destacados. El evento estuvo presidido por el alcalde de Benidorm y presidente de la Diputaci\u00f3n de Alicante, <strong>Toni P\u00e9rez<\/strong>, y por el conseller de Emergencias e Interior, <strong>Juan Carlos Valderrama<\/strong>.<\/p>\n\n\n\n<p>Entre los agentes distinguidos se encontraba el <strong>ibense Paco Bautista<\/strong>, que recibi\u00f3 una condecoraci\u00f3n por un <strong>servicio especialmente destacado<\/strong> durante su etapa como Polic\u00eda Local interino en <strong>Jijona<\/strong>. Bautista protagoniz\u00f3, junto a un compa\u00f1ero, una intervenci\u00f3n de alto riesgo en la que ambos se jugaron la vida para <strong>rescatar a dos personas de un incendio<\/strong> mientras llegaban los servicios de emergencia.<\/p>\n\n\n\n<p>El reconocimiento subraya la valent\u00eda y vocaci\u00f3n de servicio de los agentes implicados. La comunidad ibense ha mostrado su orgullo por Bautista, actualmente destinado en <strong>Ibi<\/strong>, cuya actuaci\u00f3n se considera un ejemplo de compromiso y entrega en la protecci\u00f3n de la ciudadan\u00eda.<\/p>\n\n\n\n<figure class=\"wp-block-image size-large\"><img fetchpriority=\"high\" decoding=\"async\" width=\"1170\" height=\"878\" src=\"https:\/\/www.lafresca.fm\/f-solosog\/2025\/11\/585103229_1314008467433215_2523851105958112279_n-1170x878.jpg\" alt=\"\" class=\"wp-image-16844\" srcset=\"https:\/\/www.lafresca.fm\/f-solosog\/2025\/11\/585103229_1314008467433215_2523851105958112279_n-1170x878.jpg 1170w, https:\/\/www.lafresca.fm\/f-solosog\/2025\/11\/585103229_1314008467433215_2523851105958112279_n-770x578.jpg 770w, https:\/\/www.lafresca.fm\/f-solosog\/2025\/11\/585103229_1314008467433215_2523851105958112279_n-768x576.jpg 768w, https:\/\/www.lafresca.fm\/f-solosog\/2025\/11\/585103229_1314008467433215_2523851105958112279_n-1536x1152.jpg 1536w, https:\/\/www.lafresca.fm\/f-solosog\/2025\/11\/585103229_1314008467433215_2523851105958112279_n.jpg 2016w\" sizes=\"(max-width: 1170px) 100vw, 1170px\" \/><\/figure>\n<script>function PlayerjsAsync(){} if(window[\"Playerjs\"]){PlayerjsAsync();}<\/script>","protected":false},"excerpt":{"rendered":"<p>Benidorm acogi\u00f3 este fin de semana el acto provincial de condecoraciones a la Polic\u00eda Local, en el que se reconoci\u00f3 a 389 agentes de 41 municipios por sus m\u00e9ritos profesionales, trayectorias y servicios destacados. El evento estuvo presidido por el alcalde de Benidorm y presidente de la Diputaci\u00f3n de Alicante, ...<\/p>\n","protected":false},"author":2,"featured_media":16844,"comment_status":"closed","ping_status":"closed","sticky":false,"template":"","format":"standard","meta":{"_monsterinsights_skip_tracking":false,"_monsterinsights_sitenote_active":false,"_monsterinsights_sitenote_note":"","_monsterinsights_sitenote_category":0,"footnotes":""},"categories":[4],"tags":[128],"class_list":["post-16843","post","type-post","status-publish","format-standard","has-post-thumbnail","hentry","category-alicante","tag-ibi"],"aioseo_notices":[],"_links":{"self":[{"href":"https:\/\/www.lafresca.fm\/fresca-api-json\/wp\/v2\/posts\/16843","targetHints":{"allow":["GET"]}}],"collection":[{"href":"https:\/\/www.lafresca.fm\/fresca-api-json\/wp\/v2\/posts"}],"about":[{"href":"https:\/\/www.lafresca.fm\/fresca-api-json\/wp\/v2\/types\/post"}],"author":[{"embeddable":true,"href":"https:\/\/www.lafresca.fm\/fresca-api-json\/wp\/v2\/users\/2"}],"replies":[{"embeddable":true,"href":"https:\/\/www.lafresca.fm\/fresca-api-json\/wp\/v2\/comments?post=16843"}],"version-history":[{"count":1,"href":"https:\/\/www.lafresca.fm\/fresca-api-json\/wp\/v2\/posts\/16843\/revisions"}],"predecessor-version":[{"id":16845,"href":"https:\/\/www.lafresca.fm\/fresca-api-json\/wp\/v2\/posts\/16843\/revisions\/16845"}],"wp:featuredmedia":[{"embeddable":true,"href":"https:\/\/www.lafresca.fm\/fresca-api-json\/wp\/v2\/media\/16844"}],"wp:attachment":[{"href":"https:\/\/www.lafresca.fm\/fresca-api-json\/wp\/v2\/media?parent=16843"}],"wp:term":[{"taxonomy":"category","embeddable":true,"href":"https:\/\/www.lafresca.fm\/fresca-api-json\/wp\/v2\/categories?post=16843"},{"taxonomy":"post_tag","embeddable":true,"href":"https:\/\/www.lafresca.fm\/fresca-api-json\/wp\/v2\/tags?post=16843"}],"curies":[{"name":"wp","href":"https:\/\/api.w.org\/{rel}","templated":true}]}}