{"id":16857,"date":"2025-11-18T11:15:45","date_gmt":"2025-11-18T10:15:45","guid":{"rendered":"https:\/\/www.lafresca.fm\/?p=16857"},"modified":"2025-11-18T11:15:46","modified_gmt":"2025-11-18T10:15:46","slug":"la-guardia-civil-desarticula-un-grupo-de-robo-de-cobre-tras-una-intervencion-clave-en-onil","status":"publish","type":"post","link":"https:\/\/www.lafresca.fm\/la-guardia-civil-desarticula-un-grupo-de-robo-de-cobre-tras-una-intervencion-clave-en-onil\/","title":{"rendered":"La Guardia Civil desarticula un grupo de robo de cobre tras una intervenci\u00f3n clave en Onil"},"content":{"rendered":"\n<p>La Guardia Civil ha desmantelado un grupo criminal dedicado al robo sistem\u00e1tico de cobre en varias localidades de Alicante y Albacete, una operaci\u00f3n en la que <strong>Onil ha tenido un papel determinante<\/strong> para el avance de la investigaci\u00f3n y la identificaci\u00f3n de los autores.<\/p>\n\n\n\n<p>La actuaci\u00f3n se inici\u00f3 el 24 de septiembre tras el robo de casi 700 metros de cable en Pinoso. El Equipo ROCA de Ibi comenz\u00f3 a seguir la pista de los sospechosos, dos individuos con m\u00faltiples antecedentes por hechos similares. Las pesquisas revelaron que la banda llevaba operando desde agosto, acumulando cerca de <strong>3.000 kilos de cobre sustra\u00eddos<\/strong> y provocando da\u00f1os superiores a 50.000 euros en infraestructuras municipales.<\/p>\n\n\n\n<h3 class=\"wp-block-heading\"><strong>Onil, punto clave para localizar a los autores<\/strong><\/h3>\n\n\n\n<p>El avance decisivo de la investigaci\u00f3n se produjo durante la madrugada del <strong>31 de octubre en Onil<\/strong>, cuando agentes de la Polic\u00eda Local, junto a la Guardia Civil, sorprendieron a uno de los investigados mientras cargaba cobre robado en el maletero de un veh\u00edculo. Aunque el individuo logr\u00f3 huir en ese momento, la intervenci\u00f3n permiti\u00f3 identificar claramente su implicaci\u00f3n y acelerar el cerco sobre la banda.<\/p>\n\n\n\n<p>Esta colaboraci\u00f3n fue esencial para cerrar el caso, ya que en los d\u00edas y semanas posteriores se realizaron nuevas vigilancias y seguimientos basados en la informaci\u00f3n obtenida en Onil.<\/p>\n\n\n\n<figure class=\"wp-block-image size-large\"><img fetchpriority=\"high\" decoding=\"async\" width=\"1170\" height=\"658\" src=\"https:\/\/www.lafresca.fm\/f-solosog\/2025\/11\/robo-cobre-1170x658.jpg\" alt=\"\" class=\"wp-image-16858\" srcset=\"https:\/\/www.lafresca.fm\/f-solosog\/2025\/11\/robo-cobre-1170x658.jpg 1170w, https:\/\/www.lafresca.fm\/f-solosog\/2025\/11\/robo-cobre-770x433.jpg 770w, https:\/\/www.lafresca.fm\/f-solosog\/2025\/11\/robo-cobre-768x432.jpg 768w, https:\/\/www.lafresca.fm\/f-solosog\/2025\/11\/robo-cobre-1536x864.jpg 1536w, https:\/\/www.lafresca.fm\/f-solosog\/2025\/11\/robo-cobre.jpg 1920w\" sizes=\"(max-width: 1170px) 100vw, 1170px\" \/><\/figure>\n\n\n\n<h3 class=\"wp-block-heading\"><strong>Detenciones posteriores y desarticulaci\u00f3n de la red<\/strong><\/h3>\n\n\n\n<p>El 7 de noviembre, en un dispositivo de vigilancia discreta, el Equipo ROCA de Ibi detuvo a dos de los implicados cuando pretend\u00edan vender 120 kilos de cobre robados horas antes en Salinas. En la intervenci\u00f3n se hall\u00f3 documentaci\u00f3n usada para registrar ventas previas de cientos de kilos de material sustra\u00eddo.<\/p>\n\n\n\n<p>Posteriormente, se detuvo a un tercer autor y se investig\u00f3 al responsable del centro de reciclaje que compraba el cobre robado, quien habr\u00eda obtenido un beneficio cercano a 15.000 euros en solo tres meses.<\/p>\n\n\n\n<h3 class=\"wp-block-heading\"><strong>Municipios afectados y cooperaci\u00f3n entre cuerpos policiales<\/strong><\/h3>\n\n\n\n<p>Los hechos delictivos se cometieron en Pinoso, <strong>Onil<\/strong>, Salinas y San Vicente del Raspeig, as\u00ed como en Albatana, Caudete, Fuente \u00c1lamo y Ontur. La resoluci\u00f3n del caso fue posible gracias a la labor conjunta de las unidades ROCA de Ibi, Almansa y Hell\u00edn, adem\u00e1s de las Polic\u00edas Locales de Onil y Elda.<\/p>\n\n\n\n<p>Los detenidos \u2014dos hombres de 36 y 41 a\u00f1os y una mujer de 38\u2014, junto con un investigado de 26 a\u00f1os, han sido puestos a disposici\u00f3n judicial por delitos de hurto, receptaci\u00f3n, falsedad documental y contra la seguridad vial.<\/p>\n<script>function PlayerjsAsync(){} if(window[\"Playerjs\"]){PlayerjsAsync();}<\/script>","protected":false},"excerpt":{"rendered":"<p>La Guardia Civil ha desmantelado un grupo criminal dedicado al robo sistem\u00e1tico de cobre en varias localidades de Alicante y Albacete, una operaci\u00f3n en la que Onil ha tenido un papel determinante para el avance de la investigaci\u00f3n y la identificaci\u00f3n de los autores. La actuaci\u00f3n se inici\u00f3 el 24 ...<\/p>\n","protected":false},"author":2,"featured_media":16858,"comment_status":"closed","ping_status":"closed","sticky":false,"template":"","format":"standard","meta":{"_monsterinsights_skip_tracking":false,"_monsterinsights_sitenote_active":false,"_monsterinsights_sitenote_note":"","_monsterinsights_sitenote_category":0,"footnotes":""},"categories":[4],"tags":[133],"class_list":["post-16857","post","type-post","status-publish","format-standard","has-post-thumbnail","hentry","category-alicante","tag-onil"],"aioseo_notices":[],"_links":{"self":[{"href":"https:\/\/www.lafresca.fm\/fresca-api-json\/wp\/v2\/posts\/16857","targetHints":{"allow":["GET"]}}],"collection":[{"href":"https:\/\/www.lafresca.fm\/fresca-api-json\/wp\/v2\/posts"}],"about":[{"href":"https:\/\/www.lafresca.fm\/fresca-api-json\/wp\/v2\/types\/post"}],"author":[{"embeddable":true,"href":"https:\/\/www.lafresca.fm\/fresca-api-json\/wp\/v2\/users\/2"}],"replies":[{"embeddable":true,"href":"https:\/\/www.lafresca.fm\/fresca-api-json\/wp\/v2\/comments?post=16857"}],"version-history":[{"count":1,"href":"https:\/\/www.lafresca.fm\/fresca-api-json\/wp\/v2\/posts\/16857\/revisions"}],"predecessor-version":[{"id":16859,"href":"https:\/\/www.lafresca.fm\/fresca-api-json\/wp\/v2\/posts\/16857\/revisions\/16859"}],"wp:featuredmedia":[{"embeddable":true,"href":"https:\/\/www.lafresca.fm\/fresca-api-json\/wp\/v2\/media\/16858"}],"wp:attachment":[{"href":"https:\/\/www.lafresca.fm\/fresca-api-json\/wp\/v2\/media?parent=16857"}],"wp:term":[{"taxonomy":"category","embeddable":true,"href":"https:\/\/www.lafresca.fm\/fresca-api-json\/wp\/v2\/categories?post=16857"},{"taxonomy":"post_tag","embeddable":true,"href":"https:\/\/www.lafresca.fm\/fresca-api-json\/wp\/v2\/tags?post=16857"}],"curies":[{"name":"wp","href":"https:\/\/api.w.org\/{rel}","templated":true}]}}