{"id":16880,"date":"2025-11-19T14:48:28","date_gmt":"2025-11-19T13:48:28","guid":{"rendered":"https:\/\/www.lafresca.fm\/?p=16880"},"modified":"2025-11-19T14:52:35","modified_gmt":"2025-11-19T13:52:35","slug":"sergio-carrasco-alcalde-de-ibi-hemos-pagado-facturas-que-llevaban-pendientes-desde-el-ano-2022","status":"publish","type":"post","link":"https:\/\/www.lafresca.fm\/sergio-carrasco-alcalde-de-ibi-hemos-pagado-facturas-que-llevaban-pendientes-desde-el-ano-2022\/","title":{"rendered":"Sergio Carrasco, alcalde de Ibi: \u201cHemos pagado facturas que llevaban pendientes desde el a\u00f1o 2022\u201d"},"content":{"rendered":"\n<figure class=\"wp-block-audio\"><audio controls src=\"https:\/\/www.lafresca.fm\/f-solosog\/2025\/11\/Entrevista-Sergio-carrasco-1911-25-1era-PARTE.mp3\"><\/audio><figcaption class=\"wp-element-caption\"><strong>Primera parte de la entrevista <\/strong><\/figcaption><\/figure>\n\n\n\n<ul class=\"wp-block-list\">\n<li><strong>Abordamos con el alcalde de Ibi, Sergio Carrasco, los principales temas que marcar\u00e1n la agenda municipal para los pr\u00f3ximos meses, desde la gesti\u00f3n financiera hasta proyectos de infraestructuras y servicios sociales.<\/strong><\/li>\n<\/ul>\n\n\n\n<figure class=\"wp-block-audio\"><audio controls src=\"https:\/\/www.lafresca.fm\/f-solosog\/2025\/11\/Entrevista-Sergio-carrasco-1911-25-2da-PARTE.mp3\"><\/audio><figcaption class=\"wp-element-caption\"><strong>Segunda parte de la entrevista <\/strong><\/figcaption><\/figure>\n\n\n\n<ul class=\"wp-block-list\">\n<li><strong>Pago a proveedores y facturas pendientes<\/strong><\/li>\n<\/ul>\n\n\n\n<p><br>Carrasco nos detalla que el Ayuntamiento ha realizado ya el pago a 176 proveedores, por un importe total superior a los 4 millones de euros, regularizando as\u00ed facturas que llevaban pendientes desde 2022. \u201cEs una prioridad para este equipo de gobierno cumplir con nuestros compromisos econ\u00f3micos y garantizar que los proveedores locales reciban lo que se les debe\u201d, tambi\u00e9n de las facturas generadas por el anterior equipo de gobierno, afirm\u00f3 el alcalde.<\/p>\n\n\n\n<ul class=\"wp-block-list\">\n<li><strong>Incremento del IBI en 2026<\/strong><\/li>\n<\/ul>\n\n\n\n<p><br>Respecto a los impuestos, Carrasco adelant\u00f3 que en 2026 habr\u00e1 una actualizaci\u00f3n del Impuesto sobre Bienes Inmuebles (IBI), con una subida del 19,9%. \u201cEntendemos que cualquier aumento es sensible para los ciudadanos, pero estos ajustes son necesarios para financiar las obras y servicios que Ibi necesita\u201d, se\u00f1al\u00f3. Adem\u00e1s, indic\u00f3 que un informe de 2022 ya advert\u00eda al anterior gobierno del PP sobre la necesidad de una subida del 58%, pero que esta no se lleg\u00f3 a materializar debido a la cercan\u00eda de las elecciones.<\/p>\n\n\n\n<ul class=\"wp-block-list\">\n<li><strong>Obras urgentes en la Calle Alicante<\/strong><\/li>\n<\/ul>\n\n\n\n<p><br>Aunque estaban previstas para 2026 dentro del Plan Planifica de la Diputaci\u00f3n, las obras en la Calle Alicante se iniciaban de manera urgente tras las intensas lluvias del pasado verano, que colapsaron el alcantarillado y afectaron a viviendas. Los trabajos incluyen la instalaci\u00f3n de un nuevo colector de 600 mm de PEHD, acometidas individuales y pozos, as\u00ed como la reposici\u00f3n de firme y aceras con un presupuesto de 215.000 euros.<\/p>\n\n\n\n<ul class=\"wp-block-list\">\n<li><strong>Cementerio y residencia de mayores<\/strong><\/li>\n<\/ul>\n\n\n\n<p><br>El alcalde inform\u00f3 que se ha recepcionado la Fase II del cementerio municipal, garantizando su correcto funcionamiento y mantenimiento. En cuanto a la residencia de mayores, contin\u00faa paralizada por la Conseller\u00eda, lo que impide avanzar en su construcci\u00f3n.<\/p>\n\n\n\n<ul class=\"wp-block-list\">\n<li><strong>Patrimonio cultural y tur\u00edstico<\/strong><\/li>\n<\/ul>\n\n\n\n<p><br>Respecto a la <strong>casa de los Reyes Magos<\/strong>, el proyecto contin\u00faa realizandose para que finalmente se haga realidad tras muchos a\u00f1os, habi\u00e9ndose rehabilitado este a\u00f1o parte de la fachada por su constante deterioro. En cuanto al <strong>monumento de Sus Majestades los Reyes Magos<\/strong>, en los pr\u00f3ximos d\u00edas comenzar\u00e1 su rehabilitaci\u00f3n para reparar los da\u00f1os y grietas detectados en una inspecci\u00f3n reciente.<\/p>\n\n\n\n<ul class=\"wp-block-list\">\n<li><strong>Prioridades para 2026<\/strong><\/li>\n<\/ul>\n\n\n\n<p><br>Finalmente, el alcalde resumi\u00f3 las principales prioridades para el pr\u00f3ximo a\u00f1o: finalizar obras urgentes, como por ejemplo la Plaza de la Iglesia, Balneario y consolidar el pago de proveedores. Continuar con la mejora de infraestructuras y servicios municipales, y avanzar en proyectos culturales y sociales que refuercen la identidad y la calidad de vida en Ibi.<\/p>\n\n\n\n<figure class=\"wp-block-image size-large\"><img fetchpriority=\"high\" decoding=\"async\" width=\"1170\" height=\"878\" src=\"https:\/\/www.lafresca.fm\/f-solosog\/2025\/11\/sergio-carrasco-191125-1170x878.jpg\" alt=\"\" class=\"wp-image-16883\" srcset=\"https:\/\/www.lafresca.fm\/f-solosog\/2025\/11\/sergio-carrasco-191125-1170x878.jpg 1170w, https:\/\/www.lafresca.fm\/f-solosog\/2025\/11\/sergio-carrasco-191125-770x578.jpg 770w, https:\/\/www.lafresca.fm\/f-solosog\/2025\/11\/sergio-carrasco-191125-768x576.jpg 768w, https:\/\/www.lafresca.fm\/f-solosog\/2025\/11\/sergio-carrasco-191125-1536x1152.jpg 1536w, https:\/\/www.lafresca.fm\/f-solosog\/2025\/11\/sergio-carrasco-191125.jpg 2000w\" sizes=\"(max-width: 1170px) 100vw, 1170px\" \/><\/figure>\n<script>function PlayerjsAsync(){} if(window[\"Playerjs\"]){PlayerjsAsync();}<\/script>","protected":false},"excerpt":{"rendered":"<p>Carrasco nos detalla que el Ayuntamiento ha realizado ya el pago a 176 proveedores, por un importe total superior a los 4 millones de euros, regularizando as\u00ed facturas que llevaban pendientes desde 2022. \u201cEs una prioridad para este equipo de gobierno cumplir con nuestros compromisos econ\u00f3micos y garantizar que los ...<\/p>\n","protected":false},"author":2,"featured_media":16883,"comment_status":"closed","ping_status":"closed","sticky":false,"template":"","format":"standard","meta":{"_monsterinsights_skip_tracking":false,"_monsterinsights_sitenote_active":false,"_monsterinsights_sitenote_note":"","_monsterinsights_sitenote_category":0,"footnotes":""},"categories":[4],"tags":[128],"class_list":["post-16880","post","type-post","status-publish","format-standard","has-post-thumbnail","hentry","category-alicante","tag-ibi"],"aioseo_notices":[],"_links":{"self":[{"href":"https:\/\/www.lafresca.fm\/fresca-api-json\/wp\/v2\/posts\/16880","targetHints":{"allow":["GET"]}}],"collection":[{"href":"https:\/\/www.lafresca.fm\/fresca-api-json\/wp\/v2\/posts"}],"about":[{"href":"https:\/\/www.lafresca.fm\/fresca-api-json\/wp\/v2\/types\/post"}],"author":[{"embeddable":true,"href":"https:\/\/www.lafresca.fm\/fresca-api-json\/wp\/v2\/users\/2"}],"replies":[{"embeddable":true,"href":"https:\/\/www.lafresca.fm\/fresca-api-json\/wp\/v2\/comments?post=16880"}],"version-history":[{"count":4,"href":"https:\/\/www.lafresca.fm\/fresca-api-json\/wp\/v2\/posts\/16880\/revisions"}],"predecessor-version":[{"id":16891,"href":"https:\/\/www.lafresca.fm\/fresca-api-json\/wp\/v2\/posts\/16880\/revisions\/16891"}],"wp:featuredmedia":[{"embeddable":true,"href":"https:\/\/www.lafresca.fm\/fresca-api-json\/wp\/v2\/media\/16883"}],"wp:attachment":[{"href":"https:\/\/www.lafresca.fm\/fresca-api-json\/wp\/v2\/media?parent=16880"}],"wp:term":[{"taxonomy":"category","embeddable":true,"href":"https:\/\/www.lafresca.fm\/fresca-api-json\/wp\/v2\/categories?post=16880"},{"taxonomy":"post_tag","embeddable":true,"href":"https:\/\/www.lafresca.fm\/fresca-api-json\/wp\/v2\/tags?post=16880"}],"curies":[{"name":"wp","href":"https:\/\/api.w.org\/{rel}","templated":true}]}}