{"id":16892,"date":"2025-11-20T16:32:04","date_gmt":"2025-11-20T15:32:04","guid":{"rendered":"https:\/\/www.lafresca.fm\/?p=16892"},"modified":"2025-11-20T16:32:05","modified_gmt":"2025-11-20T15:32:05","slug":"ibi-reclama-a-sepes-toda-la-informacion-del-proyecto-de-viviendas-protegidas-para-avanzar-en-soluciones-de-acceso-a-la-vivienda-joven","status":"publish","type":"post","link":"https:\/\/www.lafresca.fm\/ibi-reclama-a-sepes-toda-la-informacion-del-proyecto-de-viviendas-protegidas-para-avanzar-en-soluciones-de-acceso-a-la-vivienda-joven\/","title":{"rendered":"Ibi reclama a SEPES toda la informaci\u00f3n del proyecto de viviendas protegidas para avanzar en soluciones de acceso a la vivienda joven"},"content":{"rendered":"\n<p>El alcalde de Ibi ha solicitado formalmente a SEPES, la Entidad P\u00fablica Empresarial de Suelo dependiente del Ministerio de Vivienda, el expediente completo del proyecto \u201cManzana I \u2013 Actuaci\u00f3n Residencial Ibi\u201d. El objetivo es impulsar el desarrollo de viviendas protegidas en el municipio y avanzar en soluciones que faciliten el acceso a la vivienda, especialmente entre la poblaci\u00f3n joven.<\/p>\n\n\n\n<figure class=\"wp-block-image size-large\"><img fetchpriority=\"high\" decoding=\"async\" width=\"1170\" height=\"878\" src=\"https:\/\/www.lafresca.fm\/f-solosog\/2025\/11\/01-prensa-SEPES-VPO-IBI-1170x878.jpg\" alt=\"\" class=\"wp-image-16893\" srcset=\"https:\/\/www.lafresca.fm\/f-solosog\/2025\/11\/01-prensa-SEPES-VPO-IBI-1170x878.jpg 1170w, https:\/\/www.lafresca.fm\/f-solosog\/2025\/11\/01-prensa-SEPES-VPO-IBI-770x578.jpg 770w, https:\/\/www.lafresca.fm\/f-solosog\/2025\/11\/01-prensa-SEPES-VPO-IBI-768x576.jpg 768w, https:\/\/www.lafresca.fm\/f-solosog\/2025\/11\/01-prensa-SEPES-VPO-IBI-1536x1152.jpg 1536w, https:\/\/www.lafresca.fm\/f-solosog\/2025\/11\/01-prensa-SEPES-VPO-IBI.jpg 2040w\" sizes=\"(max-width: 1170px) 100vw, 1170px\" \/><\/figure>\n\n\n\n<p>La actuaci\u00f3n de SEPES en Ibi se ubica en la Manzana I, correspondiente a la antigua UE R-25 del sector P-R 25, frente al II Centro Sanitario Integrado &#8220;Dr. Antonio Anguiz&#8221;. La entidad estatal firm\u00f3 un convenio en 2007 para urbanizar aproximadamente 12.000 metros cuadrados. De los 18.760 metros cuadrados de la parcela, 7.700 se destinaban a zonas verdes y espacios p\u00fablicos, y el resto a edificaci\u00f3n, lo que podr\u00eda permitir la promoci\u00f3n de un m\u00ednimo de 100 y hasta un m\u00e1ximo de entre 700 y 850 viviendas protegidas. Se trata de uno de los espacios estrat\u00e9gicos del municipio para ampliar el parque de vivienda asequible y facilitar el acceso de j\u00f3venes y familias a un hogar digno.<\/p>\n\n\n\n<p>La solicitud elevada por el alcalde detalla la necesidad de conocer el estado administrativo del expediente, la documentaci\u00f3n t\u00e9cnica disponible, las actuaciones efectuadas, la situaci\u00f3n del suelo y las previsiones futuras vinculadas a la promoci\u00f3n de vivienda protegida. El consistorio considera que esta informaci\u00f3n es clave para valorar los pr\u00f3ximos pasos, impulsar el avance del proyecto y garantizar que el desarrollo se materialice en beneficio de la ciudadan\u00eda.<\/p>\n\n\n\n<figure class=\"wp-block-image size-full\"><img decoding=\"async\" width=\"886\" height=\"591\" src=\"https:\/\/www.lafresca.fm\/f-solosog\/2025\/11\/02-prensa-SEPES-VPO-IBI.jpg\" alt=\"\" class=\"wp-image-16894\" srcset=\"https:\/\/www.lafresca.fm\/f-solosog\/2025\/11\/02-prensa-SEPES-VPO-IBI.jpg 886w, https:\/\/www.lafresca.fm\/f-solosog\/2025\/11\/02-prensa-SEPES-VPO-IBI-770x514.jpg 770w, https:\/\/www.lafresca.fm\/f-solosog\/2025\/11\/02-prensa-SEPES-VPO-IBI-768x512.jpg 768w\" sizes=\"(max-width: 886px) 100vw, 886px\" \/><\/figure>\n\n\n\n<p>Sergio Carrasco ha subrayado que \u201cla situaci\u00f3n del mercado inmobiliario en Ibi, marcada por el aumento significativo de los precios, la ausencia de promoci\u00f3n de VPO durante d\u00e9cadas y la creciente dificultad para que los j\u00f3venes accedan a una vivienda, exige respuestas decididas y la activaci\u00f3n de nuevas pol\u00edticas p\u00fablicas\u201d. En este sentido, la intervenci\u00f3n de SEPES supone una oportunidad real para ampliar la oferta de vivienda protegida y aliviar la presi\u00f3n del mercado.<\/p>\n\n\n\n<p>El Ayuntamiento de Ibi reafirma su compromiso de seguir trabajando de manera coordinada con SEPES y con el Ministerio de Vivienda para que este proyecto estrat\u00e9gico avance con la m\u00e1xima celeridad y contribuya a mejorar el acceso a la vivienda y generar nuevas oportunidades para los vecinos del municipio, especialmente para las generaciones m\u00e1s j\u00f3venes.<\/p>\n<script>function PlayerjsAsync(){} if(window[\"Playerjs\"]){PlayerjsAsync();}<\/script>","protected":false},"excerpt":{"rendered":"<p>El alcalde de Ibi ha solicitado formalmente a SEPES, la Entidad P\u00fablica Empresarial de Suelo dependiente del Ministerio de Vivienda, el expediente completo del proyecto \u201cManzana I \u2013 Actuaci\u00f3n Residencial Ibi\u201d. El objetivo es impulsar el desarrollo de viviendas protegidas en el municipio y avanzar en soluciones que faciliten el ...<\/p>\n","protected":false},"author":2,"featured_media":16893,"comment_status":"closed","ping_status":"closed","sticky":false,"template":"","format":"standard","meta":{"_monsterinsights_skip_tracking":false,"_monsterinsights_sitenote_active":false,"_monsterinsights_sitenote_note":"","_monsterinsights_sitenote_category":0,"footnotes":""},"categories":[4],"tags":[128],"class_list":["post-16892","post","type-post","status-publish","format-standard","has-post-thumbnail","hentry","category-alicante","tag-ibi"],"aioseo_notices":[],"_links":{"self":[{"href":"https:\/\/www.lafresca.fm\/fresca-api-json\/wp\/v2\/posts\/16892","targetHints":{"allow":["GET"]}}],"collection":[{"href":"https:\/\/www.lafresca.fm\/fresca-api-json\/wp\/v2\/posts"}],"about":[{"href":"https:\/\/www.lafresca.fm\/fresca-api-json\/wp\/v2\/types\/post"}],"author":[{"embeddable":true,"href":"https:\/\/www.lafresca.fm\/fresca-api-json\/wp\/v2\/users\/2"}],"replies":[{"embeddable":true,"href":"https:\/\/www.lafresca.fm\/fresca-api-json\/wp\/v2\/comments?post=16892"}],"version-history":[{"count":1,"href":"https:\/\/www.lafresca.fm\/fresca-api-json\/wp\/v2\/posts\/16892\/revisions"}],"predecessor-version":[{"id":16895,"href":"https:\/\/www.lafresca.fm\/fresca-api-json\/wp\/v2\/posts\/16892\/revisions\/16895"}],"wp:featuredmedia":[{"embeddable":true,"href":"https:\/\/www.lafresca.fm\/fresca-api-json\/wp\/v2\/media\/16893"}],"wp:attachment":[{"href":"https:\/\/www.lafresca.fm\/fresca-api-json\/wp\/v2\/media?parent=16892"}],"wp:term":[{"taxonomy":"category","embeddable":true,"href":"https:\/\/www.lafresca.fm\/fresca-api-json\/wp\/v2\/categories?post=16892"},{"taxonomy":"post_tag","embeddable":true,"href":"https:\/\/www.lafresca.fm\/fresca-api-json\/wp\/v2\/tags?post=16892"}],"curies":[{"name":"wp","href":"https:\/\/api.w.org\/{rel}","templated":true}]}}