{"id":16896,"date":"2025-11-21T08:53:42","date_gmt":"2025-11-21T07:53:42","guid":{"rendered":"https:\/\/www.lafresca.fm\/?p=16896"},"modified":"2025-11-21T08:53:43","modified_gmt":"2025-11-21T07:53:43","slug":"tibi-refuerza-la-seguridad-tras-una-oleada-de-robos-en-el-municipio-en-los-ultimos-dias","status":"publish","type":"post","link":"https:\/\/www.lafresca.fm\/tibi-refuerza-la-seguridad-tras-una-oleada-de-robos-en-el-municipio-en-los-ultimos-dias\/","title":{"rendered":"Tibi refuerza la seguridad tras una oleada de robos en el municipio en los \u00faltimos d\u00edas"},"content":{"rendered":"\n<p>Ante el incremento de robos registrados en el municipio durante los \u00faltimos meses, el Ayuntamiento de Tibi ha mantenido una reuni\u00f3n con la Comandancia del Puesto de la Guardia Civil de Castalla para abordar la situaci\u00f3n y colaborar en la investigaci\u00f3n de los hechos.<\/p>\n\n\n\n<p>Durante el encuentro, celebrado el pasado 17 de noviembre, se analiz\u00f3 el <em>modus operandi<\/em> del grupo responsable, as\u00ed como los datos recopilados en los lugares afectados. Tambi\u00e9n se ha contactado con vecinos, afectados y posibles testigos para obtener informaci\u00f3n relevante. El Ayuntamiento record\u00f3 que estos delitos son competencia de la Guardia Civil y que cualquier ciudadano que sufra un robo debe denunciarlo en el Puesto de Castalla.<\/p>\n\n\n\n<figure class=\"wp-block-image size-full\"><img fetchpriority=\"high\" decoding=\"async\" width=\"1170\" height=\"717\" src=\"https:\/\/www.lafresca.fm\/f-solosog\/2025\/11\/ayuntamiento-tibi-1170x717-1.png\" alt=\"\" class=\"wp-image-16897\" srcset=\"https:\/\/www.lafresca.fm\/f-solosog\/2025\/11\/ayuntamiento-tibi-1170x717-1.png 1170w, https:\/\/www.lafresca.fm\/f-solosog\/2025\/11\/ayuntamiento-tibi-1170x717-1-770x472.png 770w, https:\/\/www.lafresca.fm\/f-solosog\/2025\/11\/ayuntamiento-tibi-1170x717-1-768x471.png 768w\" sizes=\"(max-width: 1170px) 100vw, 1170px\" \/><\/figure>\n\n\n\n<p>Tras la reuni\u00f3n inicial, el consistorio ha mantenido otra sesi\u00f3n de trabajo con la Jefatura de la Polic\u00eda Local con el objetivo de aumentar los turnos de vigilancia y reforzar la presencia policial. Adem\u00e1s, ha enviado un escrito a la Subdelegaci\u00f3n del Gobierno en Alicante solicitando m\u00e1s medios y refuerzos para disuadir y frenar esta oleada de robos. Tambi\u00e9n se est\u00e1n revisando im\u00e1genes de c\u00e1maras de control de tr\u00e1fico para identificar veh\u00edculos y personas relacionadas con los hechos.<\/p>\n\n\n\n<p>Seg\u00fan la informaci\u00f3n facilitada por las Fuerzas y Cuerpos de Seguridad del Estado, los robos se est\u00e1n produciendo tambi\u00e9n en otras localidades del Alcoi\u00e0-Comtat, Foia de Castalla y Alacant\u00ed. El procedimiento se repite: los delincuentes acceden a las viviendas cuando los propietarios est\u00e1n dentro, aprovechando el descuido para sustraer joyas y dinero en efectivo. En algunas poblaciones se ha identificado a tres individuos y varios modelos de veh\u00edculos, lo que apunta a un grupo especializado.<\/p>\n\n\n\n<p>El Ayuntamiento de Tibi, a trav\u00e9s del alcalde-presidente <strong>Jos\u00e9 Luis Candela Galiano<\/strong>, ha pedido a los vecinos extremar las precauciones y reforzar la seguridad en sus hogares. Asimismo, insta a la ciudadan\u00eda a informar a la Polic\u00eda Local o a la Guardia Civil ante cualquier sospecha. La colaboraci\u00f3n vecinal \u2014subraya el consistorio\u2014 es clave para avanzar en las investigaciones.<\/p>\n<script>function PlayerjsAsync(){} if(window[\"Playerjs\"]){PlayerjsAsync();}<\/script>","protected":false},"excerpt":{"rendered":"<p>Ante el incremento de robos registrados en el municipio durante los \u00faltimos meses, el Ayuntamiento de Tibi ha mantenido una reuni\u00f3n con la Comandancia del Puesto de la Guardia Civil de Castalla para abordar la situaci\u00f3n y colaborar en la investigaci\u00f3n de los hechos. Durante el encuentro, celebrado el pasado ...<\/p>\n","protected":false},"author":2,"featured_media":16897,"comment_status":"closed","ping_status":"closed","sticky":false,"template":"","format":"standard","meta":{"_monsterinsights_skip_tracking":false,"_monsterinsights_sitenote_active":false,"_monsterinsights_sitenote_note":"","_monsterinsights_sitenote_category":0,"footnotes":""},"categories":[4],"tags":[170],"class_list":["post-16896","post","type-post","status-publish","format-standard","has-post-thumbnail","hentry","category-alicante","tag-tibi"],"aioseo_notices":[],"_links":{"self":[{"href":"https:\/\/www.lafresca.fm\/fresca-api-json\/wp\/v2\/posts\/16896","targetHints":{"allow":["GET"]}}],"collection":[{"href":"https:\/\/www.lafresca.fm\/fresca-api-json\/wp\/v2\/posts"}],"about":[{"href":"https:\/\/www.lafresca.fm\/fresca-api-json\/wp\/v2\/types\/post"}],"author":[{"embeddable":true,"href":"https:\/\/www.lafresca.fm\/fresca-api-json\/wp\/v2\/users\/2"}],"replies":[{"embeddable":true,"href":"https:\/\/www.lafresca.fm\/fresca-api-json\/wp\/v2\/comments?post=16896"}],"version-history":[{"count":1,"href":"https:\/\/www.lafresca.fm\/fresca-api-json\/wp\/v2\/posts\/16896\/revisions"}],"predecessor-version":[{"id":16898,"href":"https:\/\/www.lafresca.fm\/fresca-api-json\/wp\/v2\/posts\/16896\/revisions\/16898"}],"wp:featuredmedia":[{"embeddable":true,"href":"https:\/\/www.lafresca.fm\/fresca-api-json\/wp\/v2\/media\/16897"}],"wp:attachment":[{"href":"https:\/\/www.lafresca.fm\/fresca-api-json\/wp\/v2\/media?parent=16896"}],"wp:term":[{"taxonomy":"category","embeddable":true,"href":"https:\/\/www.lafresca.fm\/fresca-api-json\/wp\/v2\/categories?post=16896"},{"taxonomy":"post_tag","embeddable":true,"href":"https:\/\/www.lafresca.fm\/fresca-api-json\/wp\/v2\/tags?post=16896"}],"curies":[{"name":"wp","href":"https:\/\/api.w.org\/{rel}","templated":true}]}}