{"id":16985,"date":"2025-11-28T16:03:49","date_gmt":"2025-11-28T15:03:49","guid":{"rendered":"https:\/\/www.lafresca.fm\/?p=16985"},"modified":"2025-11-28T16:03:50","modified_gmt":"2025-11-28T15:03:50","slug":"el-museo-de-la-biodiversidad-acoge-la-reunion-del-consell-de-proteccio-del-parc-natural-de-la-font-roja-con-un-homenaje-a-los-cuerpos-que-extinguieron-el-incendio-de-julio","status":"publish","type":"post","link":"https:\/\/www.lafresca.fm\/el-museo-de-la-biodiversidad-acoge-la-reunion-del-consell-de-proteccio-del-parc-natural-de-la-font-roja-con-un-homenaje-a-los-cuerpos-que-extinguieron-el-incendio-de-julio\/","title":{"rendered":"El Museo de la Biodiversidad acoge la reuni\u00f3n del Consell de Protecci\u00f3 del Parc Natural de la Font Roja con un homenaje a los cuerpos que extinguieron el incendio de julio"},"content":{"rendered":"\n<p>El Museo de la Biodiversidad de Ibi acogi\u00f3 el pasado mi\u00e9rcoles la reuni\u00f3n ordinaria del <strong>Consell de Protecci\u00f3 del Parc Natural del Carrascal de la Font Roja<\/strong>, un encuentro que estuvo marcado por el <strong>homenaje a los cuerpos y fuerzas de intervenci\u00f3n<\/strong> que participaron en la extinci\u00f3n del incendio forestal registrado en julio en el t\u00e9rmino municipal de Ibi.<\/p>\n\n\n\n<p>A la cita asistieron <strong>Jordi Tormo<\/strong>, presidente del Consell de Protecci\u00f3; <strong>Sergio Carrasco<\/strong>, alcalde de Ibi; <strong>Blanca Navarro<\/strong>, concejala de Medio Ambiente del Ayuntamiento de Ibi; <strong>Ra\u00fcl Llopis<\/strong>, concejal de Medio Ambiente del Ayuntamiento de Alcoy; adem\u00e1s de representantes de la <strong>Conselleria de Agricultura y Desarrollo Rural<\/strong>, la <strong>Universidad de Alicante<\/strong>, asociaciones de agricultores, propietarios privados, colectivos conservacionistas, excursionistas y miembros honor\u00edficos, entre otros.<\/p>\n\n\n\n<figure class=\"wp-block-image size-large\"><img fetchpriority=\"high\" decoding=\"async\" width=\"1170\" height=\"878\" src=\"https:\/\/www.lafresca.fm\/f-solosog\/2025\/11\/590086895_1322647673235961_4557244459717890953_n-1170x878.jpg\" alt=\"\" class=\"wp-image-16986\" srcset=\"https:\/\/www.lafresca.fm\/f-solosog\/2025\/11\/590086895_1322647673235961_4557244459717890953_n-1170x878.jpg 1170w, https:\/\/www.lafresca.fm\/f-solosog\/2025\/11\/590086895_1322647673235961_4557244459717890953_n-770x578.jpg 770w, https:\/\/www.lafresca.fm\/f-solosog\/2025\/11\/590086895_1322647673235961_4557244459717890953_n-768x576.jpg 768w, https:\/\/www.lafresca.fm\/f-solosog\/2025\/11\/590086895_1322647673235961_4557244459717890953_n-1536x1152.jpg 1536w, https:\/\/www.lafresca.fm\/f-solosog\/2025\/11\/590086895_1322647673235961_4557244459717890953_n.jpg 1600w\" sizes=\"(max-width: 1170px) 100vw, 1170px\" \/><\/figure>\n\n\n\n<p>Durante el acto, el Consell entreg\u00f3 un <strong>distintivo de reconocimiento<\/strong> a la <strong>Unidad Militar de Emergencias (UME)<\/strong>, el <strong>Consorcio Provincial de Bomberos de Alicante<\/strong>, los <strong>bomberos forestales de la Generalitat<\/strong> y la <strong>Agrupaci\u00f3n Contra Incendios Forestales (ACIF) de Alcoi<\/strong>. Todos ellos fueron clave para contener el incendio y evitar que las llamas alcanzaran el Parque Natural de la Font Roja.<\/p>\n\n\n\n<p>El presidente del Consell, <strong>Jordi Tormo<\/strong>, subray\u00f3 la importancia de hacer p\u00fablico el agradecimiento \u201ca quienes actuaron con eficacia y coordinaci\u00f3n ejemplar\u201d durante un episodio que <strong>calcin\u00f3 cerca de 185 hect\u00e1reas<\/strong>, de las cuales m\u00e1s del 98% se situaron en el t\u00e9rmino municipal de Ibi y 1,8 hect\u00e1reas en Alcoy.<\/p>\n\n\n\n<p>Adem\u00e1s del homenaje, el Consell abord\u00f3 el <strong>informe elaborado por la Universidad de Alicante<\/strong> sobre el impacto ecol\u00f3gico del incendio en el \u00e1rea protegida, cuyos resultados preliminares se dieron a conocer semanas atr\u00e1s. El documento se\u00f1ala dos conclusiones principales que marcan las l\u00edneas de trabajo para los pr\u00f3ximos meses, motivo por el cual los expertos continuar\u00e1n realizando un <strong>seguimiento detallado<\/strong> de la zona afectada.<\/p>\n\n\n\n<p>La reuni\u00f3n concluy\u00f3 con un <strong>reconocimiento al profesor Andreu Bonet<\/strong>, de la Universidad de Alicante, por su trayectoria y por la labor desarrollada al frente de la estaci\u00f3n cient\u00edfica del parque, contribuyendo de manera destacada a la investigaci\u00f3n y conservaci\u00f3n de este espacio natural.<\/p>\n<script>function PlayerjsAsync(){} if(window[\"Playerjs\"]){PlayerjsAsync();}<\/script>","protected":false},"excerpt":{"rendered":"<p>El Museo de la Biodiversidad de Ibi acogi\u00f3 el pasado mi\u00e9rcoles la reuni\u00f3n ordinaria del Consell de Protecci\u00f3 del Parc Natural del Carrascal de la Font Roja, un encuentro que estuvo marcado por el homenaje a los cuerpos y fuerzas de intervenci\u00f3n que participaron en la extinci\u00f3n del incendio forestal ...<\/p>\n","protected":false},"author":2,"featured_media":16986,"comment_status":"closed","ping_status":"closed","sticky":false,"template":"","format":"standard","meta":{"_monsterinsights_skip_tracking":false,"_monsterinsights_sitenote_active":false,"_monsterinsights_sitenote_note":"","_monsterinsights_sitenote_category":0,"footnotes":""},"categories":[4],"tags":[],"class_list":["post-16985","post","type-post","status-publish","format-standard","has-post-thumbnail","hentry","category-alicante"],"aioseo_notices":[],"_links":{"self":[{"href":"https:\/\/www.lafresca.fm\/fresca-api-json\/wp\/v2\/posts\/16985","targetHints":{"allow":["GET"]}}],"collection":[{"href":"https:\/\/www.lafresca.fm\/fresca-api-json\/wp\/v2\/posts"}],"about":[{"href":"https:\/\/www.lafresca.fm\/fresca-api-json\/wp\/v2\/types\/post"}],"author":[{"embeddable":true,"href":"https:\/\/www.lafresca.fm\/fresca-api-json\/wp\/v2\/users\/2"}],"replies":[{"embeddable":true,"href":"https:\/\/www.lafresca.fm\/fresca-api-json\/wp\/v2\/comments?post=16985"}],"version-history":[{"count":1,"href":"https:\/\/www.lafresca.fm\/fresca-api-json\/wp\/v2\/posts\/16985\/revisions"}],"predecessor-version":[{"id":16987,"href":"https:\/\/www.lafresca.fm\/fresca-api-json\/wp\/v2\/posts\/16985\/revisions\/16987"}],"wp:featuredmedia":[{"embeddable":true,"href":"https:\/\/www.lafresca.fm\/fresca-api-json\/wp\/v2\/media\/16986"}],"wp:attachment":[{"href":"https:\/\/www.lafresca.fm\/fresca-api-json\/wp\/v2\/media?parent=16985"}],"wp:term":[{"taxonomy":"category","embeddable":true,"href":"https:\/\/www.lafresca.fm\/fresca-api-json\/wp\/v2\/categories?post=16985"},{"taxonomy":"post_tag","embeddable":true,"href":"https:\/\/www.lafresca.fm\/fresca-api-json\/wp\/v2\/tags?post=16985"}],"curies":[{"name":"wp","href":"https:\/\/api.w.org\/{rel}","templated":true}]}}