{"id":17119,"date":"2025-12-11T09:56:00","date_gmt":"2025-12-11T08:56:00","guid":{"rendered":"https:\/\/www.lafresca.fm\/?p=17119"},"modified":"2025-12-11T09:56:01","modified_gmt":"2025-12-11T08:56:01","slug":"castalla-presenta-la-iii-edicion-de-sus-encuentros-gastronomicos","status":"publish","type":"post","link":"https:\/\/www.lafresca.fm\/castalla-presenta-la-iii-edicion-de-sus-encuentros-gastronomicos\/","title":{"rendered":"Castalla presenta la III edici\u00f3n de sus Encuentros Gastron\u00f3micos"},"content":{"rendered":"\n<p>\u25cf Se llevar\u00e1n a cabo del 18 al 28 de febrero y participar\u00e1n siete restaurantes.<\/p>\n\n\n\n<p>La Concejal\u00eda de Comercio del Ayuntamiento de Castalla junto con la Asociaci\u00f3n de Hosteleros Sehunica, han anunciado la celebraci\u00f3n de la III edici\u00f3n de los Encuentros Gastron\u00f3micos de Castalla.<\/p>\n\n\n\n<p>As\u00ed, tras el \u00e9xito de las anteriores convocatorias, del 18 al 28 de febrero, la ciudad se convertir\u00e1 en el epicentro de la gastronom\u00eda local y comarcal. Este evento invita a disfrutar de siete d\u00edas llenos de sabores, que conjugan tradici\u00f3n y modernidad con la presentaci\u00f3n de platos que recuerdan las ra\u00edces de Castalla fusionando originalidad.<\/p>\n\n\n\n<p>En la presentaci\u00f3n han participado Jes\u00fas L\u00f3pez, Alcalde de Castalla, y Jos\u00e9 Rico, concejal de Comercio y Promoci\u00f3n Tur\u00edstica. Los restaurantes que participar\u00e1n en esta edici\u00f3n son: Restaurante Casa Paqui, Hotel Don Jos\u00e9, Restaurante Nou Trinquet, Caseta Nova, by Natxo Sell\u00e9s, Restaurante La Viscaya, Restaurante Cassana y Asador Izaskun.<\/p>\n\n\n\n<figure class=\"wp-block-image size-large\"><img fetchpriority=\"high\" decoding=\"async\" width=\"1170\" height=\"527\" src=\"https:\/\/www.lafresca.fm\/f-solosog\/2025\/12\/IMG-20251209-WA0051-1170x527.jpg\" alt=\"\" class=\"wp-image-17120\" srcset=\"https:\/\/www.lafresca.fm\/f-solosog\/2025\/12\/IMG-20251209-WA0051-1170x527.jpg 1170w, https:\/\/www.lafresca.fm\/f-solosog\/2025\/12\/IMG-20251209-WA0051-770x347.jpg 770w, https:\/\/www.lafresca.fm\/f-solosog\/2025\/12\/IMG-20251209-WA0051-768x346.jpg 768w, https:\/\/www.lafresca.fm\/f-solosog\/2025\/12\/IMG-20251209-WA0051-1536x691.jpg 1536w, https:\/\/www.lafresca.fm\/f-solosog\/2025\/12\/IMG-20251209-WA0051.jpg 2000w\" sizes=\"(max-width: 1170px) 100vw, 1170px\" \/><\/figure>\n\n\n\n<p>Como ha asegurado Jes\u00fas L\u00f3pez, Alcalde de Castalla, \u201ceste encuentro es una gran oportunidad para conocer la riqueza cultural y gastron\u00f3mica de la zona, con platos exclusivos con ingredientes aut\u00f3ctonos y propuestas innovadoras. Un evento que reafirma el compromiso con la promoci\u00f3n de la cocina tradicional y contempor\u00e1nea de la comarca\u201d.<\/p>\n\n\n\n<p>Ser\u00e1n siete d\u00edas en los que siete restaurantes emblem\u00e1ticos de Castalla ofrecer\u00e1n sus mejores platos dise\u00f1ados a prop\u00f3sito para esta convocatoria. Se podr\u00e1n probar los conocidos gazpachos, as\u00ed como los tradicionales arroces y vinos locales.<\/p>\n\n\n\n<p>Jos\u00e9 Rico, concejal de Comercio y Promoci\u00f3n Tur\u00edstica, ha destacado que los encuentros se llevar\u00e1n a cabo durante dos semanas consecutivas. Concretamente, \u201cla primera, de mi\u00e9rcoles a s\u00e1bado (18, 19, 20 y 21 de febrero), y la segunda semana, de jueves a s\u00e1bado (26, 27 y 28 de febrero). Los s\u00e1bados, adem\u00e1s, despu\u00e9s de la degustaci\u00f3n, se podr\u00e1 disfrutar de un tardeo\u201d.<\/p>\n\n\n\n<p>De hecho, cada restaurante ser\u00e1 el protagonista un d\u00eda de las jornadas y ofrecer\u00e1 men\u00fas que prometen hacer disfrutar a los comensales. Las plazas son limitadas, por lo que es necesario realizar una reserva con antelaci\u00f3n.<\/p>\n\n\n\n<p>Finalmente, el alcalde de Castalla ha destacado que \u201cesta iniciativa es de gran relevancia para la promoci\u00f3n y difusi\u00f3n de nuestra cultura gastron\u00f3mica y de nuestro pueblo\u201d. Adem\u00e1s, \u201cinvitamos a vecinos y visitantes a descubrir lo mejor de nuestra cocina\u201d.<\/p>\n\n\n\n<figure class=\"wp-block-image size-large\"><img decoding=\"async\" width=\"790\" height=\"1170\" src=\"https:\/\/www.lafresca.fm\/f-solosog\/2025\/12\/encuentros-gastronomicos-2025-790x1170.jpg\" alt=\"\" class=\"wp-image-17121\" srcset=\"https:\/\/www.lafresca.fm\/f-solosog\/2025\/12\/encuentros-gastronomicos-2025-790x1170.jpg 790w, https:\/\/www.lafresca.fm\/f-solosog\/2025\/12\/encuentros-gastronomicos-2025-520x770.jpg 520w, https:\/\/www.lafresca.fm\/f-solosog\/2025\/12\/encuentros-gastronomicos-2025-768x1138.jpg 768w, https:\/\/www.lafresca.fm\/f-solosog\/2025\/12\/encuentros-gastronomicos-2025-1037x1536.jpg 1037w, https:\/\/www.lafresca.fm\/f-solosog\/2025\/12\/encuentros-gastronomicos-2025.jpg 1080w\" sizes=\"(max-width: 790px) 100vw, 790px\" \/><\/figure>\n<script>function PlayerjsAsync(){} if(window[\"Playerjs\"]){PlayerjsAsync();}<\/script>","protected":false},"excerpt":{"rendered":"<p>\u25cf Se llevar\u00e1n a cabo del 18 al 28 de febrero y participar\u00e1n siete restaurantes. La Concejal\u00eda de Comercio del Ayuntamiento de Castalla junto con la Asociaci\u00f3n de Hosteleros Sehunica, han anunciado la celebraci\u00f3n de la III edici\u00f3n de los Encuentros Gastron\u00f3micos de Castalla. As\u00ed, tras el \u00e9xito de las ...<\/p>\n","protected":false},"author":2,"featured_media":17120,"comment_status":"closed","ping_status":"closed","sticky":false,"template":"","format":"standard","meta":{"_monsterinsights_skip_tracking":false,"_monsterinsights_sitenote_active":false,"_monsterinsights_sitenote_note":"","_monsterinsights_sitenote_category":0,"footnotes":""},"categories":[4],"tags":[144],"class_list":["post-17119","post","type-post","status-publish","format-standard","has-post-thumbnail","hentry","category-alicante","tag-castalla"],"aioseo_notices":[],"_links":{"self":[{"href":"https:\/\/www.lafresca.fm\/fresca-api-json\/wp\/v2\/posts\/17119","targetHints":{"allow":["GET"]}}],"collection":[{"href":"https:\/\/www.lafresca.fm\/fresca-api-json\/wp\/v2\/posts"}],"about":[{"href":"https:\/\/www.lafresca.fm\/fresca-api-json\/wp\/v2\/types\/post"}],"author":[{"embeddable":true,"href":"https:\/\/www.lafresca.fm\/fresca-api-json\/wp\/v2\/users\/2"}],"replies":[{"embeddable":true,"href":"https:\/\/www.lafresca.fm\/fresca-api-json\/wp\/v2\/comments?post=17119"}],"version-history":[{"count":1,"href":"https:\/\/www.lafresca.fm\/fresca-api-json\/wp\/v2\/posts\/17119\/revisions"}],"predecessor-version":[{"id":17122,"href":"https:\/\/www.lafresca.fm\/fresca-api-json\/wp\/v2\/posts\/17119\/revisions\/17122"}],"wp:featuredmedia":[{"embeddable":true,"href":"https:\/\/www.lafresca.fm\/fresca-api-json\/wp\/v2\/media\/17120"}],"wp:attachment":[{"href":"https:\/\/www.lafresca.fm\/fresca-api-json\/wp\/v2\/media?parent=17119"}],"wp:term":[{"taxonomy":"category","embeddable":true,"href":"https:\/\/www.lafresca.fm\/fresca-api-json\/wp\/v2\/categories?post=17119"},{"taxonomy":"post_tag","embeddable":true,"href":"https:\/\/www.lafresca.fm\/fresca-api-json\/wp\/v2\/tags?post=17119"}],"curies":[{"name":"wp","href":"https:\/\/api.w.org\/{rel}","templated":true}]}}