{"id":17255,"date":"2026-01-04T12:28:51","date_gmt":"2026-01-04T11:28:51","guid":{"rendered":"https:\/\/www.lafresca.fm\/?p=17255"},"modified":"2026-01-04T12:28:52","modified_gmt":"2026-01-04T11:28:52","slug":"la-magia-dels-reis-mags-volvera-a-llenar-las-calles-de-onil","status":"publish","type":"post","link":"https:\/\/www.lafresca.fm\/la-magia-dels-reis-mags-volvera-a-llenar-las-calles-de-onil\/","title":{"rendered":"La magia dels Reis Mags volver\u00e1 a llenar las calles de Onil"},"content":{"rendered":"\n<p>El Ayuntamiento de Onil y la asociaci\u00f3n Reis Mags d&#8217;Onil, han presentado el cartel oficial de&nbsp;<strong>Els Reis Mags d\u2019Onil 2026<\/strong>, una imagen que refleja la magia, la tradici\u00f3n y el car\u00e1cter singular de una de las celebraciones m\u00e1s esperadas del calendario festivo local.<\/p>\n\n\n\n<p>La programaci\u00f3n dar\u00e1 comienzo este <strong>domingo 4 de enero<\/strong>\u00a0con la\u00a0<strong>Cabalgata del Heraldo<\/strong>, que se iniciar\u00e1 a las\u00a0<strong>19:00 horas<\/strong>\u00a0desde la\u00a0<strong>avenida de la Paz<\/strong>. El Heraldo Real recorrer\u00e1 las calles del municipio anunciando la llegada de Sus Majestades y finalizar\u00e1 su recorrido en el\u00a0<strong>Centro Cultural<\/strong>, donde los ni\u00f1os y ni\u00f1as podr\u00e1n ver de cerca al Heraldo y hacerle llegar sus \u00faltimos mensajes.<\/p>\n\n\n\n<p>El&nbsp;<strong>lunes 5 de enero<\/strong>, a las&nbsp;<strong>19:00 horas<\/strong>, tendr\u00e1 lugar la&nbsp;<strong>Cabalgata de los Reyes Magos<\/strong>, uno de los actos m\u00e1s emotivos y multitudinarios. El desfile se iniciar\u00e1 en el&nbsp;<strong>Parque de los Reyes Magos<\/strong>, recorrer\u00e1 la&nbsp;<strong>avenida de la Constituci\u00f3n<\/strong>&nbsp;y finalizar\u00e1 en la&nbsp;<strong>Plaza Mayor<\/strong>, donde Melchor, Gaspar y Baltasar recibir\u00e1n a los ni\u00f1os y ni\u00f1as de Onil, compartiendo con ellos un momento lleno de ilusi\u00f3n y cercan\u00eda.<\/p>\n\n\n\n<p>La programaci\u00f3n culminar\u00e1 el&nbsp;<strong>martes 6 de enero<\/strong>&nbsp;con&nbsp;<strong>El Despertar de los Reyes Magos<\/strong>, a las&nbsp;<strong>12:00 horas<\/strong>, en la&nbsp;<strong>Plaza Mayor<\/strong>. En este acto los Reyes se despertar\u00e1n en el&nbsp;<strong>Palacio Fortaleza del Marqu\u00e9s de Dos Aguas<\/strong>, poniendo el broche final a unas fiestas profundamente arraigadas en la tradici\u00f3n y la identidad del municipio.<\/p>\n\n\n\n<figure class=\"wp-block-image size-large\"><img fetchpriority=\"high\" decoding=\"async\" width=\"827\" height=\"1170\" src=\"https:\/\/www.lafresca.fm\/f-solosog\/2026\/01\/Reis-2-827x1170.png\" alt=\"\" class=\"wp-image-17256\" srcset=\"https:\/\/www.lafresca.fm\/f-solosog\/2026\/01\/Reis-2-827x1170.png 827w, https:\/\/www.lafresca.fm\/f-solosog\/2026\/01\/Reis-2-544x770.png 544w, https:\/\/www.lafresca.fm\/f-solosog\/2026\/01\/Reis-2-768x1086.png 768w, https:\/\/www.lafresca.fm\/f-solosog\/2026\/01\/Reis-2-1086x1536.png 1086w, https:\/\/www.lafresca.fm\/f-solosog\/2026\/01\/Reis-2.png 1414w\" sizes=\"(max-width: 827px) 100vw, 827px\" \/><\/figure>\n<script>function PlayerjsAsync(){} if(window[\"Playerjs\"]){PlayerjsAsync();}<\/script>","protected":false},"excerpt":{"rendered":"<p>El Ayuntamiento de Onil y la asociaci\u00f3n Reis Mags d&#8217;Onil, han presentado el cartel oficial de&nbsp;Els Reis Mags d\u2019Onil 2026, una imagen que refleja la magia, la tradici\u00f3n y el car\u00e1cter singular de una de las celebraciones m\u00e1s esperadas del calendario festivo local. La programaci\u00f3n dar\u00e1 comienzo este domingo 4 ...<\/p>\n","protected":false},"author":2,"featured_media":17256,"comment_status":"closed","ping_status":"closed","sticky":false,"template":"","format":"standard","meta":{"_monsterinsights_skip_tracking":false,"_monsterinsights_sitenote_active":false,"_monsterinsights_sitenote_note":"","_monsterinsights_sitenote_category":0,"footnotes":""},"categories":[4],"tags":[133],"class_list":["post-17255","post","type-post","status-publish","format-standard","has-post-thumbnail","hentry","category-alicante","tag-onil"],"aioseo_notices":[],"_links":{"self":[{"href":"https:\/\/www.lafresca.fm\/fresca-api-json\/wp\/v2\/posts\/17255","targetHints":{"allow":["GET"]}}],"collection":[{"href":"https:\/\/www.lafresca.fm\/fresca-api-json\/wp\/v2\/posts"}],"about":[{"href":"https:\/\/www.lafresca.fm\/fresca-api-json\/wp\/v2\/types\/post"}],"author":[{"embeddable":true,"href":"https:\/\/www.lafresca.fm\/fresca-api-json\/wp\/v2\/users\/2"}],"replies":[{"embeddable":true,"href":"https:\/\/www.lafresca.fm\/fresca-api-json\/wp\/v2\/comments?post=17255"}],"version-history":[{"count":1,"href":"https:\/\/www.lafresca.fm\/fresca-api-json\/wp\/v2\/posts\/17255\/revisions"}],"predecessor-version":[{"id":17257,"href":"https:\/\/www.lafresca.fm\/fresca-api-json\/wp\/v2\/posts\/17255\/revisions\/17257"}],"wp:featuredmedia":[{"embeddable":true,"href":"https:\/\/www.lafresca.fm\/fresca-api-json\/wp\/v2\/media\/17256"}],"wp:attachment":[{"href":"https:\/\/www.lafresca.fm\/fresca-api-json\/wp\/v2\/media?parent=17255"}],"wp:term":[{"taxonomy":"category","embeddable":true,"href":"https:\/\/www.lafresca.fm\/fresca-api-json\/wp\/v2\/categories?post=17255"},{"taxonomy":"post_tag","embeddable":true,"href":"https:\/\/www.lafresca.fm\/fresca-api-json\/wp\/v2\/tags?post=17255"}],"curies":[{"name":"wp","href":"https:\/\/api.w.org\/{rel}","templated":true}]}}