{"id":17435,"date":"2026-01-16T11:28:08","date_gmt":"2026-01-16T10:28:08","guid":{"rendered":"https:\/\/www.lafresca.fm\/?p=17435"},"modified":"2026-01-16T11:28:10","modified_gmt":"2026-01-16T10:28:10","slug":"la-comision-de-moros-y-cristianos-de-ibi-anuncia-la-tercera-convocatoria-del-proceso-electoral-con-el-objetivo-de-renovar-sus-organos-de-representacion","status":"publish","type":"post","link":"https:\/\/www.lafresca.fm\/la-comision-de-moros-y-cristianos-de-ibi-anuncia-la-tercera-convocatoria-del-proceso-electoral-con-el-objetivo-de-renovar-sus-organos-de-representacion\/","title":{"rendered":"La Comisi\u00f3n de Moros y Cristianos de Ibi anuncia la tercera convocatoria del proceso electoral, con el objetivo de renovar sus \u00f3rganos de representaci\u00f3n"},"content":{"rendered":"\n<p>Dentro del calendario establecido, la exposici\u00f3n de las listas electorales tendr\u00e1 lugar del 16 al 25 de enero en el Casal Fester. Durante este periodo, se insta a todos los festeros y festeras a comprobar que sus datos personales sean correctos, ya que, en caso de celebrarse votaci\u00f3n, solo podr\u00e1n ejercer su derecho a voto las personas incluidas en los listados.<\/p>\n\n\n\n<p>Asimismo, se recuerda que los nombres de los componentes de las nuevas candidaturas deben aparecer obligatoriamente en dichas listas, siendo este un requisito indispensable para que las candidaturas sean v\u00e1lidas.<\/p>\n\n\n\n<p>El d\u00eda 28 de enero se proceder\u00e1 a la resoluci\u00f3n de las posibles reclamaciones presentadas durante el periodo de exposici\u00f3n.<\/p>\n\n\n\n<p>Por otro lado, el plazo de presentaci\u00f3n de candidaturas quedar\u00e1 abierto del 29 de enero al 7 de febrero, debiendo formalizarse tambi\u00e9n en el Casal Fester.<\/p>\n\n\n\n<p>El horario habilitado para la consulta de listas y la presentaci\u00f3n de candidaturas ser\u00e1 el siguiente:<\/p>\n\n\n\n<p>De lunes a viernes, de 19:00 a 21:00 horas.<\/p>\n\n\n\n<p>S\u00e1bados y domingos, de 10:00 a 13:00 horas.<\/p>\n<script>function PlayerjsAsync(){} if(window[\"Playerjs\"]){PlayerjsAsync();}<\/script>","protected":false},"excerpt":{"rendered":"<p>Dentro del calendario establecido, la exposici\u00f3n de las listas electorales tendr\u00e1 lugar del 16 al 25 de enero en el Casal Fester. Durante este periodo, se insta a todos los festeros y festeras a comprobar que sus datos personales sean correctos, ya que, en caso de celebrarse votaci\u00f3n, solo podr\u00e1n ...<\/p>\n","protected":false},"author":2,"featured_media":17436,"comment_status":"closed","ping_status":"closed","sticky":false,"template":"","format":"standard","meta":{"_monsterinsights_skip_tracking":false,"_monsterinsights_sitenote_active":false,"_monsterinsights_sitenote_note":"","_monsterinsights_sitenote_category":0,"footnotes":""},"categories":[4],"tags":[128],"class_list":["post-17435","post","type-post","status-publish","format-standard","has-post-thumbnail","hentry","category-alicante","tag-ibi"],"aioseo_notices":[],"_links":{"self":[{"href":"https:\/\/www.lafresca.fm\/fresca-api-json\/wp\/v2\/posts\/17435","targetHints":{"allow":["GET"]}}],"collection":[{"href":"https:\/\/www.lafresca.fm\/fresca-api-json\/wp\/v2\/posts"}],"about":[{"href":"https:\/\/www.lafresca.fm\/fresca-api-json\/wp\/v2\/types\/post"}],"author":[{"embeddable":true,"href":"https:\/\/www.lafresca.fm\/fresca-api-json\/wp\/v2\/users\/2"}],"replies":[{"embeddable":true,"href":"https:\/\/www.lafresca.fm\/fresca-api-json\/wp\/v2\/comments?post=17435"}],"version-history":[{"count":1,"href":"https:\/\/www.lafresca.fm\/fresca-api-json\/wp\/v2\/posts\/17435\/revisions"}],"predecessor-version":[{"id":17437,"href":"https:\/\/www.lafresca.fm\/fresca-api-json\/wp\/v2\/posts\/17435\/revisions\/17437"}],"wp:featuredmedia":[{"embeddable":true,"href":"https:\/\/www.lafresca.fm\/fresca-api-json\/wp\/v2\/media\/17436"}],"wp:attachment":[{"href":"https:\/\/www.lafresca.fm\/fresca-api-json\/wp\/v2\/media?parent=17435"}],"wp:term":[{"taxonomy":"category","embeddable":true,"href":"https:\/\/www.lafresca.fm\/fresca-api-json\/wp\/v2\/categories?post=17435"},{"taxonomy":"post_tag","embeddable":true,"href":"https:\/\/www.lafresca.fm\/fresca-api-json\/wp\/v2\/tags?post=17435"}],"curies":[{"name":"wp","href":"https:\/\/api.w.org\/{rel}","templated":true}]}}