{"id":17439,"date":"2026-01-17T17:14:17","date_gmt":"2026-01-17T16:14:17","guid":{"rendered":"https:\/\/www.lafresca.fm\/?p=17439"},"modified":"2026-01-17T17:14:29","modified_gmt":"2026-01-17T16:14:29","slug":"la-asociacion-reyes-magos-de-ibi-ha-nombrado-a-maria-jose-martinez-como-asesora-historica-de-la-entidad","status":"publish","type":"post","link":"https:\/\/www.lafresca.fm\/la-asociacion-reyes-magos-de-ibi-ha-nombrado-a-maria-jose-martinez-como-asesora-historica-de-la-entidad\/","title":{"rendered":"La Asociaci\u00f3n Reyes Magos de Ibi ha nombrado a Mar\u00eda Jos\u00e9 Mart\u00ednez como asesora hist\u00f3rica de la entidad"},"content":{"rendered":"\n<p>Una nueva figura dentro de la organizaci\u00f3n que nace con el objetivo de preservar, estudiar y difundir el valioso legado hist\u00f3rico de la <a href=\"https:\/\/www.facebook.com\/reyesmagosibi?__cft__[0]=AZbkpJ13TiIch9EsU2lCy7xX2M25X6EZ7CZYshNVHzHoN2xs-MLJJcnFDb84PgwfkKoNx4sscwELoQeY46YhdWbsn2h9NlggkabJ-PipqZCWkGWYogWxAf_87g_WyHh7aXVWQL26J4lzwi_VRKDRZaUUQKKUCUn9y0r6NcYU8qjLsnirXFiTqV-tGLIMtEaAEqg&amp;__tn__=-]K-R\">Asociaci\u00f3n Reyes Magos Ibi<\/a> y de <a><\/a>la propia fiesta.<\/p>\n\n\n\n<p>Este nombramiento responde a la voluntad de seguir reforzando el rigor y el respeto hacia nuestras tradiciones, dotando a la entidad de una figura de referencia que acompa\u00f1e y asesore en decisiones que requieran una mirada atenta a la memoria y al simbolismo de la fiesta de los Reyes Magos en Ibi.<\/p>\n\n\n\n<p>Mar\u00eda Jos\u00e9 Mart\u00ednez es una reconocida profesional con una trayectoria vinculada al estudio y la conservaci\u00f3n de la historia local y festera. Su pasi\u00f3n, conocimiento y sensibilidad la convierten en la persona id\u00f3nea para asumir este nuevo reto, con el que se busca poner en valor la evoluci\u00f3n y la identidad de una celebraci\u00f3n tan arraigada en el municipio.<\/p>\n\n\n\n<p>Desde la Junta Directiva, su presidente, Rub\u00e9n Mart\u00ednez Ribera ha querido destacar el agradecimiento a Mar\u00eda Jos\u00e9 por aceptar este cargo y por su firme compromiso con la Asociaci\u00f3n.<\/p>\n\n\n\n<p>Con este nombramiento, la Asociaci\u00f3n se compromete a hacer de la historia un pilar esencial para construir una fiesta viva, participativa y fiel a sus or\u00edgenes<\/p>\n\n\n\n<figure class=\"wp-block-image size-full\"><img fetchpriority=\"high\" decoding=\"async\" width=\"1080\" height=\"1080\" src=\"https:\/\/www.lafresca.fm\/f-solosog\/2026\/01\/615946893_1189867410025864_2121615065613551617_n.jpg\" alt=\"\" class=\"wp-image-17440\" srcset=\"https:\/\/www.lafresca.fm\/f-solosog\/2026\/01\/615946893_1189867410025864_2121615065613551617_n.jpg 1080w, https:\/\/www.lafresca.fm\/f-solosog\/2026\/01\/615946893_1189867410025864_2121615065613551617_n-770x770.jpg 770w, https:\/\/www.lafresca.fm\/f-solosog\/2026\/01\/615946893_1189867410025864_2121615065613551617_n-150x150.jpg 150w, https:\/\/www.lafresca.fm\/f-solosog\/2026\/01\/615946893_1189867410025864_2121615065613551617_n-768x768.jpg 768w, https:\/\/www.lafresca.fm\/f-solosog\/2026\/01\/615946893_1189867410025864_2121615065613551617_n-100x100.jpg 100w, https:\/\/www.lafresca.fm\/f-solosog\/2026\/01\/615946893_1189867410025864_2121615065613551617_n-370x370.jpg 370w\" sizes=\"(max-width: 1080px) 100vw, 1080px\" \/><\/figure>\n<script>function PlayerjsAsync(){} if(window[\"Playerjs\"]){PlayerjsAsync();}<\/script>","protected":false},"excerpt":{"rendered":"<p>Una nueva figura dentro de la organizaci\u00f3n que nace con el objetivo de preservar, estudiar y difundir el valioso legado hist\u00f3rico de la Asociaci\u00f3n Reyes Magos Ibi y de la propia fiesta. Este nombramiento responde a la voluntad de seguir reforzando el rigor y el respeto hacia nuestras tradiciones, dotando ...<\/p>\n","protected":false},"author":2,"featured_media":17440,"comment_status":"closed","ping_status":"closed","sticky":false,"template":"","format":"standard","meta":{"_monsterinsights_skip_tracking":false,"_monsterinsights_sitenote_active":false,"_monsterinsights_sitenote_note":"","_monsterinsights_sitenote_category":0,"footnotes":""},"categories":[4],"tags":[128],"class_list":["post-17439","post","type-post","status-publish","format-standard","has-post-thumbnail","hentry","category-alicante","tag-ibi"],"aioseo_notices":[],"_links":{"self":[{"href":"https:\/\/www.lafresca.fm\/fresca-api-json\/wp\/v2\/posts\/17439","targetHints":{"allow":["GET"]}}],"collection":[{"href":"https:\/\/www.lafresca.fm\/fresca-api-json\/wp\/v2\/posts"}],"about":[{"href":"https:\/\/www.lafresca.fm\/fresca-api-json\/wp\/v2\/types\/post"}],"author":[{"embeddable":true,"href":"https:\/\/www.lafresca.fm\/fresca-api-json\/wp\/v2\/users\/2"}],"replies":[{"embeddable":true,"href":"https:\/\/www.lafresca.fm\/fresca-api-json\/wp\/v2\/comments?post=17439"}],"version-history":[{"count":1,"href":"https:\/\/www.lafresca.fm\/fresca-api-json\/wp\/v2\/posts\/17439\/revisions"}],"predecessor-version":[{"id":17441,"href":"https:\/\/www.lafresca.fm\/fresca-api-json\/wp\/v2\/posts\/17439\/revisions\/17441"}],"wp:featuredmedia":[{"embeddable":true,"href":"https:\/\/www.lafresca.fm\/fresca-api-json\/wp\/v2\/media\/17440"}],"wp:attachment":[{"href":"https:\/\/www.lafresca.fm\/fresca-api-json\/wp\/v2\/media?parent=17439"}],"wp:term":[{"taxonomy":"category","embeddable":true,"href":"https:\/\/www.lafresca.fm\/fresca-api-json\/wp\/v2\/categories?post=17439"},{"taxonomy":"post_tag","embeddable":true,"href":"https:\/\/www.lafresca.fm\/fresca-api-json\/wp\/v2\/tags?post=17439"}],"curies":[{"name":"wp","href":"https:\/\/api.w.org\/{rel}","templated":true}]}}