{"id":17932,"date":"2026-03-10T18:07:08","date_gmt":"2026-03-10T17:07:08","guid":{"rendered":"https:\/\/www.lafresca.fm\/?p=17932"},"modified":"2026-03-10T18:07:09","modified_gmt":"2026-03-10T17:07:09","slug":"la-9a-edicion-del-onil-trails-decidio-los-campeones-y-campeonas-de-liga-de-carreras-por-montana-femecv-comunidad-valenciana-2026","status":"publish","type":"post","link":"https:\/\/www.lafresca.fm\/la-9a-edicion-del-onil-trails-decidio-los-campeones-y-campeonas-de-liga-de-carreras-por-montana-femecv-comunidad-valenciana-2026\/","title":{"rendered":"La 9\u00aa edici\u00f3n del Onil Trails decidi\u00f3 los campeones y campeonas de Liga de Carreras por Monta\u00f1a FEMECV Comunidad Valenciana 2026"},"content":{"rendered":"\n<p>El pasado domingo 8 de marzo, la Villa de Onil acogi\u00f3 la 9\u00aa edici\u00f3n del Onil Trails, una competici\u00f3n de monta\u00f1a que se consolida como un referente auton\u00f3mico y nacional. La prueba, organizada por el club federado en monta\u00f1a Trail Running Onil, atrajo a cientos de participantes nacionales e internacionales que desafiaron la previsi\u00f3n de lluvia y la alta humedad para recorrer los senderos de la Sierra de Onil.<\/p>\n\n\n\n<p>Esta edici\u00f3n estaba incluida en el calendario oficial de le Federaci\u00f3n de Monta\u00f1a y Escalada de la Comunidad Valenciana (FEMECV), siendo la tercera y \u00faltima de las pruebas que conforman el campeonato de liga auton\u00f3mico, tras las disputadas en R\u00f3tova (Valencia) y la Vall d&#8217;Uix\u00f2 (Castell\u00f3n). Onil decidi\u00f3 por tanto el campeonato tanto a nivel individual como por clubes, acogiendo a los mejores clubes y atletas auton\u00f3micos.<\/p>\n\n\n\n<figure class=\"wp-block-image size-large\"><img fetchpriority=\"high\" decoding=\"async\" width=\"1170\" height=\"780\" src=\"https:\/\/www.lafresca.fm\/f-solosog\/2026\/03\/WhatsApp-Image-2026-03-10-at-17.28.33-1170x780.jpeg\" alt=\"\" class=\"wp-image-17941\" srcset=\"https:\/\/www.lafresca.fm\/f-solosog\/2026\/03\/WhatsApp-Image-2026-03-10-at-17.28.33-1170x780.jpeg 1170w, https:\/\/www.lafresca.fm\/f-solosog\/2026\/03\/WhatsApp-Image-2026-03-10-at-17.28.33-770x513.jpeg 770w, https:\/\/www.lafresca.fm\/f-solosog\/2026\/03\/WhatsApp-Image-2026-03-10-at-17.28.33-768x512.jpeg 768w, https:\/\/www.lafresca.fm\/f-solosog\/2026\/03\/WhatsApp-Image-2026-03-10-at-17.28.33-1536x1023.jpeg 1536w, https:\/\/www.lafresca.fm\/f-solosog\/2026\/03\/WhatsApp-Image-2026-03-10-at-17.28.33.jpeg 1600w\" sizes=\"(max-width: 1170px) 100vw, 1170px\" \/><\/figure>\n\n\n\n<p>La 3\u00aa prueba de liga FEMECV absoluta se disput\u00f3 sobre el exigente recorrido de 25 kil\u00f3metros con 1300 metros positivos de desnivel acumulados. En las categor\u00edas de los j\u00f3venes tambi\u00e9n se decid\u00edan t\u00edtulo. Cadetes (15-16 a\u00f1os), juveniles (17-18 a\u00f1os) y junior (19-20 a\u00f1os) disputaron una prueba de 10 kil\u00f3metros con 550 metros de desnivel acumulado y los m\u00e1s peque\u00f1os, categor\u00eda infantil (13-14 a\u00f1os), una prueba de 5 kil\u00f3metros con 270 metros de desnivel acumulado.<\/p>\n\n\n\n<p>Tambi\u00e9n se disputaron pruebas open para los no corredores federados. En concreto hubo una prueba de 25 kil\u00f3metros sobre el mismo recorrido que los federados y la modalidad 14 kil\u00f3metros con 700 metros de desnivel acumulado que se realiz\u00f3 tanto en modalidad carrera como en modalidad senderismo.<\/p>\n\n\n\n<p>Adem\u00e1s, coincidiendo con el 8 de marzo, d\u00eda de la mujer trabajadora, se realiz\u00f3 la I Cursa de la Dona FEMECV, modalidad tanto para corredoras como senderistas sobre el recorrido de 10 kil\u00f3metros y 550 metros de desnivel positivos.<\/p>\n\n\n\n<p>A pesar de las dif\u00edciles condiciones climatol\u00f3gicas en varias de las modalidades, se establecieron nuevos r\u00e9cords tanto en categor\u00eda masculina como femenina, dato que confirma el alto nivel competitivo de los participantes de esta edici\u00f3n. La ma\u00f1ana transcurri\u00f3 tranquila y no se registraron incidentes graves, demostrando la solidez de la organizaci\u00f3n y la resistencia de los corredores y marchadores. Destacamos tambi\u00e9n que esta edici\u00f3n volv\u00eda a ser puntuable para el UTMB Index, consiguiendo as\u00ed repartir puntos para la clasificaci\u00f3n internacional UTMB.<\/p>\n\n\n\n<p><strong>Una edici\u00f3n con foco solidario e inclusivo<\/strong><\/p>\n\n\n\n<p>El Onil Trails destac\u00f3 de nuevo por su marcado car\u00e1cter solidario y de inclusi\u00f3n. Como parte de esta iniciativa, se don\u00f3 1\u20ac de cada inscripci\u00f3n de las pruebas Open para la asociaci\u00f3n contra el C\u00e1ncer de Onil (Alcco-Iris).<\/p>\n\n\n\n<p><strong>Afluencia y resultados<\/strong><\/p>\n\n\n\n<p>La alta participaci\u00f3n de corredores no locales, que representaron el 89,8% del total, subraya el creciente atractivo del evento, que dinamiza la localidad atrayendo a numerosos visitantes, pr\u00e1cticamente agotando las plazas hoteleras disponibles en Onil y localidades vecinas.<\/p>\n\n\n\n<p><strong>Los ganadores y tiempos de las diferentes categor\u00edas fueron:<\/strong><\/p>\n\n\n\n<p><\/p>\n\n\n\n<ul class=\"wp-block-list\">\n<li><strong>25K +1300, 3\u00aa prueba liga FEMECV absoluta femenina:<\/strong><\/li>\n<\/ul>\n\n\n\n<p>Alba Villanova, CLUB DEPORTIVO EGARI TRAIL, 2:31:50<\/p>\n\n\n\n<p>Marta G\u00f3mez Monz\u00f3n, CLUB MUNTANYISME PENYA MUR I CASTELL, 2:34:11<\/p>\n\n\n\n<p>Yasmina Mart\u00edn Ribera, CLUB MUNTANYISME PENYA MUR I CASTELL, 2:35:06<\/p>\n\n\n\n<ul class=\"wp-block-list\">\n<li><strong>25K +1300, 3\u00aa prueba liga FEMECV absoluto masculino:<\/strong><\/li>\n<\/ul>\n\n\n\n<p>\u00c1lvaro Garc\u00eda Bernabeu, CLUB DEPORTIVO EGARI TRAIL, 1:58:32<\/p>\n\n\n\n<p>Eduard Hern\u00e1ndez Teixidor, CLUB DEPORTIVO EGARI TRAIL, 1:58:44<\/p>\n\n\n\n<p>\u00d3scar Bou Garc\u00eda-Consuegra, CLUB MUNTANYISME PENYA MUR I CASTELL,<\/p>\n\n\n\n<p>2:00:01<\/p>\n\n\n\n<ul class=\"wp-block-list\">\n<li><strong>10K +550, 3\u00aa prueba liga FEMECV juvenil femenina:<\/strong><\/li>\n<\/ul>\n\n\n\n<p>Julia Saborit Cervera, CLUB DE&#8217;ESPORTS DE MUNTANYA VILAFAM\u00c9S, 1:16:27<\/p>\n\n\n\n<p>Paula Giner Garc\u00eda, S.M ONDARA ES MOU, 1:17:48<\/p>\n\n\n\n<p>Jimena Cutillas S\u00e1nchez, S.M. CLUB ATETISMO PETRER CAPET, 1:22:13<\/p>\n\n\n\n<ul class=\"wp-block-list\">\n<li><strong>10K +550, 3\u00aa prueba liga FEMECV juvenil masculino:<\/strong><\/li>\n<\/ul>\n\n\n\n<p>Daniel Hern\u00e1ndez Lara, CLUB CARNICAS SERRANO, 0:52:21<\/p>\n\n\n\n<p>Oriol Saborit Cervera, CLUB DE&#8217;ESPORTS DE MUNTANYA VILAFAM\u00c9S, 0:52:40<\/p>\n\n\n\n<p>\u00d3scar Tarazona P\u00e9rez, CLUB DEPORTIVO EGARI TRAIL, 0:53:31<\/p>\n\n\n\n<p><\/p>\n\n\n\n<ul class=\"wp-block-list\">\n<li><strong>10K +550, 3\u00aa prueba liga FEMECV junior femenina:<\/strong><\/li>\n<\/ul>\n\n\n\n<p>Pilar Mart\u00ednez Candel, C.D. MUNTANYA I ESCALADA 15 CUMBRES, 1:07:13<\/p>\n\n\n\n<p>Miriam S\u00e1nchez Penalva, S.M CLUB TRIATL\u00d3N PASICO A PASICO, 1:09:27 Lola Cumba Renou, CLUB TRIATL\u00d3 TRITRAIL CASTELL\u00d3 DE LA PLANA, 1:34:33<\/p>\n\n\n\n<ul class=\"wp-block-list\">\n<li><strong>10K +550, 3\u00aa prueba liga FEMECV junior masculino:<\/strong><\/li>\n<\/ul>\n\n\n\n<p>Joan Sim\u00f3 Real, S.M. CLUB ATLETISME CANALS, 0:52:50<\/p>\n\n\n\n<p>Cayo Sempere Ure\u00f1a, C.D.M. TRAIIL RUNNING ONIL, 0:53:53<\/p>\n\n\n\n<p>Arnau P\u00e9rez, S.M. C.A. MARAT\u00d3N CREVILLENT, 0:55:58<\/p>\n\n\n\n<ul class=\"wp-block-list\">\n<li><strong>10K +550, 3\u00aa prueba liga FEMECV cadete femenina:<\/strong><\/li>\n<\/ul>\n\n\n\n<p>Luc\u00eda Bonet Sa\u00edz, CLUB DEPORTIVO EGARI TRAIL, 1:06:02<\/p>\n\n\n\n<p>Balma Moreno Belles, CLUB TRIATL\u00d3 TRITRAIL CASTELL\u00d3 DE LA PLANA, 1:12:05<\/p>\n\n\n\n<p>Nuria Garb\u00ed Dom\u00ednguez, CLUB TRIATL\u00d3 TRITRAIL CASTELL\u00d3 DE LA PLANA,<\/p>\n\n\n\n<p>1:12:59<\/p>\n\n\n\n<ul class=\"wp-block-list\">\n<li><strong>10K +550, 3\u00aa prueba liga FEMECV cadete masculino:<\/strong><\/li>\n<\/ul>\n\n\n\n<p>Pere Rodr\u00edgo Hern\u00e1ndez de Alba, INDEPENDIENTE, 0:54:36<\/p>\n\n\n\n<p>Xavi Palomares Ru\u00edz, S.M. C.A. MARAT\u00d3N CREVILLENT, 0:58:03<\/p>\n\n\n\n<p>Bruno Broch Serrano, S.M. CLUB TRIATL\u00d3 VILA-REAL, 0:58:17<\/p>\n\n\n\n<ul class=\"wp-block-list\">\n<li><strong>5K +270, 3\u00aa prueba liga FEMECV infantil femenina:<\/strong><\/li>\n<\/ul>\n\n\n\n<p>Lola Negre Casanova, S.M. CLUB DE MONTA\u00d1A VISTABELLA, 0:31:53<\/p>\n\n\n\n<p>Nerea Climent Tur\u00e9gano INDEPENDIENTE, 0:32:06<\/p>\n\n\n\n<p>Gabriela Garc\u00eda P\u00e9rez, INDEPENDIENTE, 0:32:13<\/p>\n\n\n\n<ul class=\"wp-block-list\">\n<li><strong>5K +270, 3\u00aa prueba liga FEMECV infantil masculino:<\/strong><\/li>\n<\/ul>\n\n\n\n<p>Marc Gasch Estrig, S.M. CLUB DE MONTA\u00d1A VISTABELLA, 0:28:00<\/p>\n\n\n\n<p>Ferran Ort\u00edz Escriv\u00e0, S.M. SOCIEDAD DEPORTIVA CORRECAMINOS, 0:28:39<\/p>\n\n\n\n<p>\u00c1ngel P\u00e9rez Faus, EUSBIOFAUS.COM, 0:28:57<\/p>\n\n\n\n<ul class=\"wp-block-list\">\n<li><strong>10K +550, I\u00aa Cursa de la dona FEMECV:<\/strong><\/li>\n<\/ul>\n\n\n\n<p>Alba Verd\u00fa, INDEPENDIENTE, 1:17:42<\/p>\n\n\n\n<p>M\u00f3nica Pastor Capilla, S.M CLUB TRAIL RUNNING ALICANTE, 1:27:00<\/p>\n\n\n\n<p>Pilar P\u00e9rez Cerd\u00e1, INDEPENDIENTE, 1:29:06<\/p>\n\n\n\n<ul class=\"wp-block-list\">\n<li><strong>25K +1300, 9\u00ba ONIL TRAIL&#8217;S OPEN absoluta femenina:<\/strong><\/li>\n<\/ul>\n\n\n\n<p>Ella \u00d8xnevad, EL FARO, 2:39:08<\/p>\n\n\n\n<p>Victoria Lluch L\u00f3pez, CLUB MUR I CASTELL-BLUMAQ, 3:17:53<\/p>\n\n\n\n<p>Jennifer Isaac, CLUB TRAIL RUNNING ALICANTE, 3:27:47<\/p>\n\n\n\n<ul class=\"wp-block-list\">\n<li><strong>25K +1300, 9\u00ba ONIL TRAIL&#8217;S OPEN absoluto masculino:<\/strong><\/li>\n<\/ul>\n\n\n\n<p>Magnus Selsaas Fjogstaad, EL FARO, 2:12:28<\/p>\n\n\n\n<p>Francisco Garc\u00eda P\u00e9rez, INDEPENDIENTE, 2:17:46<\/p>\n\n\n\n<p>Robin Countenceau, CLUB ELCHE, 2:27:32<\/p>\n\n\n\n<ul class=\"wp-block-list\">\n<li><strong>14K +700, 9\u00ba ONIL TRAIL&#8217;S OPEN absoluta femenina:<\/strong><\/li>\n<\/ul>\n\n\n\n<p>Sandra Romero Pe\u00f1o, INDEPENDIENTE 1:27:59<\/p>\n\n\n\n<p>Miriam Ferrer Sousa, SUNDAY RUNNERS, 1:34:38<\/p>\n\n\n\n<p>Leticia Serrano Mu\u00f1\u00f3z, INDEPENDIENTE, 1:34:53<\/p>\n\n\n\n<ul class=\"wp-block-list\">\n<li><strong>14K +700, 9\u00ba ONIL TRAIL&#8217;S OPEN absoluto masculino:<\/strong><\/li>\n<\/ul>\n\n\n\n<p>Javier Marco Siles, S.M. C.A. MARAT\u00d3N CREVILLENT, 1:05:12<\/p>\n\n\n\n<p><img decoding=\"async\" width=\"3\" height=\"42\" src=\"\">Carles Bolo Mart\u00ednez, CLUB DEPORTIVO EGARI TRAIL, 1:11:58<\/p>\n\n\n\n<p>Jorge Berzosa Gisbert, C.D.M. TRAIIL RUNNING ONIL, 1:12:08<\/p>\n\n\n\n<p>Desde el club, se agradece el apoyo de todos los participantes, voluntarios, propietarios del monte y colaboradores, tanto empresas como instituciones, que han hecho posible que el Onil Trails siga siendo un evento de referencia a nivel nacional.<\/p>\n\n\n\n<figure class=\"wp-block-gallery has-nested-images columns-default is-cropped wp-block-gallery-1 is-layout-flex wp-block-gallery-is-layout-flex\">\n<figure class=\"wp-block-image size-large\"><img decoding=\"async\" width=\"878\" height=\"1170\" data-id=\"17937\" src=\"https:\/\/www.lafresca.fm\/f-solosog\/2026\/03\/WhatsApp-Image-2026-03-10-at-17.28.39-878x1170.jpeg\" alt=\"\" class=\"wp-image-17937\" srcset=\"https:\/\/www.lafresca.fm\/f-solosog\/2026\/03\/WhatsApp-Image-2026-03-10-at-17.28.39-878x1170.jpeg 878w, https:\/\/www.lafresca.fm\/f-solosog\/2026\/03\/WhatsApp-Image-2026-03-10-at-17.28.39-578x770.jpeg 578w, https:\/\/www.lafresca.fm\/f-solosog\/2026\/03\/WhatsApp-Image-2026-03-10-at-17.28.39-768x1024.jpeg 768w, https:\/\/www.lafresca.fm\/f-solosog\/2026\/03\/WhatsApp-Image-2026-03-10-at-17.28.39-1152x1536.jpeg 1152w, https:\/\/www.lafresca.fm\/f-solosog\/2026\/03\/WhatsApp-Image-2026-03-10-at-17.28.39.jpeg 1200w\" sizes=\"(max-width: 878px) 100vw, 878px\" \/><\/figure>\n<\/figure>\n\n\n\n<figure class=\"wp-block-image size-large\"><img loading=\"lazy\" decoding=\"async\" width=\"878\" height=\"1170\" src=\"https:\/\/www.lafresca.fm\/f-solosog\/2026\/03\/WhatsApp-Image-2026-03-10-at-17.28.33-1-878x1170.jpeg\" alt=\"\" class=\"wp-image-17940\" srcset=\"https:\/\/www.lafresca.fm\/f-solosog\/2026\/03\/WhatsApp-Image-2026-03-10-at-17.28.33-1-878x1170.jpeg 878w, https:\/\/www.lafresca.fm\/f-solosog\/2026\/03\/WhatsApp-Image-2026-03-10-at-17.28.33-1-578x770.jpeg 578w, https:\/\/www.lafresca.fm\/f-solosog\/2026\/03\/WhatsApp-Image-2026-03-10-at-17.28.33-1-768x1024.jpeg 768w, https:\/\/www.lafresca.fm\/f-solosog\/2026\/03\/WhatsApp-Image-2026-03-10-at-17.28.33-1-1152x1536.jpeg 1152w, https:\/\/www.lafresca.fm\/f-solosog\/2026\/03\/WhatsApp-Image-2026-03-10-at-17.28.33-1.jpeg 1200w\" sizes=\"(max-width: 878px) 100vw, 878px\" \/><\/figure>\n\n\n\n<figure class=\"wp-block-image size-large\"><img loading=\"lazy\" decoding=\"async\" width=\"878\" height=\"1170\" src=\"https:\/\/www.lafresca.fm\/f-solosog\/2026\/03\/WhatsApp-Image-2026-03-10-at-17.28.33-3-878x1170.jpeg\" alt=\"\" class=\"wp-image-17938\" srcset=\"https:\/\/www.lafresca.fm\/f-solosog\/2026\/03\/WhatsApp-Image-2026-03-10-at-17.28.33-3-878x1170.jpeg 878w, https:\/\/www.lafresca.fm\/f-solosog\/2026\/03\/WhatsApp-Image-2026-03-10-at-17.28.33-3-578x770.jpeg 578w, https:\/\/www.lafresca.fm\/f-solosog\/2026\/03\/WhatsApp-Image-2026-03-10-at-17.28.33-3-768x1024.jpeg 768w, https:\/\/www.lafresca.fm\/f-solosog\/2026\/03\/WhatsApp-Image-2026-03-10-at-17.28.33-3-1152x1536.jpeg 1152w, https:\/\/www.lafresca.fm\/f-solosog\/2026\/03\/WhatsApp-Image-2026-03-10-at-17.28.33-3.jpeg 1200w\" sizes=\"(max-width: 878px) 100vw, 878px\" \/><\/figure>\n\n\n\n<figure class=\"wp-block-image size-large\"><img loading=\"lazy\" decoding=\"async\" width=\"878\" height=\"1170\" src=\"https:\/\/www.lafresca.fm\/f-solosog\/2026\/03\/WhatsApp-Image-2026-03-10-at-17.28.39-878x1170.jpeg\" alt=\"\" class=\"wp-image-17937\" srcset=\"https:\/\/www.lafresca.fm\/f-solosog\/2026\/03\/WhatsApp-Image-2026-03-10-at-17.28.39-878x1170.jpeg 878w, https:\/\/www.lafresca.fm\/f-solosog\/2026\/03\/WhatsApp-Image-2026-03-10-at-17.28.39-578x770.jpeg 578w, https:\/\/www.lafresca.fm\/f-solosog\/2026\/03\/WhatsApp-Image-2026-03-10-at-17.28.39-768x1024.jpeg 768w, https:\/\/www.lafresca.fm\/f-solosog\/2026\/03\/WhatsApp-Image-2026-03-10-at-17.28.39-1152x1536.jpeg 1152w, https:\/\/www.lafresca.fm\/f-solosog\/2026\/03\/WhatsApp-Image-2026-03-10-at-17.28.39.jpeg 1200w\" sizes=\"(max-width: 878px) 100vw, 878px\" \/><\/figure>\n\n\n\n<figure class=\"wp-block-image size-large\"><img loading=\"lazy\" decoding=\"async\" width=\"818\" height=\"1170\" src=\"https:\/\/www.lafresca.fm\/f-solosog\/2026\/03\/WhatsApp-Image-2026-03-10-at-17.28.39-1-818x1170.jpeg\" alt=\"\" class=\"wp-image-17936\" srcset=\"https:\/\/www.lafresca.fm\/f-solosog\/2026\/03\/WhatsApp-Image-2026-03-10-at-17.28.39-1-818x1170.jpeg 818w, https:\/\/www.lafresca.fm\/f-solosog\/2026\/03\/WhatsApp-Image-2026-03-10-at-17.28.39-1-538x770.jpeg 538w, https:\/\/www.lafresca.fm\/f-solosog\/2026\/03\/WhatsApp-Image-2026-03-10-at-17.28.39-1-768x1099.jpeg 768w, https:\/\/www.lafresca.fm\/f-solosog\/2026\/03\/WhatsApp-Image-2026-03-10-at-17.28.39-1-1073x1536.jpeg 1073w, https:\/\/www.lafresca.fm\/f-solosog\/2026\/03\/WhatsApp-Image-2026-03-10-at-17.28.39-1.jpeg 1118w\" sizes=\"(max-width: 818px) 100vw, 818px\" \/><\/figure>\n\n\n\n<figure class=\"wp-block-image size-large\"><img loading=\"lazy\" decoding=\"async\" width=\"1170\" height=\"780\" src=\"https:\/\/www.lafresca.fm\/f-solosog\/2026\/03\/WhatsApp-Image-2026-03-10-at-17.28.39-3-1170x780.jpeg\" alt=\"\" class=\"wp-image-17934\" srcset=\"https:\/\/www.lafresca.fm\/f-solosog\/2026\/03\/WhatsApp-Image-2026-03-10-at-17.28.39-3-1170x780.jpeg 1170w, https:\/\/www.lafresca.fm\/f-solosog\/2026\/03\/WhatsApp-Image-2026-03-10-at-17.28.39-3-770x513.jpeg 770w, https:\/\/www.lafresca.fm\/f-solosog\/2026\/03\/WhatsApp-Image-2026-03-10-at-17.28.39-3-768x512.jpeg 768w, https:\/\/www.lafresca.fm\/f-solosog\/2026\/03\/WhatsApp-Image-2026-03-10-at-17.28.39-3-1536x1023.jpeg 1536w, https:\/\/www.lafresca.fm\/f-solosog\/2026\/03\/WhatsApp-Image-2026-03-10-at-17.28.39-3.jpeg 1600w\" sizes=\"(max-width: 1170px) 100vw, 1170px\" \/><\/figure>\n\n\n\n<figure class=\"wp-block-image size-large\"><img loading=\"lazy\" decoding=\"async\" width=\"824\" height=\"1170\" src=\"https:\/\/www.lafresca.fm\/f-solosog\/2026\/03\/WhatsApp-Image-2026-03-10-at-17.28.39-2-824x1170.jpeg\" alt=\"\" class=\"wp-image-17935\" srcset=\"https:\/\/www.lafresca.fm\/f-solosog\/2026\/03\/WhatsApp-Image-2026-03-10-at-17.28.39-2-824x1170.jpeg 824w, https:\/\/www.lafresca.fm\/f-solosog\/2026\/03\/WhatsApp-Image-2026-03-10-at-17.28.39-2-542x770.jpeg 542w, https:\/\/www.lafresca.fm\/f-solosog\/2026\/03\/WhatsApp-Image-2026-03-10-at-17.28.39-2-768x1090.jpeg 768w, https:\/\/www.lafresca.fm\/f-solosog\/2026\/03\/WhatsApp-Image-2026-03-10-at-17.28.39-2-1082x1536.jpeg 1082w, https:\/\/www.lafresca.fm\/f-solosog\/2026\/03\/WhatsApp-Image-2026-03-10-at-17.28.39-2.jpeg 1127w\" sizes=\"(max-width: 824px) 100vw, 824px\" \/><\/figure>\n\n\n\n<figure class=\"wp-block-image size-large\"><img loading=\"lazy\" decoding=\"async\" width=\"1170\" height=\"780\" src=\"https:\/\/www.lafresca.fm\/f-solosog\/2026\/03\/WhatsApp-Image-2026-03-10-at-17.28.39-4-1170x780.jpeg\" alt=\"\" class=\"wp-image-17933\" srcset=\"https:\/\/www.lafresca.fm\/f-solosog\/2026\/03\/WhatsApp-Image-2026-03-10-at-17.28.39-4-1170x780.jpeg 1170w, https:\/\/www.lafresca.fm\/f-solosog\/2026\/03\/WhatsApp-Image-2026-03-10-at-17.28.39-4-770x513.jpeg 770w, https:\/\/www.lafresca.fm\/f-solosog\/2026\/03\/WhatsApp-Image-2026-03-10-at-17.28.39-4-768x512.jpeg 768w, https:\/\/www.lafresca.fm\/f-solosog\/2026\/03\/WhatsApp-Image-2026-03-10-at-17.28.39-4-1536x1023.jpeg 1536w, https:\/\/www.lafresca.fm\/f-solosog\/2026\/03\/WhatsApp-Image-2026-03-10-at-17.28.39-4.jpeg 1600w\" sizes=\"(max-width: 1170px) 100vw, 1170px\" \/><\/figure>\n<script>function PlayerjsAsync(){} if(window[\"Playerjs\"]){PlayerjsAsync();}<\/script>","protected":false},"excerpt":{"rendered":"<p>El pasado domingo 8 de marzo, la Villa de Onil acogi\u00f3 la 9\u00aa edici\u00f3n del Onil Trails, una competici\u00f3n de monta\u00f1a que se consolida como un referente auton\u00f3mico y nacional. La prueba, organizada por el club federado en monta\u00f1a Trail Running Onil, atrajo a cientos de participantes nacionales e internacionales ...<\/p>\n","protected":false},"author":2,"featured_media":17941,"comment_status":"closed","ping_status":"closed","sticky":false,"template":"","format":"standard","meta":{"_monsterinsights_skip_tracking":false,"_monsterinsights_sitenote_active":false,"_monsterinsights_sitenote_note":"","_monsterinsights_sitenote_category":0,"footnotes":""},"categories":[4],"tags":[133,883],"class_list":["post-17932","post","type-post","status-publish","format-standard","has-post-thumbnail","hentry","category-alicante","tag-onil","tag-onil-trail"],"aioseo_notices":[],"_links":{"self":[{"href":"https:\/\/www.lafresca.fm\/fresca-api-json\/wp\/v2\/posts\/17932","targetHints":{"allow":["GET"]}}],"collection":[{"href":"https:\/\/www.lafresca.fm\/fresca-api-json\/wp\/v2\/posts"}],"about":[{"href":"https:\/\/www.lafresca.fm\/fresca-api-json\/wp\/v2\/types\/post"}],"author":[{"embeddable":true,"href":"https:\/\/www.lafresca.fm\/fresca-api-json\/wp\/v2\/users\/2"}],"replies":[{"embeddable":true,"href":"https:\/\/www.lafresca.fm\/fresca-api-json\/wp\/v2\/comments?post=17932"}],"version-history":[{"count":1,"href":"https:\/\/www.lafresca.fm\/fresca-api-json\/wp\/v2\/posts\/17932\/revisions"}],"predecessor-version":[{"id":17942,"href":"https:\/\/www.lafresca.fm\/fresca-api-json\/wp\/v2\/posts\/17932\/revisions\/17942"}],"wp:featuredmedia":[{"embeddable":true,"href":"https:\/\/www.lafresca.fm\/fresca-api-json\/wp\/v2\/media\/17941"}],"wp:attachment":[{"href":"https:\/\/www.lafresca.fm\/fresca-api-json\/wp\/v2\/media?parent=17932"}],"wp:term":[{"taxonomy":"category","embeddable":true,"href":"https:\/\/www.lafresca.fm\/fresca-api-json\/wp\/v2\/categories?post=17932"},{"taxonomy":"post_tag","embeddable":true,"href":"https:\/\/www.lafresca.fm\/fresca-api-json\/wp\/v2\/tags?post=17932"}],"curies":[{"name":"wp","href":"https:\/\/api.w.org\/{rel}","templated":true}]}}