{"id":17943,"date":"2026-03-11T15:25:59","date_gmt":"2026-03-11T14:25:59","guid":{"rendered":"https:\/\/www.lafresca.fm\/?p=17943"},"modified":"2026-03-11T15:26:01","modified_gmt":"2026-03-11T14:26:01","slug":"musica-diversion-y-valores-para-toda-la-familia-llegan-a-onil-con-el-musical-infantil-el-pequeno-mundo-de-la-musica","status":"publish","type":"post","link":"https:\/\/www.lafresca.fm\/musica-diversion-y-valores-para-toda-la-familia-llegan-a-onil-con-el-musical-infantil-el-pequeno-mundo-de-la-musica\/","title":{"rendered":"M\u00fasica, diversi\u00f3n y valores para toda la familia llegan a Onil con el musical infantil\u00a0\u201cEl Peque\u00f1o Mundo de la M\u00fasica\u201d"},"content":{"rendered":"\n<p>El pr\u00f3ximo&nbsp;<strong>15 de marzo<\/strong>&nbsp;el&nbsp;<strong>Auditorio Municipal de Onil<\/strong>&nbsp;acoger\u00e1 el espect\u00e1culo familiar&nbsp;<strong>\u201cEl Peque\u00f1o Mundo de la M\u00fasica\u201d<\/strong>, un musical lleno de canciones, baile y personajes entra\u00f1ables pensado para que&nbsp;<strong>ni\u00f1os y adultos disfruten juntos de una tarde diferente<\/strong>.<\/p>\n\n\n\n<p>La funci\u00f3n tendr\u00e1 lugar a las&nbsp;<strong>18:30 horas<\/strong>&nbsp;y la&nbsp;<strong>entrada ser\u00e1 gratuita<\/strong>, ofreciendo a las familias la oportunidad de disfrutar de una propuesta cultural participativa y educativa.<\/p>\n\n\n\n<p>\u201cEl Peque\u00f1o Mundo de la M\u00fasica\u201d es un espect\u00e1culo din\u00e1mico que combina&nbsp;<strong>m\u00fasica en directo, coreograf\u00edas, humor y personajes fant\u00e1sticos<\/strong>&nbsp;que acompa\u00f1an al p\u00fablico en un viaje lleno de imaginaci\u00f3n. A trav\u00e9s de sus canciones y escenas, el musical transmite&nbsp;<strong>valores educativos como la amistad, el respeto, la creatividad y la importancia de aprender jugando<\/strong>.<\/p>\n\n\n\n<p>Durante el espect\u00e1culo, el p\u00fablico se convierte tambi\u00e9n en protagonista, participando en canciones y momentos interactivos que hacen de la experiencia&nbsp;<strong>una fiesta musical para toda la familia<\/strong>.<\/p>\n\n\n\n<p>La propuesta est\u00e1 especialmente pensada para el p\u00fablico infantil, aunque su ritmo, humor y energ\u00eda consiguen que&nbsp;<strong>padres, madres y abuelos disfruten igualmente del espect\u00e1culo<\/strong>.<\/p>\n\n\n\n<p>Este evento forma parte de la programaci\u00f3n cultural dirigida a fomentar el acceso de las familias a actividades art\u00edsticas y educativas.<\/p>\n\n\n\n<p><strong>Datos del evento<\/strong><\/p>\n\n\n\n<ul class=\"wp-block-list\">\n<li><strong>Espect\u00e1culo:<\/strong>\u00a0El Peque\u00f1o Mundo de la M\u00fasica<\/li>\n\n\n\n<li><strong>Fecha:<\/strong>\u00a015 de marzo<\/li>\n\n\n\n<li><strong>Hora:<\/strong>\u00a018:30 h<\/li>\n\n\n\n<li><strong>Lugar:<\/strong>\u00a0Auditorio Municipal de Onil<\/li>\n\n\n\n<li><strong>Entrada:<\/strong>\u00a0Gratuita<\/li>\n<\/ul>\n\n\n\n<p>Una invitaci\u00f3n perfecta para&nbsp;<strong>compartir m\u00fasica, aprendizaje y diversi\u00f3n en familia<\/strong>.<\/p>\n\n\n\n<figure class=\"wp-block-image size-large\"><img fetchpriority=\"high\" decoding=\"async\" width=\"936\" height=\"1170\" src=\"https:\/\/www.lafresca.fm\/f-solosog\/2026\/03\/WhatsApp-Image-2026-03-04-at-12.05.45-936x1170.jpeg\" alt=\"\" class=\"wp-image-17944\" srcset=\"https:\/\/www.lafresca.fm\/f-solosog\/2026\/03\/WhatsApp-Image-2026-03-04-at-12.05.45-936x1170.jpeg 936w, https:\/\/www.lafresca.fm\/f-solosog\/2026\/03\/WhatsApp-Image-2026-03-04-at-12.05.45-616x770.jpeg 616w, https:\/\/www.lafresca.fm\/f-solosog\/2026\/03\/WhatsApp-Image-2026-03-04-at-12.05.45-768x960.jpeg 768w, https:\/\/www.lafresca.fm\/f-solosog\/2026\/03\/WhatsApp-Image-2026-03-04-at-12.05.45.jpeg 1080w\" sizes=\"(max-width: 936px) 100vw, 936px\" \/><\/figure>\n<script>function PlayerjsAsync(){} if(window[\"Playerjs\"]){PlayerjsAsync();}<\/script>","protected":false},"excerpt":{"rendered":"<p>El pr\u00f3ximo&nbsp;15 de marzo&nbsp;el&nbsp;Auditorio Municipal de Onil&nbsp;acoger\u00e1 el espect\u00e1culo familiar&nbsp;\u201cEl Peque\u00f1o Mundo de la M\u00fasica\u201d, un musical lleno de canciones, baile y personajes entra\u00f1ables pensado para que&nbsp;ni\u00f1os y adultos disfruten juntos de una tarde diferente. La funci\u00f3n tendr\u00e1 lugar a las&nbsp;18:30 horas&nbsp;y la&nbsp;entrada ser\u00e1 gratuita, ofreciendo a las familias la ...<\/p>\n","protected":false},"author":2,"featured_media":17944,"comment_status":"closed","ping_status":"closed","sticky":false,"template":"","format":"standard","meta":{"_monsterinsights_skip_tracking":false,"_monsterinsights_sitenote_active":false,"_monsterinsights_sitenote_note":"","_monsterinsights_sitenote_category":0,"footnotes":""},"categories":[4],"tags":[133],"class_list":["post-17943","post","type-post","status-publish","format-standard","has-post-thumbnail","hentry","category-alicante","tag-onil"],"aioseo_notices":[],"_links":{"self":[{"href":"https:\/\/www.lafresca.fm\/fresca-api-json\/wp\/v2\/posts\/17943","targetHints":{"allow":["GET"]}}],"collection":[{"href":"https:\/\/www.lafresca.fm\/fresca-api-json\/wp\/v2\/posts"}],"about":[{"href":"https:\/\/www.lafresca.fm\/fresca-api-json\/wp\/v2\/types\/post"}],"author":[{"embeddable":true,"href":"https:\/\/www.lafresca.fm\/fresca-api-json\/wp\/v2\/users\/2"}],"replies":[{"embeddable":true,"href":"https:\/\/www.lafresca.fm\/fresca-api-json\/wp\/v2\/comments?post=17943"}],"version-history":[{"count":1,"href":"https:\/\/www.lafresca.fm\/fresca-api-json\/wp\/v2\/posts\/17943\/revisions"}],"predecessor-version":[{"id":17945,"href":"https:\/\/www.lafresca.fm\/fresca-api-json\/wp\/v2\/posts\/17943\/revisions\/17945"}],"wp:featuredmedia":[{"embeddable":true,"href":"https:\/\/www.lafresca.fm\/fresca-api-json\/wp\/v2\/media\/17944"}],"wp:attachment":[{"href":"https:\/\/www.lafresca.fm\/fresca-api-json\/wp\/v2\/media?parent=17943"}],"wp:term":[{"taxonomy":"category","embeddable":true,"href":"https:\/\/www.lafresca.fm\/fresca-api-json\/wp\/v2\/categories?post=17943"},{"taxonomy":"post_tag","embeddable":true,"href":"https:\/\/www.lafresca.fm\/fresca-api-json\/wp\/v2\/tags?post=17943"}],"curies":[{"name":"wp","href":"https:\/\/api.w.org\/{rel}","templated":true}]}}