{"id":17946,"date":"2026-03-11T15:26:57","date_gmt":"2026-03-11T14:26:57","guid":{"rendered":"https:\/\/www.lafresca.fm\/?p=17946"},"modified":"2026-03-11T15:26:58","modified_gmt":"2026-03-11T14:26:58","slug":"el-ayuntamiento-de-onil-avanza-en-la-elaboracion-del-iii-plan-de-igualdad-del-municipio","status":"publish","type":"post","link":"https:\/\/www.lafresca.fm\/el-ayuntamiento-de-onil-avanza-en-la-elaboracion-del-iii-plan-de-igualdad-del-municipio\/","title":{"rendered":"El Ayuntamiento de Onil avanza en la elaboraci\u00f3n del III Plan de Igualdad del municipio"},"content":{"rendered":"\n<p>El Ayuntamiento de Onil celebr\u00f3 el pasado mi\u00e9rcoles 11 de marzo una reuni\u00f3n de trabajo con miembros de la corporaci\u00f3n municipal para ultimar la elaboraci\u00f3n del III Plan de Igualdad del municipio.<\/p>\n\n\n\n<p>Durante el encuentro se revis\u00f3 el Plan y se hicieron aportaciones al documento, que establecer\u00e1 las principales l\u00edneas de actuaci\u00f3n en materia de igualdad para los pr\u00f3ximos cuatro a\u00f1os. La reuni\u00f3n permiti\u00f3 avanzar en la fase final del plan, que tiene como objetivo seguir impulsando pol\u00edticas p\u00fablicas que promuevan la igualdad real y efectiva entre mujeres y hombres.<\/p>\n\n\n\n<p>El III Plan de Igualdad recoger\u00e1 diferentes medidas y acciones dirigidas a fomentar la igualdad de oportunidades, reforzar la participaci\u00f3n y continuar trabajando en la construcci\u00f3n de un municipio m\u00e1s igualitario e inclusivo.<\/p>\n\n\n\n<p>Desde el Ayuntamiento se destaca la importancia de este documento estrat\u00e9gico para consolidar el compromiso municipal con la igualdad y seguir desarrollando iniciativas que mejoren la calidad de vida de la ciudadan\u00eda.<\/p>\n\n\n\n<figure class=\"wp-block-image size-large\"><img fetchpriority=\"high\" decoding=\"async\" width=\"1170\" height=\"878\" src=\"https:\/\/www.lafresca.fm\/f-solosog\/2026\/03\/WhatsApp-Image-2026-03-11-at-13.15.38-1170x878.jpeg\" alt=\"\" class=\"wp-image-17947\" srcset=\"https:\/\/www.lafresca.fm\/f-solosog\/2026\/03\/WhatsApp-Image-2026-03-11-at-13.15.38-1170x878.jpeg 1170w, https:\/\/www.lafresca.fm\/f-solosog\/2026\/03\/WhatsApp-Image-2026-03-11-at-13.15.38-770x578.jpeg 770w, https:\/\/www.lafresca.fm\/f-solosog\/2026\/03\/WhatsApp-Image-2026-03-11-at-13.15.38-768x576.jpeg 768w, https:\/\/www.lafresca.fm\/f-solosog\/2026\/03\/WhatsApp-Image-2026-03-11-at-13.15.38-1536x1152.jpeg 1536w, https:\/\/www.lafresca.fm\/f-solosog\/2026\/03\/WhatsApp-Image-2026-03-11-at-13.15.38.jpeg 2000w\" sizes=\"(max-width: 1170px) 100vw, 1170px\" \/><\/figure>\n<script>function PlayerjsAsync(){} if(window[\"Playerjs\"]){PlayerjsAsync();}<\/script>","protected":false},"excerpt":{"rendered":"<p>El Ayuntamiento de Onil celebr\u00f3 el pasado mi\u00e9rcoles 11 de marzo una reuni\u00f3n de trabajo con miembros de la corporaci\u00f3n municipal para ultimar la elaboraci\u00f3n del III Plan de Igualdad del municipio. Durante el encuentro se revis\u00f3 el Plan y se hicieron aportaciones al documento, que establecer\u00e1 las principales l\u00edneas ...<\/p>\n","protected":false},"author":2,"featured_media":17947,"comment_status":"closed","ping_status":"closed","sticky":false,"template":"","format":"standard","meta":{"_monsterinsights_skip_tracking":false,"_monsterinsights_sitenote_active":false,"_monsterinsights_sitenote_note":"","_monsterinsights_sitenote_category":0,"footnotes":""},"categories":[4],"tags":[133],"class_list":["post-17946","post","type-post","status-publish","format-standard","has-post-thumbnail","hentry","category-alicante","tag-onil"],"aioseo_notices":[],"_links":{"self":[{"href":"https:\/\/www.lafresca.fm\/fresca-api-json\/wp\/v2\/posts\/17946","targetHints":{"allow":["GET"]}}],"collection":[{"href":"https:\/\/www.lafresca.fm\/fresca-api-json\/wp\/v2\/posts"}],"about":[{"href":"https:\/\/www.lafresca.fm\/fresca-api-json\/wp\/v2\/types\/post"}],"author":[{"embeddable":true,"href":"https:\/\/www.lafresca.fm\/fresca-api-json\/wp\/v2\/users\/2"}],"replies":[{"embeddable":true,"href":"https:\/\/www.lafresca.fm\/fresca-api-json\/wp\/v2\/comments?post=17946"}],"version-history":[{"count":1,"href":"https:\/\/www.lafresca.fm\/fresca-api-json\/wp\/v2\/posts\/17946\/revisions"}],"predecessor-version":[{"id":17948,"href":"https:\/\/www.lafresca.fm\/fresca-api-json\/wp\/v2\/posts\/17946\/revisions\/17948"}],"wp:featuredmedia":[{"embeddable":true,"href":"https:\/\/www.lafresca.fm\/fresca-api-json\/wp\/v2\/media\/17947"}],"wp:attachment":[{"href":"https:\/\/www.lafresca.fm\/fresca-api-json\/wp\/v2\/media?parent=17946"}],"wp:term":[{"taxonomy":"category","embeddable":true,"href":"https:\/\/www.lafresca.fm\/fresca-api-json\/wp\/v2\/categories?post=17946"},{"taxonomy":"post_tag","embeddable":true,"href":"https:\/\/www.lafresca.fm\/fresca-api-json\/wp\/v2\/tags?post=17946"}],"curies":[{"name":"wp","href":"https:\/\/api.w.org\/{rel}","templated":true}]}}