{"id":17949,"date":"2026-03-11T15:28:43","date_gmt":"2026-03-11T14:28:43","guid":{"rendered":"https:\/\/www.lafresca.fm\/?p=17949"},"modified":"2026-03-11T15:28:45","modified_gmt":"2026-03-11T14:28:45","slug":"celebrada-en-ibi-la-primera-junta-local-de-seguridad-ciudadana-del-ano","status":"publish","type":"post","link":"https:\/\/www.lafresca.fm\/celebrada-en-ibi-la-primera-junta-local-de-seguridad-ciudadana-del-ano\/","title":{"rendered":"Celebrada en Ibi la primera Junta Local de Seguridad Ciudadana del a\u00f1o"},"content":{"rendered":"\n<ul class=\"wp-block-list\">\n<li>A la Junta Local de Seguridad han asistido el subdelegado del gobierno en Alicante, Juan Antonio Nieves Mart\u00ednez, responsables de los diferentes cuerpos de seguridad as\u00ed como las personas de las \u00e1reas implicadas en cuestiones de violencia de g\u00e9nero, uno de los puntos que m\u00e1s preocupan en materia de seguridad.<\/li>\n<\/ul>\n\n\n\n<p>El Ayuntamiento de Ibi celebraba este misma ma\u00f1ana la Junta Local de Serguridad Ciudadana, la primera de este a\u00f1o 2026, con la asistencia del subdelegado del gobierno en Alicante, Juan Antonio Nieves; el alcalde de Ibi, Sergio Carrasco; la jefa de la Unidad Contra la Violencia sobre la Mujer de Alicante, Eva Montesinos; el jefe Operativo de la Unidad de Polic\u00eda Nacional Adscrita a la Comunidad Valenciana, el inspector D. Jos\u00e9 Antonio Fern\u00e1ndez; jefa Provincial de la Unidad de Polic\u00eda Nacional Adscrita a la Comunidad Valenciana, la inspectora M.\u00aa Luisa Rodr\u00edguez; el comandante de la Guardia Civil, Emilio Lozano; la sargento 1\u00aa del Puesto de la Guardia Civil, Ainoa Mart\u00ed; as\u00ed como la jefa accidental de la Polic\u00eda Local de Ibi, Elvira Vidal Sempere; la teniente de alcalde de Servicios Sociales e Igualdad del Ayuntamiento de Ibi, Montse Agull\u00f3; la teniente de alcalde de Juventud del Ayuntamiento de Ibi, Paula Peidr\u00f3, y la coordinadora de Servicios Sociales del Ayuntamiento de Ibi, Lidia Aura.<\/p>\n\n\n\n<figure class=\"wp-block-image size-large\"><img fetchpriority=\"high\" decoding=\"async\" width=\"1170\" height=\"878\" src=\"https:\/\/www.lafresca.fm\/f-solosog\/2026\/03\/JuntaLocalSeguridad_2026-1170x878.jpeg\" alt=\"\" class=\"wp-image-17950\" srcset=\"https:\/\/www.lafresca.fm\/f-solosog\/2026\/03\/JuntaLocalSeguridad_2026-1170x878.jpeg 1170w, https:\/\/www.lafresca.fm\/f-solosog\/2026\/03\/JuntaLocalSeguridad_2026-770x578.jpeg 770w, https:\/\/www.lafresca.fm\/f-solosog\/2026\/03\/JuntaLocalSeguridad_2026-768x576.jpeg 768w, https:\/\/www.lafresca.fm\/f-solosog\/2026\/03\/JuntaLocalSeguridad_2026-1536x1152.jpeg 1536w, https:\/\/www.lafresca.fm\/f-solosog\/2026\/03\/JuntaLocalSeguridad_2026.jpeg 2048w\" sizes=\"(max-width: 1170px) 100vw, 1170px\" \/><\/figure>\n\n\n\n<p>En la reuni\u00f3n se han tratado temas relativos a la seguridad ciudadana y al Sistema VioGen (Sistema de seguimiento integral en los casos de Violencia de G\u00e9nero), teniendo buenas noticias de este \u00faltimo, ya que han descendido los casos de violenca de g\u00e9nero en la localidad, siendo a\u00fan 2 los casos muy graves existentes en este momento. En ese sentido, desde la subdelegaci\u00f3n del Gobierno se felicit\u00f3 tanto a la Polic\u00eda Local de Ibi como a la Guardia Civil, su profesionalidad, trabajo constante y, sobre todo, coordinaci\u00f3n de ambos cuerpos en materia de violencia de g\u00e9nero.<\/p>\n\n\n\n<p>En otros orden de cosas, se siguen planificando acciones conjuntas entre ambas fuerzas de seguridad para los puntos m\u00e1s sensibles del municipio, as\u00ed como la planificaci\u00f3n de charlas tanto en los centros escolares, con el bullying, como destinadas a la ciudadan\u00eda, tales como las centradas en ciberestafas, lamentablemente en auge, y que afectan, especialmente, a personas mayores y vulnerables, aunque cada vez se dan m\u00e1s casos en personas de todas las edades. En este sentido, desde el Ayuntamiento se realizar\u00e1n propuestas de charlas tanto en los centros de mayores como en las asociaciones de vecinos y entidades que puedan llegar m\u00e1s directamente a los vecinos y vecinas de Ibi.<\/p>\n\n\n\n<p>Sergio Carrasco, alcalde de Ibi y delegado del \u00e1rea de Seguridad Ciudadana, expresaba que \u201caunque el descenso de casos por violencia de g\u00e9nero en Ibi es una realidad, tras un tiempo de creciente ascenso, seguiremos trabajando por esta lacra social que tanto nos afecta a todos y todas. Polic\u00eda Local y Guardia Civil van de la mano, y desde el consistorio tambi\u00e9n les felicitamos por esa gran labor\u201d. \u201cIgualmente\u201d, a\u00f1ad\u00eda, \u201cen Ibi ya contamos con 27 agentes de la Polic\u00eda Local, y se ha iniciado el proceso para que pueda haber tres efectivos m\u00e1s\u201d.<\/p>\n<script>function PlayerjsAsync(){} if(window[\"Playerjs\"]){PlayerjsAsync();}<\/script>","protected":false},"excerpt":{"rendered":"<p>El Ayuntamiento de Ibi celebraba este misma ma\u00f1ana la Junta Local de Serguridad Ciudadana, la primera de este a\u00f1o 2026, con la asistencia del subdelegado del gobierno en Alicante, Juan Antonio Nieves; el alcalde de Ibi, Sergio Carrasco; la jefa de la Unidad Contra la Violencia sobre la Mujer de ...<\/p>\n","protected":false},"author":2,"featured_media":17950,"comment_status":"closed","ping_status":"closed","sticky":false,"template":"","format":"standard","meta":{"_monsterinsights_skip_tracking":false,"_monsterinsights_sitenote_active":false,"_monsterinsights_sitenote_note":"","_monsterinsights_sitenote_category":0,"footnotes":""},"categories":[4],"tags":[128],"class_list":["post-17949","post","type-post","status-publish","format-standard","has-post-thumbnail","hentry","category-alicante","tag-ibi"],"aioseo_notices":[],"_links":{"self":[{"href":"https:\/\/www.lafresca.fm\/fresca-api-json\/wp\/v2\/posts\/17949","targetHints":{"allow":["GET"]}}],"collection":[{"href":"https:\/\/www.lafresca.fm\/fresca-api-json\/wp\/v2\/posts"}],"about":[{"href":"https:\/\/www.lafresca.fm\/fresca-api-json\/wp\/v2\/types\/post"}],"author":[{"embeddable":true,"href":"https:\/\/www.lafresca.fm\/fresca-api-json\/wp\/v2\/users\/2"}],"replies":[{"embeddable":true,"href":"https:\/\/www.lafresca.fm\/fresca-api-json\/wp\/v2\/comments?post=17949"}],"version-history":[{"count":1,"href":"https:\/\/www.lafresca.fm\/fresca-api-json\/wp\/v2\/posts\/17949\/revisions"}],"predecessor-version":[{"id":17951,"href":"https:\/\/www.lafresca.fm\/fresca-api-json\/wp\/v2\/posts\/17949\/revisions\/17951"}],"wp:featuredmedia":[{"embeddable":true,"href":"https:\/\/www.lafresca.fm\/fresca-api-json\/wp\/v2\/media\/17950"}],"wp:attachment":[{"href":"https:\/\/www.lafresca.fm\/fresca-api-json\/wp\/v2\/media?parent=17949"}],"wp:term":[{"taxonomy":"category","embeddable":true,"href":"https:\/\/www.lafresca.fm\/fresca-api-json\/wp\/v2\/categories?post=17949"},{"taxonomy":"post_tag","embeddable":true,"href":"https:\/\/www.lafresca.fm\/fresca-api-json\/wp\/v2\/tags?post=17949"}],"curies":[{"name":"wp","href":"https:\/\/api.w.org\/{rel}","templated":true}]}}