{"id":17960,"date":"2026-03-12T13:13:44","date_gmt":"2026-03-12T12:13:44","guid":{"rendered":"https:\/\/www.lafresca.fm\/?p=17960"},"modified":"2026-03-12T13:13:46","modified_gmt":"2026-03-12T12:13:46","slug":"la-protectora-de-animales-de-ibi-organiza-un-evento-solidario-este-domingo-en-el-parque-de-les-hortes","status":"publish","type":"post","link":"https:\/\/www.lafresca.fm\/la-protectora-de-animales-de-ibi-organiza-un-evento-solidario-este-domingo-en-el-parque-de-les-hortes\/","title":{"rendered":"La Protectora de Animales de Ibi organiza un evento solidario este domingo en el Parque de les Hortes"},"content":{"rendered":"\n<figure class=\"wp-block-audio\"><audio controls src=\"https:\/\/www.lafresca.fm\/f-solosog\/2026\/03\/Entrevista-Raquel-y-Tris-prote-ibi12326.mp3\"><\/audio><\/figure>\n\n\n\n<p>La Protectora de Animales de Ibi celebrar\u00e1 este domingo 15 de marzo, a partir de las 11 de la ma\u00f1ana, una jornada solidaria en el Parque de les Hortes de Ibi con el objetivo de recaudar fondos y dar a conocer la labor que realiza la entidad con los animales abandonados del municipio.<\/p>\n\n\n\n<p>Con motivo de esta actividad, hemos entrevistado a <strong>Raquel Buz\u00f3n<\/strong>, encargada de la protectora, y a <strong>Tris<\/strong>, voluntaria de la asociaci\u00f3n, quienes han explicado las iniciativas que llevan a cabo y la importancia de la colaboraci\u00f3n ciudadana.<\/p>\n\n\n\n<p>Durante el evento, los asistentes podr\u00e1n disfrutar de diferentes actividades pensadas para toda la familia. Entre ellas destaca el <strong>concurso de disfraces para perros<\/strong>, una propuesta divertida para participar con las mascotas, as\u00ed como el taller del <strong>\u201cPerro pintor\u201d<\/strong>, donde los perros crear\u00e1n peque\u00f1as obras de arte que despu\u00e9s podr\u00e1n adquirirse para ayudar econ\u00f3micamente a la protectora.<\/p>\n\n\n\n<figure class=\"wp-block-image size-large\"><img fetchpriority=\"high\" decoding=\"async\" width=\"1170\" height=\"878\" src=\"https:\/\/www.lafresca.fm\/f-solosog\/2026\/03\/WhatsApp-Image-2026-03-12-at-13.00.52-1170x878.jpeg\" alt=\"\" class=\"wp-image-17962\" srcset=\"https:\/\/www.lafresca.fm\/f-solosog\/2026\/03\/WhatsApp-Image-2026-03-12-at-13.00.52-1170x878.jpeg 1170w, https:\/\/www.lafresca.fm\/f-solosog\/2026\/03\/WhatsApp-Image-2026-03-12-at-13.00.52-770x578.jpeg 770w, https:\/\/www.lafresca.fm\/f-solosog\/2026\/03\/WhatsApp-Image-2026-03-12-at-13.00.52-768x576.jpeg 768w, https:\/\/www.lafresca.fm\/f-solosog\/2026\/03\/WhatsApp-Image-2026-03-12-at-13.00.52-1536x1152.jpeg 1536w, https:\/\/www.lafresca.fm\/f-solosog\/2026\/03\/WhatsApp-Image-2026-03-12-at-13.00.52.jpeg 2000w\" sizes=\"(max-width: 1170px) 100vw, 1170px\" \/><\/figure>\n\n\n\n<p>Durante la entrevista tambi\u00e9n se abord\u00f3 el trabajo que realiza la entidad con las <strong>adopciones de perros y gatos<\/strong>. Desde la protectora recuerdan que muchos animales esperan una segunda oportunidad y animan a la poblaci\u00f3n a apostar por la adopci\u00f3n responsable.<\/p>\n\n\n\n<p>Otro de los temas tratados fue el programa <strong>CER (Captura, Esterilizaci\u00f3n y Retorno)<\/strong> que se realiza con las colonias de gatos. Este sistema permite controlar la poblaci\u00f3n felina de forma \u00e9tica, esterilizando a los animales y devolvi\u00e9ndolos posteriormente a su entorno, lo que contribuye a mejorar su bienestar y a evitar la reproducci\u00f3n descontrolada.<\/p>\n\n\n\n<p>Adem\u00e1s, desde la protectora tambi\u00e9n destacan la importancia de la participaci\u00f3n de voluntarios, ya sea colaborando en el cuidado diario de los animales o participando en actividades como <strong>los paseos con los perros<\/strong>, algo fundamental para su socializaci\u00f3n y bienestar mientras esperan ser adoptados.<\/p>\n\n\n\n<p>Por \u00faltimo, Raquel Buz\u00f3n y Tris explicaron que la protectora tiene un gasto superior a los 100.000\u20ac anuales, debido principalmente a los gastos veterinarios, alimentaci\u00f3n y mantenimiento de las instalaciones. Por ello, eventos solidarios como el de este domingo resultan clave para poder seguir desarrollando su labor.<\/p>\n\n\n\n<figure class=\"wp-block-image size-large\"><img decoding=\"async\" width=\"878\" height=\"1170\" src=\"https:\/\/www.lafresca.fm\/f-solosog\/2026\/03\/650817362_1376153341223420_7584105848010073382_n-878x1170.jpg\" alt=\"\" class=\"wp-image-17963\" srcset=\"https:\/\/www.lafresca.fm\/f-solosog\/2026\/03\/650817362_1376153341223420_7584105848010073382_n-878x1170.jpg 878w, https:\/\/www.lafresca.fm\/f-solosog\/2026\/03\/650817362_1376153341223420_7584105848010073382_n-578x770.jpg 578w, https:\/\/www.lafresca.fm\/f-solosog\/2026\/03\/650817362_1376153341223420_7584105848010073382_n-768x1024.jpg 768w, https:\/\/www.lafresca.fm\/f-solosog\/2026\/03\/650817362_1376153341223420_7584105848010073382_n-1152x1536.jpg 1152w, https:\/\/www.lafresca.fm\/f-solosog\/2026\/03\/650817362_1376153341223420_7584105848010073382_n.jpg 1440w\" sizes=\"(max-width: 878px) 100vw, 878px\" \/><\/figure>\n\n\n\n<figure class=\"wp-block-image size-large\"><img decoding=\"async\" width=\"878\" height=\"1170\" src=\"https:\/\/www.lafresca.fm\/f-solosog\/2026\/03\/650493761_1376153347890086_2527147711734777513_n-878x1170.jpg\" alt=\"\" class=\"wp-image-17964\" srcset=\"https:\/\/www.lafresca.fm\/f-solosog\/2026\/03\/650493761_1376153347890086_2527147711734777513_n-878x1170.jpg 878w, https:\/\/www.lafresca.fm\/f-solosog\/2026\/03\/650493761_1376153347890086_2527147711734777513_n-578x770.jpg 578w, https:\/\/www.lafresca.fm\/f-solosog\/2026\/03\/650493761_1376153347890086_2527147711734777513_n-768x1024.jpg 768w, https:\/\/www.lafresca.fm\/f-solosog\/2026\/03\/650493761_1376153347890086_2527147711734777513_n-1152x1536.jpg 1152w, https:\/\/www.lafresca.fm\/f-solosog\/2026\/03\/650493761_1376153347890086_2527147711734777513_n.jpg 1440w\" sizes=\"(max-width: 878px) 100vw, 878px\" \/><\/figure>\n<script>function PlayerjsAsync(){} if(window[\"Playerjs\"]){PlayerjsAsync();}<\/script>","protected":false},"excerpt":{"rendered":"<p>La Protectora de Animales de Ibi celebrar\u00e1 este domingo 15 de marzo, a partir de las 11 de la ma\u00f1ana, una jornada solidaria en el Parque de les Hortes de Ibi con el objetivo de recaudar fondos y dar a conocer la labor que realiza la entidad con los animales ...<\/p>\n","protected":false},"author":2,"featured_media":17962,"comment_status":"closed","ping_status":"closed","sticky":false,"template":"","format":"standard","meta":{"_monsterinsights_skip_tracking":false,"_monsterinsights_sitenote_active":false,"_monsterinsights_sitenote_note":"","_monsterinsights_sitenote_category":0,"footnotes":""},"categories":[4],"tags":[128,701],"class_list":["post-17960","post","type-post","status-publish","format-standard","has-post-thumbnail","hentry","category-alicante","tag-ibi","tag-protectora-ibi"],"aioseo_notices":[],"_links":{"self":[{"href":"https:\/\/www.lafresca.fm\/fresca-api-json\/wp\/v2\/posts\/17960","targetHints":{"allow":["GET"]}}],"collection":[{"href":"https:\/\/www.lafresca.fm\/fresca-api-json\/wp\/v2\/posts"}],"about":[{"href":"https:\/\/www.lafresca.fm\/fresca-api-json\/wp\/v2\/types\/post"}],"author":[{"embeddable":true,"href":"https:\/\/www.lafresca.fm\/fresca-api-json\/wp\/v2\/users\/2"}],"replies":[{"embeddable":true,"href":"https:\/\/www.lafresca.fm\/fresca-api-json\/wp\/v2\/comments?post=17960"}],"version-history":[{"count":1,"href":"https:\/\/www.lafresca.fm\/fresca-api-json\/wp\/v2\/posts\/17960\/revisions"}],"predecessor-version":[{"id":17965,"href":"https:\/\/www.lafresca.fm\/fresca-api-json\/wp\/v2\/posts\/17960\/revisions\/17965"}],"wp:featuredmedia":[{"embeddable":true,"href":"https:\/\/www.lafresca.fm\/fresca-api-json\/wp\/v2\/media\/17962"}],"wp:attachment":[{"href":"https:\/\/www.lafresca.fm\/fresca-api-json\/wp\/v2\/media?parent=17960"}],"wp:term":[{"taxonomy":"category","embeddable":true,"href":"https:\/\/www.lafresca.fm\/fresca-api-json\/wp\/v2\/categories?post=17960"},{"taxonomy":"post_tag","embeddable":true,"href":"https:\/\/www.lafresca.fm\/fresca-api-json\/wp\/v2\/tags?post=17960"}],"curies":[{"name":"wp","href":"https:\/\/api.w.org\/{rel}","templated":true}]}}