{"id":17966,"date":"2026-03-12T16:20:12","date_gmt":"2026-03-12T15:20:12","guid":{"rendered":"https:\/\/www.lafresca.fm\/?p=17966"},"modified":"2026-03-12T16:20:13","modified_gmt":"2026-03-12T15:20:13","slug":"el-alcalde-de-tibi-participa-en-el-impulso-del-corredor-verde-del-rio-montnegre-un-proyecto-de-35-millones","status":"publish","type":"post","link":"https:\/\/www.lafresca.fm\/el-alcalde-de-tibi-participa-en-el-impulso-del-corredor-verde-del-rio-montnegre-un-proyecto-de-35-millones\/","title":{"rendered":"El alcalde de Tibi participa en el impulso del Corredor Verde del r\u00edo Montnegre, un proyecto de 3,5 millones"},"content":{"rendered":"\n<p>El alcalde de Tibi, Jos\u00e9 Luis Candela Galiano, ha participado en la reuni\u00f3n celebrada en el Palacio Provincial de Alicante para impulsar el proyecto del Corredor Verde del r\u00edo Montnegre, una iniciativa ambiental y tur\u00edstica que conectar\u00e1 la presa de Tibi con la desembocadura del r\u00edo en El Campello.<\/p>\n\n\n\n<p>El encuentro, organizado por la Diputaci\u00f3n de Alicante y la Generalitat Valenciana, reuni\u00f3 a los alcaldes de los municipios implicados \u2014Tibi, Xixona, Alicante, Mutxamel, Sant Joan d\u2019Alacant y El Campello\u2014 para presentar las primeras actuaciones del proyecto, que comenzar\u00e1n este mismo a\u00f1o con una inversi\u00f3n inicial de <strong>3,5 millones de euros<\/strong> financiados \u00edntegramente por la administraci\u00f3n auton\u00f3mica.<\/p>\n\n\n\n<figure class=\"wp-block-image size-large\"><img fetchpriority=\"high\" decoding=\"async\" width=\"1170\" height=\"780\" src=\"https:\/\/www.lafresca.fm\/f-solosog\/2026\/03\/031226-proyecto-rio-monnegre-3-1170x780.jpg\" alt=\"\" class=\"wp-image-17967\" srcset=\"https:\/\/www.lafresca.fm\/f-solosog\/2026\/03\/031226-proyecto-rio-monnegre-3-1170x780.jpg 1170w, https:\/\/www.lafresca.fm\/f-solosog\/2026\/03\/031226-proyecto-rio-monnegre-3-770x513.jpg 770w, https:\/\/www.lafresca.fm\/f-solosog\/2026\/03\/031226-proyecto-rio-monnegre-3-768x512.jpg 768w, https:\/\/www.lafresca.fm\/f-solosog\/2026\/03\/031226-proyecto-rio-monnegre-3.jpg 1374w\" sizes=\"(max-width: 1170px) 100vw, 1170px\" \/><\/figure>\n\n\n\n<p>Durante la reuni\u00f3n, presidida por la vicepresidenta primera y diputada de Ciclo H\u00eddrico de la Diputaci\u00f3n, Ana Serna, y el comisionado para la Recuperaci\u00f3n de la Generalitat, Ra\u00fal M\u00e9rida, se detall\u00f3 que el corredor abarcar\u00e1 <strong>m\u00e1s de 20 kil\u00f3metros<\/strong> de recorrido desde la hist\u00f3rica Presa de Tibi hasta el mar Mediterr\u00e1neo.<\/p>\n\n\n\n<p>Las primeras actuaciones contemplan la <strong>adecuaci\u00f3n del cauce del r\u00edo Montnegre<\/strong>, con la eliminaci\u00f3n de especies invasoras \u2014principalmente ca\u00f1as\u2014, la colocaci\u00f3n de tela geotextil para evitar su reaparici\u00f3n, la revegetaci\u00f3n del entorno y la regeneraci\u00f3n de caminos. Estas medidas permitir\u00e1n mejorar el estado ambiental del r\u00edo y facilitar su recorrido a pie o en bicicleta.<\/p>\n\n\n\n<p>Adem\u00e1s de su valor tur\u00edstico y ecol\u00f3gico, el proyecto est\u00e1 concebido como una <strong>infraestructura verde de protecci\u00f3n frente a inundaciones<\/strong>. El corredor contar\u00e1 con zonas de laminaci\u00f3n de agua que funcionar\u00e1n como parque inundable en caso de lluvias intensas o fen\u00f3menos meteorol\u00f3gicos extremos.<\/p>\n\n\n\n<figure class=\"wp-block-image size-large\"><img decoding=\"async\" width=\"1170\" height=\"780\" src=\"https:\/\/www.lafresca.fm\/f-solosog\/2026\/03\/031226-proyecto-rio-monnegre-4-1170x780.jpg\" alt=\"\" class=\"wp-image-17968\" srcset=\"https:\/\/www.lafresca.fm\/f-solosog\/2026\/03\/031226-proyecto-rio-monnegre-4-1170x780.jpg 1170w, https:\/\/www.lafresca.fm\/f-solosog\/2026\/03\/031226-proyecto-rio-monnegre-4-770x513.jpg 770w, https:\/\/www.lafresca.fm\/f-solosog\/2026\/03\/031226-proyecto-rio-monnegre-4-768x512.jpg 768w, https:\/\/www.lafresca.fm\/f-solosog\/2026\/03\/031226-proyecto-rio-monnegre-4-1536x1024.jpg 1536w, https:\/\/www.lafresca.fm\/f-solosog\/2026\/03\/031226-proyecto-rio-monnegre-4-2048x1365.jpg 2048w\" sizes=\"(max-width: 1170px) 100vw, 1170px\" \/><\/figure>\n\n\n\n<p>Asimismo, se prev\u00e9 incorporar <strong>zonas de sombra e itinerarios accesibles e hipoalerg\u00e9nicos<\/strong>, con el objetivo de fomentar un uso inclusivo del espacio natural y ofrecer refugio frente a las altas temperaturas del verano.<\/p>\n\n\n\n<p>La previsi\u00f3n es que esta primera fase est\u00e9 finalizada <strong>antes de que termine 2026<\/strong>, mientras que a partir de 2027 se desarrollar\u00e1n nuevas actuaciones vinculadas a la <strong>cultura del agua y la puesta en valor del patrimonio hidr\u00e1ulico<\/strong> del entorno del Montnegre, reforzando el papel de municipios como Tibi dentro de este gran corredor natural de la provincia.<\/p>\n<script>function PlayerjsAsync(){} if(window[\"Playerjs\"]){PlayerjsAsync();}<\/script>","protected":false},"excerpt":{"rendered":"<p>El alcalde de Tibi, Jos\u00e9 Luis Candela Galiano, ha participado en la reuni\u00f3n celebrada en el Palacio Provincial de Alicante para impulsar el proyecto del Corredor Verde del r\u00edo Montnegre, una iniciativa ambiental y tur\u00edstica que conectar\u00e1 la presa de Tibi con la desembocadura del r\u00edo en El Campello. El ...<\/p>\n","protected":false},"author":2,"featured_media":17967,"comment_status":"closed","ping_status":"closed","sticky":false,"template":"","format":"standard","meta":{"_monsterinsights_skip_tracking":false,"_monsterinsights_sitenote_active":false,"_monsterinsights_sitenote_note":"","_monsterinsights_sitenote_category":0,"footnotes":""},"categories":[4],"tags":[170],"class_list":["post-17966","post","type-post","status-publish","format-standard","has-post-thumbnail","hentry","category-alicante","tag-tibi"],"aioseo_notices":[],"_links":{"self":[{"href":"https:\/\/www.lafresca.fm\/fresca-api-json\/wp\/v2\/posts\/17966","targetHints":{"allow":["GET"]}}],"collection":[{"href":"https:\/\/www.lafresca.fm\/fresca-api-json\/wp\/v2\/posts"}],"about":[{"href":"https:\/\/www.lafresca.fm\/fresca-api-json\/wp\/v2\/types\/post"}],"author":[{"embeddable":true,"href":"https:\/\/www.lafresca.fm\/fresca-api-json\/wp\/v2\/users\/2"}],"replies":[{"embeddable":true,"href":"https:\/\/www.lafresca.fm\/fresca-api-json\/wp\/v2\/comments?post=17966"}],"version-history":[{"count":1,"href":"https:\/\/www.lafresca.fm\/fresca-api-json\/wp\/v2\/posts\/17966\/revisions"}],"predecessor-version":[{"id":17969,"href":"https:\/\/www.lafresca.fm\/fresca-api-json\/wp\/v2\/posts\/17966\/revisions\/17969"}],"wp:featuredmedia":[{"embeddable":true,"href":"https:\/\/www.lafresca.fm\/fresca-api-json\/wp\/v2\/media\/17967"}],"wp:attachment":[{"href":"https:\/\/www.lafresca.fm\/fresca-api-json\/wp\/v2\/media?parent=17966"}],"wp:term":[{"taxonomy":"category","embeddable":true,"href":"https:\/\/www.lafresca.fm\/fresca-api-json\/wp\/v2\/categories?post=17966"},{"taxonomy":"post_tag","embeddable":true,"href":"https:\/\/www.lafresca.fm\/fresca-api-json\/wp\/v2\/tags?post=17966"}],"curies":[{"name":"wp","href":"https:\/\/api.w.org\/{rel}","templated":true}]}}