{"id":17985,"date":"2026-03-13T13:49:51","date_gmt":"2026-03-13T12:49:51","guid":{"rendered":"https:\/\/www.lafresca.fm\/?p=17985"},"modified":"2026-03-13T13:49:52","modified_gmt":"2026-03-13T12:49:52","slug":"el-equipo-de-gobierno-de-onil-responde-a-las-inquietudes-ciudadanas-en-microfono-abierto","status":"publish","type":"post","link":"https:\/\/www.lafresca.fm\/el-equipo-de-gobierno-de-onil-responde-a-las-inquietudes-ciudadanas-en-microfono-abierto\/","title":{"rendered":"El equipo de gobierno de Onil responde a las inquietudes ciudadanas en \u201cMicr\u00f3fono Abierto\u201d"},"content":{"rendered":"\n<figure class=\"wp-block-audio\"><audio controls src=\"https:\/\/www.lafresca.fm\/f-solosog\/2026\/03\/Entrevista-Ruben-Garrido-Microfono-abierto-13326.mp3\"><\/audio><\/figure>\n\n\n\n<p>Hoy, 13 de marzo, se ha estrenado el nuevo espacio radiof\u00f3nico <strong>\u201cMicr\u00f3fono Abierto\u201d<\/strong>, una iniciativa en la que el equipo de gobierno del Ayuntamiento de Onil responde en directo a las preguntas, dudas y propuestas de los vecinos.<\/p>\n\n\n\n<figure class=\"wp-block-image size-full is-resized\"><img fetchpriority=\"high\" decoding=\"async\" width=\"1080\" height=\"1080\" src=\"https:\/\/www.lafresca.fm\/f-solosog\/2026\/03\/cartel-Microno-abierto-2026.jpg\" alt=\"\" class=\"wp-image-17989\" style=\"width:798px;height:auto\" srcset=\"https:\/\/www.lafresca.fm\/f-solosog\/2026\/03\/cartel-Microno-abierto-2026.jpg 1080w, https:\/\/www.lafresca.fm\/f-solosog\/2026\/03\/cartel-Microno-abierto-2026-770x770.jpg 770w, https:\/\/www.lafresca.fm\/f-solosog\/2026\/03\/cartel-Microno-abierto-2026-150x150.jpg 150w, https:\/\/www.lafresca.fm\/f-solosog\/2026\/03\/cartel-Microno-abierto-2026-768x768.jpg 768w, https:\/\/www.lafresca.fm\/f-solosog\/2026\/03\/cartel-Microno-abierto-2026-100x100.jpg 100w, https:\/\/www.lafresca.fm\/f-solosog\/2026\/03\/cartel-Microno-abierto-2026-370x370.jpg 370w\" sizes=\"(max-width: 1080px) 100vw, 1080px\" \/><\/figure>\n\n\n\n<p>Durante este primer programa, los oyentes han tenido la oportunidad de trasladar sus inquietudes sobre diversos asuntos de actualidad municipal, que han sido respondidos por Rub\u00e9n Garrido, portavoz del equipo de gobierno. Entre los temas abordados se han tratado cuestiones como el aparcamiento frente al Palacio, el impulso al turismo local, el convenio con AGMAO, la confirmaci\u00f3n de la prueba deportiva Subida a Onil, la puesta en marcha de huertos urbanos, actuaciones en el centro hist\u00f3rico y la construcci\u00f3n de un nuevo dep\u00f3sito de agua contra incendios en suelo municipal.<\/p>\n\n\n\n<figure class=\"wp-block-image size-large is-resized\"><img decoding=\"async\" width=\"1170\" height=\"878\" src=\"https:\/\/www.lafresca.fm\/f-solosog\/2026\/03\/WhatsApp-Image-2026-03-13-at-13.18.20-1170x878.jpeg\" alt=\"\" class=\"wp-image-17986\" style=\"aspect-ratio:1.332606216845967;width:797px;height:auto\" srcset=\"https:\/\/www.lafresca.fm\/f-solosog\/2026\/03\/WhatsApp-Image-2026-03-13-at-13.18.20-1170x878.jpeg 1170w, https:\/\/www.lafresca.fm\/f-solosog\/2026\/03\/WhatsApp-Image-2026-03-13-at-13.18.20-770x578.jpeg 770w, https:\/\/www.lafresca.fm\/f-solosog\/2026\/03\/WhatsApp-Image-2026-03-13-at-13.18.20-768x576.jpeg 768w, https:\/\/www.lafresca.fm\/f-solosog\/2026\/03\/WhatsApp-Image-2026-03-13-at-13.18.20-1536x1152.jpeg 1536w, https:\/\/www.lafresca.fm\/f-solosog\/2026\/03\/WhatsApp-Image-2026-03-13-at-13.18.20.jpeg 2000w\" sizes=\"(max-width: 1170px) 100vw, 1170px\" \/><\/figure>\n\n\n\n<p>Este nuevo espacio busca crear un contacto directo entre el Ayuntamiento de Onil y los oyentes de la radio, donde los vecinos pueden plantear sus preguntas, dudas o propuestas y recibir respuesta en directo por parte del equipo de gobierno. <\/p>\n<script>function PlayerjsAsync(){} if(window[\"Playerjs\"]){PlayerjsAsync();}<\/script>","protected":false},"excerpt":{"rendered":"<p>Hoy, 13 de marzo, se ha estrenado el nuevo espacio radiof\u00f3nico \u201cMicr\u00f3fono Abierto\u201d, una iniciativa en la que el equipo de gobierno del Ayuntamiento de Onil responde en directo a las preguntas, dudas y propuestas de los vecinos. Durante este primer programa, los oyentes han tenido la oportunidad de trasladar ...<\/p>\n","protected":false},"author":2,"featured_media":17986,"comment_status":"closed","ping_status":"closed","sticky":false,"template":"","format":"standard","meta":{"_monsterinsights_skip_tracking":false,"_monsterinsights_sitenote_active":false,"_monsterinsights_sitenote_note":"","_monsterinsights_sitenote_category":0,"footnotes":""},"categories":[4],"tags":[932,133],"class_list":["post-17985","post","type-post","status-publish","format-standard","has-post-thumbnail","hentry","category-alicante","tag-microno-abierto","tag-onil"],"aioseo_notices":[],"_links":{"self":[{"href":"https:\/\/www.lafresca.fm\/fresca-api-json\/wp\/v2\/posts\/17985","targetHints":{"allow":["GET"]}}],"collection":[{"href":"https:\/\/www.lafresca.fm\/fresca-api-json\/wp\/v2\/posts"}],"about":[{"href":"https:\/\/www.lafresca.fm\/fresca-api-json\/wp\/v2\/types\/post"}],"author":[{"embeddable":true,"href":"https:\/\/www.lafresca.fm\/fresca-api-json\/wp\/v2\/users\/2"}],"replies":[{"embeddable":true,"href":"https:\/\/www.lafresca.fm\/fresca-api-json\/wp\/v2\/comments?post=17985"}],"version-history":[{"count":2,"href":"https:\/\/www.lafresca.fm\/fresca-api-json\/wp\/v2\/posts\/17985\/revisions"}],"predecessor-version":[{"id":17990,"href":"https:\/\/www.lafresca.fm\/fresca-api-json\/wp\/v2\/posts\/17985\/revisions\/17990"}],"wp:featuredmedia":[{"embeddable":true,"href":"https:\/\/www.lafresca.fm\/fresca-api-json\/wp\/v2\/media\/17986"}],"wp:attachment":[{"href":"https:\/\/www.lafresca.fm\/fresca-api-json\/wp\/v2\/media?parent=17985"}],"wp:term":[{"taxonomy":"category","embeddable":true,"href":"https:\/\/www.lafresca.fm\/fresca-api-json\/wp\/v2\/categories?post=17985"},{"taxonomy":"post_tag","embeddable":true,"href":"https:\/\/www.lafresca.fm\/fresca-api-json\/wp\/v2\/tags?post=17985"}],"curies":[{"name":"wp","href":"https:\/\/api.w.org\/{rel}","templated":true}]}}