{"id":17991,"date":"2026-03-16T15:50:52","date_gmt":"2026-03-16T14:50:52","guid":{"rendered":"https:\/\/www.lafresca.fm\/?p=17991"},"modified":"2026-03-16T15:50:53","modified_gmt":"2026-03-16T14:50:53","slug":"ibi-celebra-el-acto-institucional-villa-de-ibi-2026-con-reconocimientos-a-la-trayectoria-local-y-un-homenaje-al-exalcalde-rafael-serralta","status":"publish","type":"post","link":"https:\/\/www.lafresca.fm\/ibi-celebra-el-acto-institucional-villa-de-ibi-2026-con-reconocimientos-a-la-trayectoria-local-y-un-homenaje-al-exalcalde-rafael-serralta\/","title":{"rendered":"Ibi celebra el Acto Institucional Villa de Ibi 2026 con reconocimientos a la trayectoria local y un homenaje al exalcalde Rafael Serralta"},"content":{"rendered":"\n<p>El pasado viernes 13 de marzo, el Ayuntamiento de Ibi celebr\u00f3 el <strong>Acto Institucional Villa de Ibi 2026<\/strong>, una ceremonia que reuni\u00f3 a autoridades, vecinos y representantes del tejido social, cultural y educativo del municipio para reconocer p\u00fablicamente a personas y entidades que contribuyen al desarrollo y prestigio de la localidad. El evento estuvo presentado por <strong>Adri\u00e1n Reche Mart\u00ednez<\/strong>.<\/p>\n\n\n\n<figure class=\"wp-block-image size-large\"><img fetchpriority=\"high\" decoding=\"async\" width=\"1170\" height=\"781\" src=\"https:\/\/www.lafresca.fm\/f-solosog\/2026\/03\/inst-6-1170x781.jpg\" alt=\"\" class=\"wp-image-17992\" srcset=\"https:\/\/www.lafresca.fm\/f-solosog\/2026\/03\/inst-6-1170x781.jpg 1170w, https:\/\/www.lafresca.fm\/f-solosog\/2026\/03\/inst-6-770x514.jpg 770w, https:\/\/www.lafresca.fm\/f-solosog\/2026\/03\/inst-6-768x513.jpg 768w, https:\/\/www.lafresca.fm\/f-solosog\/2026\/03\/inst-6-1536x1025.jpg 1536w, https:\/\/www.lafresca.fm\/f-solosog\/2026\/03\/inst-6.jpg 2048w\" sizes=\"(max-width: 1170px) 100vw, 1170px\" \/><\/figure>\n\n\n\n<p>Durante el acto se entregaron los <strong>Reconocimientos Villa de Ibi 2026<\/strong>, destinados a destacar trayectorias y proyectos relevantes en distintos \u00e1mbitos. En la categor\u00eda de <strong>Trayectoria profesional<\/strong>, el reconocimiento fue para <strong>Octavio Ferrero Punzano<\/strong>, escritor, editor y promotor cultural cuya labor ha contribuido al impulso de la cultura local.<\/p>\n\n\n\n<p>El premio a la <strong>Trayectoria empresarial<\/strong> recay\u00f3 en <strong>Molt\u00f3 y C\u00eda., S.A.<\/strong>, hist\u00f3rica empresa juguetera fundada en 1955 en Ibi y que cuenta con m\u00e1s de siete d\u00e9cadas dedicadas a la fabricaci\u00f3n de juguetes, consolid\u00e1ndose como una de las compa\u00f1\u00edas emblem\u00e1ticas del sector en la localidad.<\/p>\n\n\n\n<p>En el \u00e1mbito cultural, el reconocimiento a la <strong>Trayectoria cultural<\/strong> fue otorgado a <strong>El Sonet<\/strong>, una de las expresiones culturales m\u00e1s queridas del municipio, que durante a\u00f1os ha mantenido viva la m\u00fasica tradicional y popular como parte fundamental de la identidad ibense.<\/p>\n\n\n\n<p>El <strong>Premio a la solidaridad<\/strong> fue para la <strong>Fundaci\u00f3n Pedaleando con Ainhoa<\/strong>, un proyecto solidario nacido de una historia personal que hoy re\u00fane a personas y entidades con el objetivo de ayudar, concienciar y apoyar la investigaci\u00f3n del c\u00e1ncer infantil.<\/p>\n\n\n\n<h3 class=\"wp-block-heading\">Premios a la excelencia educativa<\/h3>\n\n\n\n<p>Uno de los momentos destacados del acto fue la entrega de los <strong>premios a la excelencia educativa<\/strong>, con los que el Ayuntamiento reconoce el esfuerzo, la constancia y el talento del alumnado de los centros educativos de la localidad. Los estudiantes galardonados fueron:<\/p>\n\n\n\n<ul class=\"wp-block-list\">\n<li>Martina Mart\u00ednez Gal\u00e1n (CEIP Cervantes)<\/li>\n\n\n\n<li>In\u00e9s Mir\u00f3 Bernabeu (CEIP Cervantes)<\/li>\n\n\n\n<li>Juan Gonz\u00e1lez P\u00e9rez (CEIP Derramador)<\/li>\n\n\n\n<li>Martina Serrano Canales (CEIP Derramador)<\/li>\n\n\n\n<li>Gabriel Villanueva Moreno (CEIP Derramador)<\/li>\n\n\n\n<li>Katia C\u00e1ceres Casta\u00f1o (CEIP Madre Felicidad Bernabeu)<\/li>\n\n\n\n<li>Patricia Castellanos Molina (CEIP Madre Felicidad Bernabeu)<\/li>\n\n\n\n<li>Fran Colomina Carrillo (CEIP Madre Felicidad Bernabeu)<\/li>\n\n\n\n<li>Luc\u00eda Armero Daza (CEIP Poeta Pla y Beltr\u00e1n)<\/li>\n\n\n\n<li>Marc Carri\u00f3n Mart\u00ednez (CEIP Poeta Pla y Beltr\u00e1n)<\/li>\n\n\n\n<li>Pau Juan Serrano (San Juan y San Pablo)<\/li>\n\n\n\n<li>Adriana Tripiana L\u00f3pez (San Juan y San Pablo)<\/li>\n\n\n\n<li>Gabriel Zapatero G\u00f3mez (San Juan y San Pablo)<\/li>\n\n\n\n<li>Amalio Jim\u00e9nez Mart\u00ednez (Secundaria San Juan y San Pablo)<\/li>\n\n\n\n<li>Daniela Pelegr\u00edn Abad (Secundaria San Juan y San Pablo)<\/li>\n\n\n\n<li>Sof\u00eda Iacuzzo Amores (IES La Foia)<\/li>\n<\/ul>\n\n\n\n<p>Asimismo, durante la ceremonia se entreg\u00f3 un <strong>detalle institucional a los representantes en Ibi de Sus Majestades los Reyes Magos de Oriente<\/strong>, en reconocimiento a su implicaci\u00f3n en una de las tradiciones m\u00e1s queridas por la ciudadan\u00eda.<\/p>\n\n\n\n<h3 class=\"wp-block-heading\">Reconocimiento especial al exalcalde Rafael Serralta<\/h3>\n\n\n\n<p>El acto concluy\u00f3 con un momento especialmente emotivo: el <strong>reconocimiento a Rafael Serralta Vilaplana<\/strong>, alcalde de Ibi durante casi una d\u00e9cada, entre 2014 y 2023. Durante la ceremonia se descubri\u00f3 el cuadro con su retrato, obra del pintor ibense <strong>Eduardo Serrano<\/strong>, que pasar\u00e1 a formar parte del patrimonio institucional del Ayuntamiento.<\/p>\n\n\n\n<figure class=\"wp-block-image size-large\"><img decoding=\"async\" width=\"1170\" height=\"781\" src=\"https:\/\/www.lafresca.fm\/f-solosog\/2026\/03\/inst-10-1170x781.jpg\" alt=\"\" class=\"wp-image-18001\" srcset=\"https:\/\/www.lafresca.fm\/f-solosog\/2026\/03\/inst-10-1170x781.jpg 1170w, https:\/\/www.lafresca.fm\/f-solosog\/2026\/03\/inst-10-770x514.jpg 770w, https:\/\/www.lafresca.fm\/f-solosog\/2026\/03\/inst-10-768x513.jpg 768w, https:\/\/www.lafresca.fm\/f-solosog\/2026\/03\/inst-10-1536x1025.jpg 1536w, https:\/\/www.lafresca.fm\/f-solosog\/2026\/03\/inst-10.jpg 2048w\" sizes=\"(max-width: 1170px) 100vw, 1170px\" \/><\/figure>\n\n\n\n<figure class=\"wp-block-image size-large\"><img decoding=\"async\" width=\"1170\" height=\"781\" src=\"https:\/\/www.lafresca.fm\/f-solosog\/2026\/03\/inst-9-1170x781.jpg\" alt=\"\" class=\"wp-image-18000\" srcset=\"https:\/\/www.lafresca.fm\/f-solosog\/2026\/03\/inst-9-1170x781.jpg 1170w, https:\/\/www.lafresca.fm\/f-solosog\/2026\/03\/inst-9-770x514.jpg 770w, https:\/\/www.lafresca.fm\/f-solosog\/2026\/03\/inst-9-768x513.jpg 768w, https:\/\/www.lafresca.fm\/f-solosog\/2026\/03\/inst-9-1536x1025.jpg 1536w, https:\/\/www.lafresca.fm\/f-solosog\/2026\/03\/inst-9.jpg 2048w\" sizes=\"(max-width: 1170px) 100vw, 1170px\" \/><\/figure>\n\n\n\n<figure class=\"wp-block-image size-large\"><img loading=\"lazy\" decoding=\"async\" width=\"1170\" height=\"781\" src=\"https:\/\/www.lafresca.fm\/f-solosog\/2026\/03\/inst-7-1170x781.jpg\" alt=\"\" class=\"wp-image-17998\" srcset=\"https:\/\/www.lafresca.fm\/f-solosog\/2026\/03\/inst-7-1170x781.jpg 1170w, https:\/\/www.lafresca.fm\/f-solosog\/2026\/03\/inst-7-770x514.jpg 770w, https:\/\/www.lafresca.fm\/f-solosog\/2026\/03\/inst-7-768x513.jpg 768w, https:\/\/www.lafresca.fm\/f-solosog\/2026\/03\/inst-7-1536x1025.jpg 1536w, https:\/\/www.lafresca.fm\/f-solosog\/2026\/03\/inst-7.jpg 2048w\" sizes=\"(max-width: 1170px) 100vw, 1170px\" \/><\/figure>\n\n\n\n<figure class=\"wp-block-image size-large\"><img loading=\"lazy\" decoding=\"async\" width=\"1170\" height=\"781\" src=\"https:\/\/www.lafresca.fm\/f-solosog\/2026\/03\/inst-5-1170x781.jpg\" alt=\"\" class=\"wp-image-17997\" srcset=\"https:\/\/www.lafresca.fm\/f-solosog\/2026\/03\/inst-5-1170x781.jpg 1170w, https:\/\/www.lafresca.fm\/f-solosog\/2026\/03\/inst-5-770x514.jpg 770w, https:\/\/www.lafresca.fm\/f-solosog\/2026\/03\/inst-5-768x513.jpg 768w, https:\/\/www.lafresca.fm\/f-solosog\/2026\/03\/inst-5-1536x1025.jpg 1536w, https:\/\/www.lafresca.fm\/f-solosog\/2026\/03\/inst-5.jpg 2048w\" sizes=\"(max-width: 1170px) 100vw, 1170px\" \/><\/figure>\n\n\n\n<figure class=\"wp-block-image size-large\"><img loading=\"lazy\" decoding=\"async\" width=\"1170\" height=\"781\" src=\"https:\/\/www.lafresca.fm\/f-solosog\/2026\/03\/inst-4-1170x781.jpg\" alt=\"\" class=\"wp-image-17996\" srcset=\"https:\/\/www.lafresca.fm\/f-solosog\/2026\/03\/inst-4-1170x781.jpg 1170w, https:\/\/www.lafresca.fm\/f-solosog\/2026\/03\/inst-4-770x514.jpg 770w, https:\/\/www.lafresca.fm\/f-solosog\/2026\/03\/inst-4-768x513.jpg 768w, https:\/\/www.lafresca.fm\/f-solosog\/2026\/03\/inst-4-1536x1025.jpg 1536w, https:\/\/www.lafresca.fm\/f-solosog\/2026\/03\/inst-4.jpg 2048w\" sizes=\"(max-width: 1170px) 100vw, 1170px\" \/><\/figure>\n\n\n\n<figure class=\"wp-block-image size-large\"><img loading=\"lazy\" decoding=\"async\" width=\"1170\" height=\"781\" src=\"https:\/\/www.lafresca.fm\/f-solosog\/2026\/03\/inst-3-1170x781.jpg\" alt=\"\" class=\"wp-image-17995\" srcset=\"https:\/\/www.lafresca.fm\/f-solosog\/2026\/03\/inst-3-1170x781.jpg 1170w, https:\/\/www.lafresca.fm\/f-solosog\/2026\/03\/inst-3-770x514.jpg 770w, https:\/\/www.lafresca.fm\/f-solosog\/2026\/03\/inst-3-768x513.jpg 768w, https:\/\/www.lafresca.fm\/f-solosog\/2026\/03\/inst-3-1536x1025.jpg 1536w, https:\/\/www.lafresca.fm\/f-solosog\/2026\/03\/inst-3.jpg 2048w\" sizes=\"(max-width: 1170px) 100vw, 1170px\" \/><\/figure>\n\n\n\n<figure class=\"wp-block-image size-large\"><img loading=\"lazy\" decoding=\"async\" width=\"1170\" height=\"781\" src=\"https:\/\/www.lafresca.fm\/f-solosog\/2026\/03\/inst-2-1170x781.jpg\" alt=\"\" class=\"wp-image-17994\" srcset=\"https:\/\/www.lafresca.fm\/f-solosog\/2026\/03\/inst-2-1170x781.jpg 1170w, https:\/\/www.lafresca.fm\/f-solosog\/2026\/03\/inst-2-770x514.jpg 770w, https:\/\/www.lafresca.fm\/f-solosog\/2026\/03\/inst-2-768x513.jpg 768w, https:\/\/www.lafresca.fm\/f-solosog\/2026\/03\/inst-2-1536x1025.jpg 1536w, https:\/\/www.lafresca.fm\/f-solosog\/2026\/03\/inst-2.jpg 2048w\" sizes=\"(max-width: 1170px) 100vw, 1170px\" \/><\/figure>\n<script>function PlayerjsAsync(){} if(window[\"Playerjs\"]){PlayerjsAsync();}<\/script>","protected":false},"excerpt":{"rendered":"<p>El pasado viernes 13 de marzo, el Ayuntamiento de Ibi celebr\u00f3 el Acto Institucional Villa de Ibi 2026, una ceremonia que reuni\u00f3 a autoridades, vecinos y representantes del tejido social, cultural y educativo del municipio para reconocer p\u00fablicamente a personas y entidades que contribuyen al desarrollo y prestigio de la ...<\/p>\n","protected":false},"author":2,"featured_media":17998,"comment_status":"closed","ping_status":"closed","sticky":false,"template":"","format":"standard","meta":{"_monsterinsights_skip_tracking":false,"_monsterinsights_sitenote_active":false,"_monsterinsights_sitenote_note":"","_monsterinsights_sitenote_category":0,"footnotes":""},"categories":[4],"tags":[128],"class_list":["post-17991","post","type-post","status-publish","format-standard","has-post-thumbnail","hentry","category-alicante","tag-ibi"],"aioseo_notices":[],"_links":{"self":[{"href":"https:\/\/www.lafresca.fm\/fresca-api-json\/wp\/v2\/posts\/17991","targetHints":{"allow":["GET"]}}],"collection":[{"href":"https:\/\/www.lafresca.fm\/fresca-api-json\/wp\/v2\/posts"}],"about":[{"href":"https:\/\/www.lafresca.fm\/fresca-api-json\/wp\/v2\/types\/post"}],"author":[{"embeddable":true,"href":"https:\/\/www.lafresca.fm\/fresca-api-json\/wp\/v2\/users\/2"}],"replies":[{"embeddable":true,"href":"https:\/\/www.lafresca.fm\/fresca-api-json\/wp\/v2\/comments?post=17991"}],"version-history":[{"count":1,"href":"https:\/\/www.lafresca.fm\/fresca-api-json\/wp\/v2\/posts\/17991\/revisions"}],"predecessor-version":[{"id":18002,"href":"https:\/\/www.lafresca.fm\/fresca-api-json\/wp\/v2\/posts\/17991\/revisions\/18002"}],"wp:featuredmedia":[{"embeddable":true,"href":"https:\/\/www.lafresca.fm\/fresca-api-json\/wp\/v2\/media\/17998"}],"wp:attachment":[{"href":"https:\/\/www.lafresca.fm\/fresca-api-json\/wp\/v2\/media?parent=17991"}],"wp:term":[{"taxonomy":"category","embeddable":true,"href":"https:\/\/www.lafresca.fm\/fresca-api-json\/wp\/v2\/categories?post=17991"},{"taxonomy":"post_tag","embeddable":true,"href":"https:\/\/www.lafresca.fm\/fresca-api-json\/wp\/v2\/tags?post=17991"}],"curies":[{"name":"wp","href":"https:\/\/api.w.org\/{rel}","templated":true}]}}