{"id":18330,"date":"2026-04-28T16:50:30","date_gmt":"2026-04-28T14:50:30","guid":{"rendered":"https:\/\/www.lafresca.fm\/?p=18330"},"modified":"2026-04-28T16:50:32","modified_gmt":"2026-04-28T14:50:32","slug":"al-anit-moros-y-la-colla-biscains-protagonistas-en-lespai-fester-con-las-capitanias-de-onil-2026","status":"publish","type":"post","link":"https:\/\/www.lafresca.fm\/al-anit-moros-y-la-colla-biscains-protagonistas-en-lespai-fester-con-las-capitanias-de-onil-2026\/","title":{"rendered":"Al-Anit (Moros) y La Colla (B\u00efscains), protagonistas en L\u2019Espai Fester con las Capitan\u00edas de Onil 2026"},"content":{"rendered":"\n<figure class=\"wp-block-audio\"><audio controls src=\"https:\/\/www.lafresca.fm\/f-solosog\/2026\/04\/LESPAI-FESTER_-C.Moros-y-Biscains-28426-corta.mp3\"><\/audio><\/figure>\n\n\n\n<p>El programa <strong>L\u2019Espai Fester<\/strong>, conducido por Rosana Guill, ha continuado este martes 28 de abril con una nueva entrega de entrevistas dedicada a las Capitan\u00edas 2026 de las fiestas de Moros y Cristianos de Onil, acercando al p\u00fablico las historias y proyectos de los protagonistas del pr\u00f3ximo ciclo festero.<\/p>\n\n\n\n<p>En la primera parte del programa, los micr\u00f3fonos se han abierto para la <strong>Capitan\u00eda \u201cAl-Anit\u201d de la Comparsa de Moros<\/strong>, integrada por Marta Molina, Andrea Vidal, Carmen Navarro y Fernando Bernab\u00e9u. Se trata de un grupo de cuatro amigos pertenecientes a diferentes comparsas que, pese a conocerse desde hace a\u00f1os, no hab\u00edan tenido la oportunidad de vivir la fiesta de manera conjunta hasta ahora.<\/p>\n\n\n\n<figure class=\"wp-block-image size-large\"><img fetchpriority=\"high\" decoding=\"async\" width=\"1170\" height=\"878\" src=\"https:\/\/www.lafresca.fm\/f-solosog\/2026\/04\/C-Moros-2026-28426-1170x878.jpg\" alt=\"\" class=\"wp-image-18332\" srcset=\"https:\/\/www.lafresca.fm\/f-solosog\/2026\/04\/C-Moros-2026-28426-1170x878.jpg 1170w, https:\/\/www.lafresca.fm\/f-solosog\/2026\/04\/C-Moros-2026-28426-770x578.jpg 770w, https:\/\/www.lafresca.fm\/f-solosog\/2026\/04\/C-Moros-2026-28426-768x576.jpg 768w, https:\/\/www.lafresca.fm\/f-solosog\/2026\/04\/C-Moros-2026-28426-1536x1152.jpg 1536w, https:\/\/www.lafresca.fm\/f-solosog\/2026\/04\/C-Moros-2026-28426.jpg 2048w\" sizes=\"(max-width: 1170px) 100vw, 1170px\" \/><\/figure>\n\n\n\n<p>Su capitan\u00eda nace precisamente de esa amistad forjada con el tiempo, con la ilusi\u00f3n de compartir por primera vez esta experiencia desde dentro y asumir juntos uno de los cargos m\u00e1s significativos de la fiesta. Durante la entrevista, destacaron la emoci\u00f3n de afrontar este reto com\u00fan y la importancia del compa\u00f1erismo como base de su proyecto. <\/p>\n\n\n\n<p>En la segunda parte, el protagonismo ha sido para la <strong>Capitan\u00eda \u201cLa Colla\u201d de la Comparsa B\u00efscains<\/strong>, formada por Rub\u00e9n, Carlos, Charpa, Botana, Mataix, Rata, Cort\u00e9s, Iv\u00e1n, Julio, Ma\u00f1o y Carli. Esta capitan\u00eda representa a una escuadra con una larga trayectoria, cuya historia se remonta al a\u00f1o 1995.<\/p>\n\n\n\n<figure class=\"wp-block-image size-large\"><img decoding=\"async\" width=\"1170\" height=\"878\" src=\"https:\/\/www.lafresca.fm\/f-solosog\/2026\/04\/C-Biscains-2026-28426-1170x878.jpg\" alt=\"\" class=\"wp-image-18333\" srcset=\"https:\/\/www.lafresca.fm\/f-solosog\/2026\/04\/C-Biscains-2026-28426-1170x878.jpg 1170w, https:\/\/www.lafresca.fm\/f-solosog\/2026\/04\/C-Biscains-2026-28426-770x578.jpg 770w, https:\/\/www.lafresca.fm\/f-solosog\/2026\/04\/C-Biscains-2026-28426-768x576.jpg 768w, https:\/\/www.lafresca.fm\/f-solosog\/2026\/04\/C-Biscains-2026-28426-1536x1152.jpg 1536w, https:\/\/www.lafresca.fm\/f-solosog\/2026\/04\/C-Biscains-2026-28426.jpg 2048w\" sizes=\"(max-width: 1170px) 100vw, 1170px\" \/><\/figure>\n\n\n\n<p>Con d\u00e9cadas de vivencias compartidas, \u201cLa Colla\u201d afronta este nuevo reto con la solidez de un grupo consolidado y el orgullo de representar una tradici\u00f3n que ha perdurado en el tiempo. Sus integrantes pusieron en valor la evoluci\u00f3n de la escuadra y el significado especial que supone alcanzar la capitan\u00eda tras tantos a\u00f1os de trayectoria festera. <\/p>\n<script>function PlayerjsAsync(){} if(window[\"Playerjs\"]){PlayerjsAsync();}<\/script>","protected":false},"excerpt":{"rendered":"<p>El programa L\u2019Espai Fester, conducido por Rosana Guill, ha continuado este martes 28 de abril con una nueva entrega de entrevistas dedicada a las Capitan\u00edas 2026 de las fiestas de Moros y Cristianos de Onil, acercando al p\u00fablico las historias y proyectos de los protagonistas del pr\u00f3ximo ciclo festero. En ...<\/p>\n","protected":false},"author":2,"featured_media":18334,"comment_status":"closed","ping_status":"closed","sticky":false,"template":"","format":"standard","meta":{"_monsterinsights_skip_tracking":false,"_monsterinsights_sitenote_active":false,"_monsterinsights_sitenote_note":"","_monsterinsights_sitenote_category":0,"footnotes":""},"categories":[4],"tags":[353,934,133],"class_list":["post-18330","post","type-post","status-publish","format-standard","has-post-thumbnail","hentry","category-alicante","tag-lespai-fester","tag-myc-onil-2026","tag-onil"],"aioseo_notices":[],"_links":{"self":[{"href":"https:\/\/www.lafresca.fm\/fresca-api-json\/wp\/v2\/posts\/18330","targetHints":{"allow":["GET"]}}],"collection":[{"href":"https:\/\/www.lafresca.fm\/fresca-api-json\/wp\/v2\/posts"}],"about":[{"href":"https:\/\/www.lafresca.fm\/fresca-api-json\/wp\/v2\/types\/post"}],"author":[{"embeddable":true,"href":"https:\/\/www.lafresca.fm\/fresca-api-json\/wp\/v2\/users\/2"}],"replies":[{"embeddable":true,"href":"https:\/\/www.lafresca.fm\/fresca-api-json\/wp\/v2\/comments?post=18330"}],"version-history":[{"count":1,"href":"https:\/\/www.lafresca.fm\/fresca-api-json\/wp\/v2\/posts\/18330\/revisions"}],"predecessor-version":[{"id":18335,"href":"https:\/\/www.lafresca.fm\/fresca-api-json\/wp\/v2\/posts\/18330\/revisions\/18335"}],"wp:featuredmedia":[{"embeddable":true,"href":"https:\/\/www.lafresca.fm\/fresca-api-json\/wp\/v2\/media\/18334"}],"wp:attachment":[{"href":"https:\/\/www.lafresca.fm\/fresca-api-json\/wp\/v2\/media?parent=18330"}],"wp:term":[{"taxonomy":"category","embeddable":true,"href":"https:\/\/www.lafresca.fm\/fresca-api-json\/wp\/v2\/categories?post=18330"},{"taxonomy":"post_tag","embeddable":true,"href":"https:\/\/www.lafresca.fm\/fresca-api-json\/wp\/v2\/tags?post=18330"}],"curies":[{"name":"wp","href":"https:\/\/api.w.org\/{rel}","templated":true}]}}