{"id":18337,"date":"2026-04-29T12:39:20","date_gmt":"2026-04-29T10:39:20","guid":{"rendered":"https:\/\/www.lafresca.fm\/?p=18337"},"modified":"2026-04-29T12:39:40","modified_gmt":"2026-04-29T10:39:40","slug":"comienza-la-fiesta-en-onil-nit-de-lolleta-hoy-y-manana-la-esperada-entrada","status":"publish","type":"post","link":"https:\/\/www.lafresca.fm\/comienza-la-fiesta-en-onil-nit-de-lolleta-hoy-y-manana-la-esperada-entrada\/","title":{"rendered":"Comienza la fiesta en Onil: Nit de l\u2019Olleta hoy y ma\u00f1ana la esperada Entrada"},"content":{"rendered":"\n<p>La localidad de Onil da hoy, mi\u00e9rcoles 29 de abril, el pistoletazo de salida a los actos principales de sus Fiestas de Moros y Cristianos 2026 con la tradicional Nit de l\u2019Olleta, una jornada que marca el inicio de los d\u00edas grandes y que combina actos religiosos, cultura popular y ambiente festivo.<\/p>\n\n\n\n<figure class=\"wp-block-image size-large\"><img fetchpriority=\"high\" decoding=\"async\" width=\"1170\" height=\"1170\" src=\"https:\/\/www.lafresca.fm\/f-solosog\/2026\/04\/671487749_1406993861459716_3317429114851909330_n-1170x1170.jpg\" alt=\"\" class=\"wp-image-18338\" srcset=\"https:\/\/www.lafresca.fm\/f-solosog\/2026\/04\/671487749_1406993861459716_3317429114851909330_n-1170x1170.jpg 1170w, https:\/\/www.lafresca.fm\/f-solosog\/2026\/04\/671487749_1406993861459716_3317429114851909330_n-770x770.jpg 770w, https:\/\/www.lafresca.fm\/f-solosog\/2026\/04\/671487749_1406993861459716_3317429114851909330_n-150x150.jpg 150w, https:\/\/www.lafresca.fm\/f-solosog\/2026\/04\/671487749_1406993861459716_3317429114851909330_n-768x768.jpg 768w, https:\/\/www.lafresca.fm\/f-solosog\/2026\/04\/671487749_1406993861459716_3317429114851909330_n-100x100.jpg 100w, https:\/\/www.lafresca.fm\/f-solosog\/2026\/04\/671487749_1406993861459716_3317429114851909330_n-370x370.jpg 370w, https:\/\/www.lafresca.fm\/f-solosog\/2026\/04\/671487749_1406993861459716_3317429114851909330_n.jpg 1200w\" sizes=\"(max-width: 1170px) 100vw, 1170px\" \/><\/figure>\n\n\n\n<p>La programaci\u00f3n de este mi\u00e9rcoles arranca a las <strong>17:30 horas<\/strong> con la misa y novena en la parroquia, continuar\u00e1 a las <strong>19:00 horas<\/strong> con la dans\u00e0 popular en la Pla\u00e7a Major a cargo del Grup Folkl\u00f2ric d\u2019Onil, y culminar\u00e1 a las <strong>23:00 horas<\/strong> con el desfile de la Nit de l\u2019Olleta, que recorrer\u00e1 el trayecto desde el polideportivo hasta el centro de la localidad con la participaci\u00f3n de todas las comparsas.<\/p>\n\n\n\n<p>El jueves 30 de abril, D\u00eda de l\u2019Entr\u00e0, comenzar\u00e1 a las <strong>08:00 horas<\/strong> con el volteo general de campanas y la diana. A las <strong>11:00 horas<\/strong> tendr\u00e1 lugar la misa solemne y, a las <strong>12:00 horas<\/strong>, desde el Palacio-Fortaleza del Marqu\u00e9s de Dos Aguas, se celebrar\u00e1 el \u00c1ngelus seguido de la interpretaci\u00f3n de himnos, la masclet\u00e0 y la inauguraci\u00f3n oficial de las fiestas. Tras ello, se desarrollar\u00e1 la tradicional Moguda de Bandes. Por la tarde, a las <strong>17:00 horas<\/strong> se celebrar\u00e1 la misa y novena, y a las <strong>17:30 horas<\/strong> dar\u00e1 comienzo el espectacular desfile de la Entrada. <\/p>\n\n\n\n<figure class=\"wp-block-image size-full\"><img decoding=\"async\" width=\"726\" height=\"1024\" src=\"https:\/\/www.lafresca.fm\/f-solosog\/2026\/04\/Cartell-Onil-2026-726x1024-1.jpg\" alt=\"\" class=\"wp-image-18339\" srcset=\"https:\/\/www.lafresca.fm\/f-solosog\/2026\/04\/Cartell-Onil-2026-726x1024-1.jpg 726w, https:\/\/www.lafresca.fm\/f-solosog\/2026\/04\/Cartell-Onil-2026-726x1024-1-546x770.jpg 546w\" sizes=\"(max-width: 726px) 100vw, 726px\" \/><\/figure>\n\n\n\n<p>El viernes 1 de mayo, primer d\u00eda de trons, la actividad arrancar\u00e1 a las <strong>08:00 horas<\/strong> con la diana y el volteo de campanas, seguida de la misa de las filaes a las <strong>09:00 horas<\/strong>. A las <strong>11:45 horas<\/strong> tendr\u00e1 lugar la misa solemne y, a las <strong>12:00 horas<\/strong>, el Alardo de arcabucer\u00eda y la Ball\u00e0 de les Banderes. Por la tarde, a las <strong>17:00 horas<\/strong> se celebrar\u00e1 la misa y novena, a las <strong>17:45 horas<\/strong> las guerrillas de arcabucer\u00eda y a las <strong>19:00 horas<\/strong> la Estafeta y Embajada del bando moro.<\/p>\n\n\n\n<p>El s\u00e1bado 2 de mayo, segundo d\u00eda de trons o D\u00eda del Desfile, seguir\u00e1 un esquema similar con diana a las <strong>08:00 horas<\/strong>, misa de filaes a las <strong>09:00 horas<\/strong> y misa solemne a las <strong>11:45 horas<\/strong>. A las <strong>12:00 horas<\/strong> se repetir\u00e1 el Alardo, junto a la Volta de Capitans y la Ball\u00e0 de les Banderes. Ya por la tarde, a las <strong>18:00 horas<\/strong>, tendr\u00e1 lugar la el vistoso desfile de comparsas.<\/p>\n\n\n\n<p>El domingo 3 de mayo, \u00faltimo d\u00eda de fiestas, comenzar\u00e1 tambi\u00e9n a las <strong>08:00 horas<\/strong> con la diana, seguido de la misa de filaes a las <strong>09:00 horas<\/strong> y la misa solemne a las <strong>11:45 horas<\/strong>. A las <strong>12:00 horas<\/strong> se celebrar\u00e1 el Alardo y la Ball\u00e0 de les Banderes. Por la tarde, a las <strong>16:30 horas<\/strong> tendr\u00e1 lugar la guerrilla, a las <strong>17:15 horas<\/strong> la Estafeta y Embajada del bando cristiano y entre las <strong>18:00 y las 19:30 horas<\/strong> la presentaci\u00f3n de ni\u00f1os a la patrona. A las <strong>20:00 horas<\/strong> se celebrar\u00e1 la procesi\u00f3n de despedida de la Mare de D\u00e9u de la Salut, que concluir\u00e1 con un castillo de fuegos artificiales.<\/p>\n\n\n\n<p>Las fiestas finalizar\u00e1n el lunes 4 de mayo con el D\u00eda de la \u201cfuera\u201d, en el que se celebrar\u00e1 a las <strong>12:00 horas<\/strong> una misa por los difuntos en la ermita.<\/p>\n<script>function PlayerjsAsync(){} if(window[\"Playerjs\"]){PlayerjsAsync();}<\/script>","protected":false},"excerpt":{"rendered":"<p>La localidad de Onil da hoy, mi\u00e9rcoles 29 de abril, el pistoletazo de salida a los actos principales de sus Fiestas de Moros y Cristianos 2026 con la tradicional Nit de l\u2019Olleta, una jornada que marca el inicio de los d\u00edas grandes y que combina actos religiosos, cultura popular y ...<\/p>\n","protected":false},"author":2,"featured_media":18338,"comment_status":"closed","ping_status":"closed","sticky":false,"template":"","format":"standard","meta":{"_monsterinsights_skip_tracking":false,"_monsterinsights_sitenote_active":false,"_monsterinsights_sitenote_note":"","_monsterinsights_sitenote_category":0,"footnotes":""},"categories":[4],"tags":[934,133],"class_list":["post-18337","post","type-post","status-publish","format-standard","has-post-thumbnail","hentry","category-alicante","tag-myc-onil-2026","tag-onil"],"aioseo_notices":[],"_links":{"self":[{"href":"https:\/\/www.lafresca.fm\/fresca-api-json\/wp\/v2\/posts\/18337","targetHints":{"allow":["GET"]}}],"collection":[{"href":"https:\/\/www.lafresca.fm\/fresca-api-json\/wp\/v2\/posts"}],"about":[{"href":"https:\/\/www.lafresca.fm\/fresca-api-json\/wp\/v2\/types\/post"}],"author":[{"embeddable":true,"href":"https:\/\/www.lafresca.fm\/fresca-api-json\/wp\/v2\/users\/2"}],"replies":[{"embeddable":true,"href":"https:\/\/www.lafresca.fm\/fresca-api-json\/wp\/v2\/comments?post=18337"}],"version-history":[{"count":2,"href":"https:\/\/www.lafresca.fm\/fresca-api-json\/wp\/v2\/posts\/18337\/revisions"}],"predecessor-version":[{"id":18341,"href":"https:\/\/www.lafresca.fm\/fresca-api-json\/wp\/v2\/posts\/18337\/revisions\/18341"}],"wp:featuredmedia":[{"embeddable":true,"href":"https:\/\/www.lafresca.fm\/fresca-api-json\/wp\/v2\/media\/18338"}],"wp:attachment":[{"href":"https:\/\/www.lafresca.fm\/fresca-api-json\/wp\/v2\/media?parent=18337"}],"wp:term":[{"taxonomy":"category","embeddable":true,"href":"https:\/\/www.lafresca.fm\/fresca-api-json\/wp\/v2\/categories?post=18337"},{"taxonomy":"post_tag","embeddable":true,"href":"https:\/\/www.lafresca.fm\/fresca-api-json\/wp\/v2\/tags?post=18337"}],"curies":[{"name":"wp","href":"https:\/\/api.w.org\/{rel}","templated":true}]}}