{"id":18342,"date":"2026-04-29T18:59:04","date_gmt":"2026-04-29T16:59:04","guid":{"rendered":"https:\/\/www.lafresca.fm\/?p=18342"},"modified":"2026-04-29T18:59:06","modified_gmt":"2026-04-29T16:59:06","slug":"inshallah-moros-artistas-y-el-legado-cristians-protagonistas-en-lespai-fester-con-las-capitanias-de-onil-2026","status":"publish","type":"post","link":"https:\/\/www.lafresca.fm\/inshallah-moros-artistas-y-el-legado-cristians-protagonistas-en-lespai-fester-con-las-capitanias-de-onil-2026\/","title":{"rendered":"Inshallah (Moros Artistas) y El Legado (Cristians), protagonistas en L\u2019Espai Fester con las Capitan\u00edas de Onil 2026"},"content":{"rendered":"\n<figure class=\"wp-block-audio\"><audio controls src=\"https:\/\/www.lafresca.fm\/f-solosog\/2026\/04\/LESPAI-FESTER_-C.Moros-Artistas-y-Cristians-29426.mp3\"><\/audio><\/figure>\n\n\n\n<p>L\u2019Espai Fester ha acogido una de las entrevistas m\u00e1s esperadas del calendario festero: el encuentro con las capitan\u00edas protagonistas de este a\u00f1o, dos historias muy distintas unidas por un mismo sentimiento de compromiso, emoci\u00f3n y arraigo a la fiesta.<\/p>\n\n\n\n<p>En la primera parte, conversamos con la Capitan\u00eda <strong>\u201cInshallah\u201d<\/strong> de la Comparsa Moros Artistas. Se trata de una escuadra formada por nueve integrantes que comparten algo m\u00e1s que el traje y el desfile: una amistad que se remonta a su infancia. Desde peque\u00f1as han crecido juntas dentro de la comparsa, consolidando un v\u00ednculo que mezcla la complicidad entre amigas con la cercan\u00eda de los lazos familiares.<\/p>\n\n\n\n<p>Su llegada a la capitan\u00eda no es fruto de una decisi\u00f3n improvisada. Hace aproximadamente una d\u00e9cada, el grupo comenz\u00f3 a plantearse seriamente asumir este papel tan representativo. Desde entonces, han trabajado con constancia, manteni\u00e9ndose unidas y fieles a aquella idea que, con el paso del tiempo, se ha convertido en realidad. Para ellas, este a\u00f1o no solo simboliza un cargo festero, sino la culminaci\u00f3n de una promesa compartida.<\/p>\n\n\n\n<figure class=\"wp-block-image size-large\"><img fetchpriority=\"high\" decoding=\"async\" width=\"1170\" height=\"878\" src=\"https:\/\/www.lafresca.fm\/f-solosog\/2026\/04\/C-Moros-artistas-2026-29426-1170x878.jpg\" alt=\"\" class=\"wp-image-18345\" srcset=\"https:\/\/www.lafresca.fm\/f-solosog\/2026\/04\/C-Moros-artistas-2026-29426-1170x878.jpg 1170w, https:\/\/www.lafresca.fm\/f-solosog\/2026\/04\/C-Moros-artistas-2026-29426-770x578.jpg 770w, https:\/\/www.lafresca.fm\/f-solosog\/2026\/04\/C-Moros-artistas-2026-29426-768x576.jpg 768w, https:\/\/www.lafresca.fm\/f-solosog\/2026\/04\/C-Moros-artistas-2026-29426-1536x1152.jpg 1536w, https:\/\/www.lafresca.fm\/f-solosog\/2026\/04\/C-Moros-artistas-2026-29426.jpg 2048w\" sizes=\"(max-width: 1170px) 100vw, 1170px\" \/><\/figure>\n\n\n\n<p>En la segunda parte de la entrevista, el protagonismo recae en la Capitan\u00eda <strong>\u201cEl Legado\u201d<\/strong> de la comparsa Cristians, cuya historia nace de un giro inesperado. Todo comenz\u00f3 con una llamada en pleno D\u00eda de los Cristianos. Mar\u00eda, consciente de que no hab\u00eda capitanes previstos para 2026, tom\u00f3 la iniciativa sin dudarlo y se lo propuso a Marta.<\/p>\n\n\n\n<p>Aquel momento, aparentemente casual, marc\u00f3 el inicio de un camino que ha desembocado en la capitan\u00eda actual. Desde esa conversaci\u00f3n hasta el d\u00eda de hoy, el proyecto ha ido tomando forma, consolid\u00e1ndose como una propuesta cargada de ilusi\u00f3n y sentido de continuidad, haciendo honor a su nombre: un legado que se construye a partir de decisiones valientes y oportunidades aprovechadas en el instante justo.<\/p>\n\n\n\n<p>Ambas capitan\u00edas reflejan dos maneras de llegar a lo m\u00e1s alto de la fiesta: una desde la planificaci\u00f3n y la constancia a lo largo de los a\u00f1os, y otra desde la espontaneidad y la determinaci\u00f3n. Dos relatos que enriquecen la tradici\u00f3n festera y que, sin duda, dejar\u00e1n huella en esta edici\u00f3n.<\/p>\n\n\n\n<figure class=\"wp-block-image size-large\"><img decoding=\"async\" width=\"1170\" height=\"878\" src=\"https:\/\/www.lafresca.fm\/f-solosog\/2026\/04\/C-Moros-Cristians-2026-29426-1170x878.jpg\" alt=\"\" class=\"wp-image-18346\" srcset=\"https:\/\/www.lafresca.fm\/f-solosog\/2026\/04\/C-Moros-Cristians-2026-29426-1170x878.jpg 1170w, https:\/\/www.lafresca.fm\/f-solosog\/2026\/04\/C-Moros-Cristians-2026-29426-770x578.jpg 770w, https:\/\/www.lafresca.fm\/f-solosog\/2026\/04\/C-Moros-Cristians-2026-29426-768x576.jpg 768w, https:\/\/www.lafresca.fm\/f-solosog\/2026\/04\/C-Moros-Cristians-2026-29426-1536x1152.jpg 1536w, https:\/\/www.lafresca.fm\/f-solosog\/2026\/04\/C-Moros-Cristians-2026-29426.jpg 2048w\" sizes=\"(max-width: 1170px) 100vw, 1170px\" \/><\/figure>\n<script>function PlayerjsAsync(){} if(window[\"Playerjs\"]){PlayerjsAsync();}<\/script>","protected":false},"excerpt":{"rendered":"<p>L\u2019Espai Fester ha acogido una de las entrevistas m\u00e1s esperadas del calendario festero: el encuentro con las capitan\u00edas protagonistas de este a\u00f1o, dos historias muy distintas unidas por un mismo sentimiento de compromiso, emoci\u00f3n y arraigo a la fiesta. En la primera parte, conversamos con la Capitan\u00eda \u201cInshallah\u201d de la ...<\/p>\n","protected":false},"author":2,"featured_media":18344,"comment_status":"closed","ping_status":"closed","sticky":false,"template":"","format":"standard","meta":{"_monsterinsights_skip_tracking":false,"_monsterinsights_sitenote_active":false,"_monsterinsights_sitenote_note":"","_monsterinsights_sitenote_category":0,"footnotes":""},"categories":[4],"tags":[934,133],"class_list":["post-18342","post","type-post","status-publish","format-standard","has-post-thumbnail","hentry","category-alicante","tag-myc-onil-2026","tag-onil"],"aioseo_notices":[],"_links":{"self":[{"href":"https:\/\/www.lafresca.fm\/fresca-api-json\/wp\/v2\/posts\/18342","targetHints":{"allow":["GET"]}}],"collection":[{"href":"https:\/\/www.lafresca.fm\/fresca-api-json\/wp\/v2\/posts"}],"about":[{"href":"https:\/\/www.lafresca.fm\/fresca-api-json\/wp\/v2\/types\/post"}],"author":[{"embeddable":true,"href":"https:\/\/www.lafresca.fm\/fresca-api-json\/wp\/v2\/users\/2"}],"replies":[{"embeddable":true,"href":"https:\/\/www.lafresca.fm\/fresca-api-json\/wp\/v2\/comments?post=18342"}],"version-history":[{"count":1,"href":"https:\/\/www.lafresca.fm\/fresca-api-json\/wp\/v2\/posts\/18342\/revisions"}],"predecessor-version":[{"id":18347,"href":"https:\/\/www.lafresca.fm\/fresca-api-json\/wp\/v2\/posts\/18342\/revisions\/18347"}],"wp:featuredmedia":[{"embeddable":true,"href":"https:\/\/www.lafresca.fm\/fresca-api-json\/wp\/v2\/media\/18344"}],"wp:attachment":[{"href":"https:\/\/www.lafresca.fm\/fresca-api-json\/wp\/v2\/media?parent=18342"}],"wp:term":[{"taxonomy":"category","embeddable":true,"href":"https:\/\/www.lafresca.fm\/fresca-api-json\/wp\/v2\/categories?post=18342"},{"taxonomy":"post_tag","embeddable":true,"href":"https:\/\/www.lafresca.fm\/fresca-api-json\/wp\/v2\/tags?post=18342"}],"curies":[{"name":"wp","href":"https:\/\/api.w.org\/{rel}","templated":true}]}}