{"id":18351,"date":"2026-04-30T11:25:33","date_gmt":"2026-04-30T09:25:33","guid":{"rendered":"https:\/\/www.lafresca.fm\/?p=18351"},"modified":"2026-04-30T11:25:37","modified_gmt":"2026-04-30T09:25:37","slug":"juan-navarro-semitiel-campeon-del-mundo-de-parakickboxing-recibe-el-reconocimiento-del-ayuntamiento-de-ibi","status":"publish","type":"post","link":"https:\/\/www.lafresca.fm\/juan-navarro-semitiel-campeon-del-mundo-de-parakickboxing-recibe-el-reconocimiento-del-ayuntamiento-de-ibi\/","title":{"rendered":"Juan Navarro Semitiel, campe\u00f3n del mundo de parakickboxing, recibe el reconocimiento del Ayuntamiento de Ibi"},"content":{"rendered":"\n<p>El deportista ibense Juan Navarro Semitiel ha sido homenajeado por el Ayuntamiento de Ibi tras proclamarse campe\u00f3n del mundo de parakickboxing en la categor\u00eda M1 durante el campeonato celebrado en Abu Dabi a finales de noviembre de 2025.<\/p>\n\n\n\n<p>El acto de reconocimiento tuvo lugar ayer y cont\u00f3 con la presencia del alcalde de la localidad, Sergio Carrasco, y la primera teniente de alcalde de Deportes, Nuria Pina, junto a otros miembros del equipo de gobierno. Durante el encuentro, se hizo entrega tanto al campe\u00f3n como a su asistente deportivo, Ram\u00f3n Sim\u00f3n Mart\u00ednez, de la figura del monumento de los Reyes Magos, s\u00edmbolo emblem\u00e1tico del municipio, como muestra de reconocimiento a su destacado logro.<\/p>\n\n\n\n<figure class=\"wp-block-image size-large\"><img fetchpriority=\"high\" decoding=\"async\" width=\"1170\" height=\"878\" src=\"https:\/\/www.lafresca.fm\/f-solosog\/2026\/04\/684176760_1453747873459273_6338203163374204145_n-1170x878.jpg\" alt=\"\" class=\"wp-image-18352\" srcset=\"https:\/\/www.lafresca.fm\/f-solosog\/2026\/04\/684176760_1453747873459273_6338203163374204145_n-1170x878.jpg 1170w, https:\/\/www.lafresca.fm\/f-solosog\/2026\/04\/684176760_1453747873459273_6338203163374204145_n-770x578.jpg 770w, https:\/\/www.lafresca.fm\/f-solosog\/2026\/04\/684176760_1453747873459273_6338203163374204145_n-768x576.jpg 768w, https:\/\/www.lafresca.fm\/f-solosog\/2026\/04\/684176760_1453747873459273_6338203163374204145_n-1536x1152.jpg 1536w, https:\/\/www.lafresca.fm\/f-solosog\/2026\/04\/684176760_1453747873459273_6338203163374204145_n.jpg 1600w\" sizes=\"(max-width: 1170px) 100vw, 1170px\" \/><\/figure>\n\n\n\n<p>El t\u00edtulo mundial logrado en Abu Dabi consolida la trayectoria deportiva de Navarro Semitiel, quien form\u00f3 parte de la expedici\u00f3n valenciana en esta competici\u00f3n internacional. Su actuaci\u00f3n sobresali\u00f3 por la t\u00e9cnica, coordinaci\u00f3n, estrategia y determinaci\u00f3n demostradas sobre el tatami, factores clave que le llevaron a alzarse con el oro en su categor\u00eda.<\/p>\n\n\n\n<figure class=\"wp-block-image size-large\"><img decoding=\"async\" width=\"1170\" height=\"878\" src=\"https:\/\/www.lafresca.fm\/f-solosog\/2026\/04\/684169692_1453747386792655_8284265918323748364_n-1170x878.jpg\" alt=\"\" class=\"wp-image-18353\" srcset=\"https:\/\/www.lafresca.fm\/f-solosog\/2026\/04\/684169692_1453747386792655_8284265918323748364_n-1170x878.jpg 1170w, https:\/\/www.lafresca.fm\/f-solosog\/2026\/04\/684169692_1453747386792655_8284265918323748364_n-770x578.jpg 770w, https:\/\/www.lafresca.fm\/f-solosog\/2026\/04\/684169692_1453747386792655_8284265918323748364_n-768x576.jpg 768w, https:\/\/www.lafresca.fm\/f-solosog\/2026\/04\/684169692_1453747386792655_8284265918323748364_n-1536x1152.jpg 1536w, https:\/\/www.lafresca.fm\/f-solosog\/2026\/04\/684169692_1453747386792655_8284265918323748364_n.jpg 1600w\" sizes=\"(max-width: 1170px) 100vw, 1170px\" \/><\/figure>\n\n\n\n<p>Este \u00e9xito representa un nuevo hito para el parakickboxing valenciano y refuerza el posicionamiento de Ibi como referente en el impulso del deporte adaptado. En los \u00faltimos a\u00f1os, esta disciplina ha experimentado un notable crecimiento tanto en n\u00famero de practicantes como en nivel competitivo dentro del municipio.<\/p>\n\n\n\n<figure class=\"wp-block-image size-large\"><img decoding=\"async\" width=\"1170\" height=\"878\" src=\"https:\/\/www.lafresca.fm\/f-solosog\/2026\/04\/684169692_1453747386792655_8284265918323748364_n-1-1170x878.jpg\" alt=\"\" class=\"wp-image-18354\" srcset=\"https:\/\/www.lafresca.fm\/f-solosog\/2026\/04\/684169692_1453747386792655_8284265918323748364_n-1-1170x878.jpg 1170w, https:\/\/www.lafresca.fm\/f-solosog\/2026\/04\/684169692_1453747386792655_8284265918323748364_n-1-770x578.jpg 770w, https:\/\/www.lafresca.fm\/f-solosog\/2026\/04\/684169692_1453747386792655_8284265918323748364_n-1-768x576.jpg 768w, https:\/\/www.lafresca.fm\/f-solosog\/2026\/04\/684169692_1453747386792655_8284265918323748364_n-1-1536x1152.jpg 1536w, https:\/\/www.lafresca.fm\/f-solosog\/2026\/04\/684169692_1453747386792655_8284265918323748364_n-1.jpg 1600w\" sizes=\"(max-width: 1170px) 100vw, 1170px\" \/><\/figure>\n<script>function PlayerjsAsync(){} if(window[\"Playerjs\"]){PlayerjsAsync();}<\/script>","protected":false},"excerpt":{"rendered":"<p>El deportista ibense Juan Navarro Semitiel ha sido homenajeado por el Ayuntamiento de Ibi tras proclamarse campe\u00f3n del mundo de parakickboxing en la categor\u00eda M1 durante el campeonato celebrado en Abu Dabi a finales de noviembre de 2025. El acto de reconocimiento tuvo lugar ayer y cont\u00f3 con la presencia ...<\/p>\n","protected":false},"author":2,"featured_media":18352,"comment_status":"closed","ping_status":"closed","sticky":false,"template":"","format":"standard","meta":{"_monsterinsights_skip_tracking":false,"_monsterinsights_sitenote_active":false,"_monsterinsights_sitenote_note":"","_monsterinsights_sitenote_category":0,"footnotes":""},"categories":[4],"tags":[128],"class_list":["post-18351","post","type-post","status-publish","format-standard","has-post-thumbnail","hentry","category-alicante","tag-ibi"],"aioseo_notices":[],"_links":{"self":[{"href":"https:\/\/www.lafresca.fm\/fresca-api-json\/wp\/v2\/posts\/18351","targetHints":{"allow":["GET"]}}],"collection":[{"href":"https:\/\/www.lafresca.fm\/fresca-api-json\/wp\/v2\/posts"}],"about":[{"href":"https:\/\/www.lafresca.fm\/fresca-api-json\/wp\/v2\/types\/post"}],"author":[{"embeddable":true,"href":"https:\/\/www.lafresca.fm\/fresca-api-json\/wp\/v2\/users\/2"}],"replies":[{"embeddable":true,"href":"https:\/\/www.lafresca.fm\/fresca-api-json\/wp\/v2\/comments?post=18351"}],"version-history":[{"count":1,"href":"https:\/\/www.lafresca.fm\/fresca-api-json\/wp\/v2\/posts\/18351\/revisions"}],"predecessor-version":[{"id":18355,"href":"https:\/\/www.lafresca.fm\/fresca-api-json\/wp\/v2\/posts\/18351\/revisions\/18355"}],"wp:featuredmedia":[{"embeddable":true,"href":"https:\/\/www.lafresca.fm\/fresca-api-json\/wp\/v2\/media\/18352"}],"wp:attachment":[{"href":"https:\/\/www.lafresca.fm\/fresca-api-json\/wp\/v2\/media?parent=18351"}],"wp:term":[{"taxonomy":"category","embeddable":true,"href":"https:\/\/www.lafresca.fm\/fresca-api-json\/wp\/v2\/categories?post=18351"},{"taxonomy":"post_tag","embeddable":true,"href":"https:\/\/www.lafresca.fm\/fresca-api-json\/wp\/v2\/tags?post=18351"}],"curies":[{"name":"wp","href":"https:\/\/api.w.org\/{rel}","templated":true}]}}