{"id":18356,"date":"2026-04-30T12:40:06","date_gmt":"2026-04-30T10:40:06","guid":{"rendered":"https:\/\/www.lafresca.fm\/?p=18356"},"modified":"2026-04-30T12:40:12","modified_gmt":"2026-04-30T10:40:12","slug":"lespai-fester-cierra-su-ciclo-de-entrevistas-en-onil-con-la-capitania-el-desastre-de-la-comparsa-biscains-2025","status":"publish","type":"post","link":"https:\/\/www.lafresca.fm\/lespai-fester-cierra-su-ciclo-de-entrevistas-en-onil-con-la-capitania-el-desastre-de-la-comparsa-biscains-2025\/","title":{"rendered":"L\u2019Espai Fester cierra su ciclo de entrevistas en Onil con la Capitan\u00eda \u201cEl Desastre\u201d de la Comparsa B\u00efscains 2025"},"content":{"rendered":"\n<figure class=\"wp-block-audio\"><audio controls src=\"https:\/\/www.lafresca.fm\/f-solosog\/2026\/04\/LESPAI-FESTER_-Capitania-El-desastre-Vizcainos-2026-30426.mp3\"><\/audio><\/figure>\n\n\n\n<p>L\u2019Espai Fester con Rosana Guill ha puesto el broche final a su ciclo de entrevistas dedicadas a las fiestas de Moros y Cristianos en Onil con un encuentro muy especial protagonizado por la Capitan\u00eda \u201cEl Desastre\u201d de la Comparsa B\u00efscains del a\u00f1o 2025.<\/p>\n\n\n\n<p>La entrevista ha permitido revivir, un a\u00f1o despu\u00e9s, c\u00f3mo se gest\u00f3 y se vivi\u00f3 esta capitan\u00eda, en la que sus protagonistas han compartido con todo detalle los momentos m\u00e1s significativos de una experiencia \u00fanica dentro del calendario festero colivenc.<\/p>\n\n\n\n<figure class=\"wp-block-image size-large\"><img fetchpriority=\"high\" decoding=\"async\" width=\"1170\" height=\"878\" src=\"https:\/\/www.lafresca.fm\/f-solosog\/2026\/04\/bce32325-8e1b-4e73-9c90-c84ef3f80ac7-1170x878.jpg\" alt=\"\" class=\"wp-image-18358\" srcset=\"https:\/\/www.lafresca.fm\/f-solosog\/2026\/04\/bce32325-8e1b-4e73-9c90-c84ef3f80ac7-1170x878.jpg 1170w, https:\/\/www.lafresca.fm\/f-solosog\/2026\/04\/bce32325-8e1b-4e73-9c90-c84ef3f80ac7-770x578.jpg 770w, https:\/\/www.lafresca.fm\/f-solosog\/2026\/04\/bce32325-8e1b-4e73-9c90-c84ef3f80ac7-768x576.jpg 768w, https:\/\/www.lafresca.fm\/f-solosog\/2026\/04\/bce32325-8e1b-4e73-9c90-c84ef3f80ac7-1536x1152.jpg 1536w, https:\/\/www.lafresca.fm\/f-solosog\/2026\/04\/bce32325-8e1b-4e73-9c90-c84ef3f80ac7.jpg 2048w\" sizes=\"(max-width: 1170px) 100vw, 1170px\" \/><\/figure>\n\n\n\n<p>Durante la conversaci\u00f3n, los integrantes de la capitan\u00eda recordaron tanto los intensos preparativos como la emoci\u00f3n de cada uno de los actos, destacando el esfuerzo colectivo, la ilusi\u00f3n y el fuerte v\u00ednculo que se genera entre todos los participantes. \u201cEs algo que se vive una vez en la vida y que siempre se queda con nosotros\u201d, se\u00f1alaron.<\/p>\n\n\n\n<p>Este cierre de entrevistas supone tambi\u00e9n un reconocimiento a la Comparsa B\u00efscains y al papel fundamental que desempe\u00f1an las capitan\u00edas en la conservaci\u00f3n y transmisi\u00f3n de las tradiciones festivas de Onil, donde cada a\u00f1o estas celebraciones re\u00fanen a cientos de festeros y visitantes.<\/p>\n\n\n\n<p>Con esta \u00faltima entrega, L\u2019Espai Fester concluye un recorrido por las fiestas locales que ha permitido conocer de cerca las historias, vivencias y emociones que hay detr\u00e1s de cada cargo festero, consolid\u00e1ndose como un espacio clave para la difusi\u00f3n de la cultura y las tradiciones del municipio.<\/p>\n<script>function PlayerjsAsync(){} if(window[\"Playerjs\"]){PlayerjsAsync();}<\/script>","protected":false},"excerpt":{"rendered":"<p>L\u2019Espai Fester con Rosana Guill ha puesto el broche final a su ciclo de entrevistas dedicadas a las fiestas de Moros y Cristianos en Onil con un encuentro muy especial protagonizado por la Capitan\u00eda \u201cEl Desastre\u201d de la Comparsa B\u00efscains del a\u00f1o 2025. La entrevista ha permitido revivir, un a\u00f1o ...<\/p>\n","protected":false},"author":2,"featured_media":18358,"comment_status":"closed","ping_status":"closed","sticky":false,"template":"","format":"standard","meta":{"_monsterinsights_skip_tracking":false,"_monsterinsights_sitenote_active":false,"_monsterinsights_sitenote_note":"","_monsterinsights_sitenote_category":0,"footnotes":""},"categories":[4],"tags":[353,133],"class_list":["post-18356","post","type-post","status-publish","format-standard","has-post-thumbnail","hentry","category-alicante","tag-lespai-fester","tag-onil"],"aioseo_notices":[],"_links":{"self":[{"href":"https:\/\/www.lafresca.fm\/fresca-api-json\/wp\/v2\/posts\/18356","targetHints":{"allow":["GET"]}}],"collection":[{"href":"https:\/\/www.lafresca.fm\/fresca-api-json\/wp\/v2\/posts"}],"about":[{"href":"https:\/\/www.lafresca.fm\/fresca-api-json\/wp\/v2\/types\/post"}],"author":[{"embeddable":true,"href":"https:\/\/www.lafresca.fm\/fresca-api-json\/wp\/v2\/users\/2"}],"replies":[{"embeddable":true,"href":"https:\/\/www.lafresca.fm\/fresca-api-json\/wp\/v2\/comments?post=18356"}],"version-history":[{"count":1,"href":"https:\/\/www.lafresca.fm\/fresca-api-json\/wp\/v2\/posts\/18356\/revisions"}],"predecessor-version":[{"id":18359,"href":"https:\/\/www.lafresca.fm\/fresca-api-json\/wp\/v2\/posts\/18356\/revisions\/18359"}],"wp:featuredmedia":[{"embeddable":true,"href":"https:\/\/www.lafresca.fm\/fresca-api-json\/wp\/v2\/media\/18358"}],"wp:attachment":[{"href":"https:\/\/www.lafresca.fm\/fresca-api-json\/wp\/v2\/media?parent=18356"}],"wp:term":[{"taxonomy":"category","embeddable":true,"href":"https:\/\/www.lafresca.fm\/fresca-api-json\/wp\/v2\/categories?post=18356"},{"taxonomy":"post_tag","embeddable":true,"href":"https:\/\/www.lafresca.fm\/fresca-api-json\/wp\/v2\/tags?post=18356"}],"curies":[{"name":"wp","href":"https:\/\/api.w.org\/{rel}","templated":true}]}}