{"id":18361,"date":"2026-05-02T12:43:56","date_gmt":"2026-05-02T10:43:56","guid":{"rendered":"https:\/\/www.lafresca.fm\/?p=18361"},"modified":"2026-05-02T12:43:58","modified_gmt":"2026-05-02T10:43:58","slug":"lafresca-fest-aterriza-la-noche-de-este-sabado-2-de-mayo-en-onil","status":"publish","type":"post","link":"https:\/\/www.lafresca.fm\/lafresca-fest-aterriza-la-noche-de-este-sabado-2-de-mayo-en-onil\/","title":{"rendered":"laFRESCA Fest aterriza la noche de este s\u00e1bado 2 de mayo en Onil"},"content":{"rendered":"\n<p>Onil acoge esta noche una propuesta que llenar\u00e1 de ritmo, energ\u00eda y ambiente la Plaza de Espa\u00f1a, en el marco de las celebraciones de Moros y Cristianos en honor a la Virgen de la Salud<\/p>\n\n\n\n<p>A partir de las 00:30 horas, vecinos y visitantes podr\u00e1n disfrutar del espect\u00e1culo \u201cShow Locura Fresca\u201d, una experiencia que combina luces, puesta en escena y una potente animaci\u00f3n musical. El cartel estar\u00e1 encabezado por DJ Pyru, junto a Christian Prieto y David Berbegal, quienes ser\u00e1n los encargados de hacer saltar, cantar y disfrutar al p\u00fablico durante la noche.<\/p>\n\n\n\n<figure class=\"wp-block-image size-large is-resized\"><img fetchpriority=\"high\" decoding=\"async\" width=\"936\" height=\"1170\" src=\"https:\/\/www.lafresca.fm\/f-solosog\/2026\/04\/674722833_1382771347219462_8129725671745503_n-936x1170.jpg\" alt=\"\" class=\"wp-image-18289\" style=\"width:800px;height:auto\" srcset=\"https:\/\/www.lafresca.fm\/f-solosog\/2026\/04\/674722833_1382771347219462_8129725671745503_n-936x1170.jpg 936w, https:\/\/www.lafresca.fm\/f-solosog\/2026\/04\/674722833_1382771347219462_8129725671745503_n-616x770.jpg 616w, https:\/\/www.lafresca.fm\/f-solosog\/2026\/04\/674722833_1382771347219462_8129725671745503_n-768x960.jpg 768w, https:\/\/www.lafresca.fm\/f-solosog\/2026\/04\/674722833_1382771347219462_8129725671745503_n.jpg 1080w\" sizes=\"(max-width: 936px) 100vw, 936px\" \/><\/figure>\n\n\n\n<p>El evento, impulsado con la colaboraci\u00f3n del Ayuntamiento de Onil y La Fresca FM, se integra dentro de la programaci\u00f3n de los actos de Moros y Cristianos de la localidad. <\/p>\n\n\n\n<p>La tem\u00e1tica del festival, con una est\u00e9tica futurista y envolvente, anticipa una noche donde el espect\u00e1culo visual ser\u00e1 protagonista. La organizaci\u00f3n espera una alta participaci\u00f3n, convirtiendo el centro del municipio en un punto de encuentro para disfrutar del ambiente festivo.<\/p>\n\n\n\n<p>Con entrada libre y un formato pensado para disfrutar al aire libre, \u201cLa Fresca Fest\u201d se presenta como una oportunidad perfecta para vivir intensamente la noche del s\u00e1bado en Onil, en pleno coraz\u00f3n de sus fiestas de Moros y Cristianos.<\/p>\n<script>function PlayerjsAsync(){} if(window[\"Playerjs\"]){PlayerjsAsync();}<\/script>","protected":false},"excerpt":{"rendered":"<p>Onil acoge esta noche una propuesta que llenar\u00e1 de ritmo, energ\u00eda y ambiente la Plaza de Espa\u00f1a, en el marco de las celebraciones de Moros y Cristianos en honor a la Virgen de la Salud A partir de las 00:30 horas, vecinos y visitantes podr\u00e1n disfrutar del espect\u00e1culo \u201cShow Locura ...<\/p>\n","protected":false},"author":2,"featured_media":18289,"comment_status":"closed","ping_status":"closed","sticky":false,"template":"","format":"standard","meta":{"_monsterinsights_skip_tracking":false,"_monsterinsights_sitenote_active":false,"_monsterinsights_sitenote_note":"","_monsterinsights_sitenote_category":0,"footnotes":""},"categories":[4],"tags":[947,133],"class_list":["post-18361","post","type-post","status-publish","format-standard","has-post-thumbnail","hentry","category-alicante","tag-la-fresca-fest","tag-onil"],"aioseo_notices":[],"_links":{"self":[{"href":"https:\/\/www.lafresca.fm\/fresca-api-json\/wp\/v2\/posts\/18361","targetHints":{"allow":["GET"]}}],"collection":[{"href":"https:\/\/www.lafresca.fm\/fresca-api-json\/wp\/v2\/posts"}],"about":[{"href":"https:\/\/www.lafresca.fm\/fresca-api-json\/wp\/v2\/types\/post"}],"author":[{"embeddable":true,"href":"https:\/\/www.lafresca.fm\/fresca-api-json\/wp\/v2\/users\/2"}],"replies":[{"embeddable":true,"href":"https:\/\/www.lafresca.fm\/fresca-api-json\/wp\/v2\/comments?post=18361"}],"version-history":[{"count":1,"href":"https:\/\/www.lafresca.fm\/fresca-api-json\/wp\/v2\/posts\/18361\/revisions"}],"predecessor-version":[{"id":18362,"href":"https:\/\/www.lafresca.fm\/fresca-api-json\/wp\/v2\/posts\/18361\/revisions\/18362"}],"wp:featuredmedia":[{"embeddable":true,"href":"https:\/\/www.lafresca.fm\/fresca-api-json\/wp\/v2\/media\/18289"}],"wp:attachment":[{"href":"https:\/\/www.lafresca.fm\/fresca-api-json\/wp\/v2\/media?parent=18361"}],"wp:term":[{"taxonomy":"category","embeddable":true,"href":"https:\/\/www.lafresca.fm\/fresca-api-json\/wp\/v2\/categories?post=18361"},{"taxonomy":"post_tag","embeddable":true,"href":"https:\/\/www.lafresca.fm\/fresca-api-json\/wp\/v2\/tags?post=18361"}],"curies":[{"name":"wp","href":"https:\/\/api.w.org\/{rel}","templated":true}]}}