{"id":19271,"date":"2026-08-31T11:23:28","date_gmt":"2026-08-31T09:23:28","guid":{"rendered":"https:\/\/www.lafresca.fm\/?p=19271"},"modified":"2026-08-31T11:23:28","modified_gmt":"2026-08-31T09:23:28","slug":"castalla-se-suma-a-la-reconquista-del-vidrio-para-fomentar-el-reciclaje-durante-las-fiestas-de-moros-y-cristianos","status":"publish","type":"post","link":"https:\/\/www.lafresca.fm\/castalla-se-suma-a-la-reconquista-del-vidrio-para-fomentar-el-reciclaje-durante-las-fiestas-de-moros-y-cristianos\/","title":{"rendered":"Castalla se suma a \u2018La Reconquista del Vidrio\u2019 para fomentar el reciclaje durante las fiestas de Moros y Cristianos"},"content":{"rendered":"<p style=\"color: #000000; font-family: 'Times New Roman'; font-size: medium;\">\n<ul>\n<li style=\"color: #000000; font-family: 'Times New Roman'; font-size: medium;\">El Ayuntamiento y Ecovidrio impulsan esta campa\u00f1a de sensibilizaci\u00f3n, que contar\u00e1 con acciones espec\u00edficas los d\u00edas 2 y 3 de septiembre y la participaci\u00f3n de las compars-<\/li>\n<\/ul>\n<p style=\"color: #000000; font-family: 'Times New Roman'; font-size: medium;\">\n<p style=\"color: #000000; font-family: 'Times New Roman'; font-size: medium;\">El Ayuntamiento de Castalla y Ecovidrio, en colaboraci\u00f3n con la Generalitat Valenciana, ponen en marcha una nueva edici\u00f3n de \u2018La Reconquista del Vidrio\u2019, una iniciativa que tiene como objetivo fomentar el reciclaje de envases de vidrio durante la celebraci\u00f3n de las fiestas de Moros y Cristianos.<\/p>\n<p style=\"color: #000000; font-family: 'Times New Roman'; font-size: medium;\">\n<p style=\"color: #000000; font-family: 'Times New Roman'; font-size: medium;\">La campa\u00f1a busca implicar tanto a la ciudadan\u00eda como, especialmente, a las comparsas en la correcta separaci\u00f3n y reciclaje de los envases de vidrio que se generan durante estos d\u00edas. Para facilitarlo, se decorar\u00e1n diferentes contenedores con la imagen de la iniciativa en las inmediaciones de las sedes festeras.<\/p>\n<p style=\"color: #000000; font-family: 'Times New Roman'; font-size: medium;\">\n<p style=\"color: #000000; font-family: 'Times New Roman'; font-size: medium;\">Adem\u00e1s, los d\u00edas 2 y 3 de septiembre se desarrollar\u00e1n diferentes acciones de concienciaci\u00f3n en Castalla con la participaci\u00f3n de educadores ambientales.<\/p>\n<p style=\"color: #000000; font-family: 'Times New Roman'; font-size: medium;\">\n<p style=\"color: #000000; font-family: 'Times New Roman'; font-size: medium;\">Durante la ma\u00f1ana del 2 de septiembre, los educadores visitar\u00e1n las comparsas para informar sobre la importancia del reciclaje de vidrio y sus beneficios ambientales, animando a los festeros a participar activamente en la campa\u00f1a. Las comparsas recibir\u00e1n, adem\u00e1s, un obsequio.<\/p>\n<p style=\"color: #000000; font-family: 'Times New Roman'; font-size: medium;\">\n<p style=\"color: #000000; font-family: 'Times New Roman'; font-size: medium;\">El 3 de septiembre, tambi\u00e9n en horario de ma\u00f1ana, se instalar\u00e1 un selfie-point en la plaza de la Font Vella. Las personas que se fotograf\u00eden en este espacio y compartan la imagen en redes sociales utilizando el hashtag #LaReconquistaDelVidrio y etiquetando al Ayuntamiento recibir\u00e1n un obsequio.<\/p>\n<p><img fetchpriority=\"high\" decoding=\"async\" class=\"alignnone size-medium wp-image-19272\" src=\"https:\/\/www.lafresca.fm\/f-solosog\/2026\/08\/Captura-770x613.png\" alt=\"\" width=\"770\" height=\"613\" srcset=\"https:\/\/www.lafresca.fm\/f-solosog\/2026\/08\/Captura-770x613.png 770w, https:\/\/www.lafresca.fm\/f-solosog\/2026\/08\/Captura-768x612.png 768w, https:\/\/www.lafresca.fm\/f-solosog\/2026\/08\/Captura.png 923w\" sizes=\"(max-width: 770px) 100vw, 770px\" \/><\/p>\n<p style=\"color: #000000; font-family: 'Times New Roman'; font-size: medium;\">\n<p style=\"color: #000000; font-family: 'Times New Roman'; font-size: medium;\">\n<p style=\"color: #000000; font-family: 'Times New Roman'; font-size: medium;\"><strong>Castalla compite en la categor\u00eda Darbukas<\/strong><\/p>\n<p style=\"color: #000000; font-family: 'Times New Roman'; font-size: medium;\">\n<p style=\"color: #000000; font-family: 'Times New Roman'; font-size: medium;\">En esta edici\u00f3n participan alrededor de una treintena de municipios de la Comunitat Valenciana, que competir\u00e1n por convertirse en las localidades m\u00e1s comprometidas con el reciclaje de vidrio durante sus fiestas de Moros y Cristianos.<\/p>\n<p style=\"color: #000000; font-family: 'Times New Roman'; font-size: medium;\">\n<p style=\"color: #000000; font-family: 'Times New Roman'; font-size: medium;\">Los municipios se distribuyen en tres categor\u00edas seg\u00fan el n\u00famero de festeros. Castalla participa en la categor\u00eda Darbukas, destinada a poblaciones que cuentan con entre 1.000 y 2.500 festeros. Las otras dos categor\u00edas son Atabales, para municipios con m\u00e1s de 2.500 festeros, y Dol\u00e7aines, para aquellos con menos de 1.000.<\/p>\n<p style=\"color: #000000; font-family: 'Times New Roman'; font-size: medium;\">\n<p style=\"color: #000000; font-family: 'Times New Roman'; font-size: medium;\">El municipio ganador de cada categor\u00eda recibir\u00e1 el trofeo de \u2018La Reconquista del Vidrio\u2019, que reconoce a las localidades con una mayor implicaci\u00f3n en el reciclaje de envases de vidrio durante sus fiestas.<\/p>\n<p style=\"color: #000000; font-family: 'Times New Roman'; font-size: medium;\">\n<p style=\"color: #000000; font-family: 'Times New Roman'; font-size: medium;\">Asimismo, las comparsas que participen activamente en la iniciativa y realicen correctamente la separaci\u00f3n de los residuos de vidrio entrar\u00e1n en el sorteo de un dispensador exclusivo con la imagen de la campa\u00f1a.<\/p>\n<p style=\"color: #000000; font-family: 'Times New Roman'; font-size: medium;\">\n<p style=\"color: #000000; font-family: 'Times New Roman'; font-size: medium;\">Adem\u00e1s, esta se completa con seis promociones online en la p\u00e1gina web de \u2018La Reconquista del Vidrio\u2019, donde los participantes podr\u00e1n responder a preguntas relacionadas con el reciclaje y las fiestas de Moros y Cristianos y optar a conseguir un minigl\u00fa.<\/p>\n<p style=\"color: #000000; font-family: 'Times New Roman'; font-size: medium;\">\n<p style=\"color: #000000; font-family: 'Times New Roman'; font-size: medium;\">Desde el Ayuntamiento de Castalla se anima a comparsas, festeros y ciudadan\u00eda a sumarse a la iniciativa y contribuir a que las fiestas sean tambi\u00e9n un ejemplo de compromiso con el reciclaje y el cuidado del entorno.<\/p>\n<script>function PlayerjsAsync(){} if(window[\"Playerjs\"]){PlayerjsAsync();}<\/script>","protected":false},"excerpt":{"rendered":"<p>El Ayuntamiento y Ecovidrio impulsan esta campa\u00f1a de sensibilizaci\u00f3n, que contar\u00e1 con acciones espec\u00edficas los d\u00edas 2 y 3 de septiembre y la participaci\u00f3n de las compars- El Ayuntamiento de Castalla y Ecovidrio, en colaboraci\u00f3n con la Generalitat Valenciana, ponen en marcha una nueva edici\u00f3n de \u2018La Reconquista del Vidrio\u2019, ...<\/p>\n","protected":false},"author":2,"featured_media":19272,"comment_status":"closed","ping_status":"closed","sticky":false,"template":"","format":"standard","meta":{"_monsterinsights_skip_tracking":false,"footnotes":""},"categories":[4],"tags":[],"class_list":["post-19271","post","type-post","status-publish","format-standard","has-post-thumbnail","hentry","category-alicante"],"aioseo_notices":[],"aioseo_head":"\n\t\t\n\t<meta name=\"description\" content=\"El Ayuntamiento y Ecovidrio impulsan esta campa\u00f1a de sensibilizaci\u00f3n, que contar\u00e1 con acciones espec\u00edficas los d\u00edas 2 y 3 de septiembre y la participaci\u00f3n de las compars- El Ayuntamiento de Castalla y Ecovidrio, en colaboraci\u00f3n con la Generalitat Valenciana, ponen en marcha una nueva edici\u00f3n de \u2018La Reconquista del Vidrio\u2019, una iniciativa que tiene como\" \/>\n\t<meta name=\"robots\" content=\"max-image-preview:large\" \/>\n\t<meta name=\"author\" content=\"Redacci\u00f3n\"\/>\n\t<link rel=\"canonical\" href=\"https:\/\/www.lafresca.fm\/castalla-se-suma-a-la-reconquista-del-vidrio-para-fomentar-el-reciclaje-durante-las-fiestas-de-moros-y-cristianos\/\" \/>\n\t<meta name=\"generator\" content=\"All in One SEO (AIOSEO) 5.0.0.1\" \/>\n\t\t<meta property=\"og:locale\" content=\"es_ES\" \/>\n\t\t<meta property=\"og:site_name\" content=\"laFRESCA - \u00a1Estamos de moda!\" \/>\n\t\t<meta property=\"og:type\" content=\"article\" \/>\n\t\t<meta property=\"og:title\" content=\"Castalla se suma a \u2018La Reconquista del Vidrio\u2019 para fomentar el reciclaje durante las fiestas de Moros y Cristianos - laFRESCA\" \/>\n\t\t<meta property=\"og:description\" content=\"El Ayuntamiento y Ecovidrio impulsan esta campa\u00f1a de sensibilizaci\u00f3n, que contar\u00e1 con acciones espec\u00edficas los d\u00edas 2 y 3 de septiembre y la participaci\u00f3n de las compars- El Ayuntamiento de Castalla y Ecovidrio, en colaboraci\u00f3n con la Generalitat Valenciana, ponen en marcha una nueva edici\u00f3n de \u2018La Reconquista del Vidrio\u2019, una iniciativa que tiene como\" \/>\n\t\t<meta property=\"og:url\" content=\"https:\/\/www.lafresca.fm\/castalla-se-suma-a-la-reconquista-del-vidrio-para-fomentar-el-reciclaje-durante-las-fiestas-de-moros-y-cristianos\/\" \/>\n\t\t<meta property=\"og:image\" content=\"https:\/\/www.lafresca.fm\/f-solosog\/2026\/08\/Captura.png\" \/>\n\t\t<meta property=\"og:image:secure_url\" content=\"https:\/\/www.lafresca.fm\/f-solosog\/2026\/08\/Captura.png\" \/>\n\t\t<meta property=\"og:image:width\" content=\"923\" \/>\n\t\t<meta property=\"og:image:height\" content=\"735\" \/>\n\t\t<meta property=\"article:published_time\" content=\"2026-08-31T09:23:28+00:00\" \/>\n\t\t<meta property=\"article:modified_time\" content=\"2026-08-31T09:23:28+00:00\" \/>\n\t\t<meta property=\"article:publisher\" content=\"https:\/\/facebook.com\/lafresca.es\" \/>\n\t\t<meta name=\"twitter:card\" content=\"summary_large_image\" \/>\n\t\t<meta name=\"twitter:site\" content=\"@frescafm\" \/>\n\t\t<meta name=\"twitter:title\" content=\"Castalla se suma a \u2018La Reconquista del Vidrio\u2019 para fomentar el reciclaje durante las fiestas de Moros y Cristianos - laFRESCA\" \/>\n\t\t<meta name=\"twitter:description\" content=\"El Ayuntamiento y Ecovidrio impulsan esta campa\u00f1a de sensibilizaci\u00f3n, que contar\u00e1 con acciones espec\u00edficas los d\u00edas 2 y 3 de septiembre y la participaci\u00f3n de las compars- El Ayuntamiento de Castalla y Ecovidrio, en colaboraci\u00f3n con la Generalitat Valenciana, ponen en marcha una nueva edici\u00f3n de \u2018La Reconquista del Vidrio\u2019, una iniciativa que tiene como\" \/>\n\t\t<meta name=\"twitter:image\" content=\"https:\/\/www.lafresca.fm\/f-solosog\/2026\/08\/Captura.png\" \/>\n\t\t<script type=\"application\/ld+json\" class=\"aioseo-schema\">\n\t\t\t{\"@context\":\"https:\\\/\\\/schema.org\",\"@graph\":[{\"@type\":\"BlogPosting\",\"@id\":\"https:\\\/\\\/www.lafresca.fm\\\/castalla-se-suma-a-la-reconquista-del-vidrio-para-fomentar-el-reciclaje-durante-las-fiestas-de-moros-y-cristianos\\\/#blogposting\",\"name\":\"Castalla se suma a \\u2018La Reconquista del Vidrio\\u2019 para fomentar el reciclaje durante las fiestas de Moros y Cristianos - laFRESCA\",\"headline\":\"Castalla se suma a \\u2018La Reconquista del Vidrio\\u2019 para fomentar el reciclaje durante las fiestas de Moros y Cristianos\",\"author\":{\"@id\":\"https:\\\/\\\/www.lafresca.fm\\\/author\\\/adri\\\/#author\"},\"publisher\":{\"@id\":\"https:\\\/\\\/www.lafresca.fm\\\/#organization\"},\"image\":{\"@type\":\"ImageObject\",\"url\":\"https:\\\/\\\/www.lafresca.fm\\\/wp-content\\\/uploads\\\/2026\\\/08\\\/Captura.png\",\"width\":923,\"height\":735},\"datePublished\":\"2026-08-31T11:23:28+02:00\",\"dateModified\":\"2026-08-31T11:23:28+02:00\",\"inLanguage\":\"es-ES\",\"mainEntityOfPage\":{\"@id\":\"https:\\\/\\\/www.lafresca.fm\\\/castalla-se-suma-a-la-reconquista-del-vidrio-para-fomentar-el-reciclaje-durante-las-fiestas-de-moros-y-cristianos\\\/#webpage\"},\"isPartOf\":{\"@id\":\"https:\\\/\\\/www.lafresca.fm\\\/castalla-se-suma-a-la-reconquista-del-vidrio-para-fomentar-el-reciclaje-durante-las-fiestas-de-moros-y-cristianos\\\/#webpage\"},\"articleSection\":\"Interior de Alicante\"},{\"@type\":\"BreadcrumbList\",\"@id\":\"https:\\\/\\\/www.lafresca.fm\\\/castalla-se-suma-a-la-reconquista-del-vidrio-para-fomentar-el-reciclaje-durante-las-fiestas-de-moros-y-cristianos\\\/#breadcrumblist\",\"itemListElement\":[{\"@type\":\"ListItem\",\"@id\":\"https:\\\/\\\/www.lafresca.fm#listItem\",\"position\":1,\"name\":\"Inicio\",\"item\":\"https:\\\/\\\/www.lafresca.fm\",\"nextItem\":{\"@type\":\"ListItem\",\"@id\":\"https:\\\/\\\/www.lafresca.fm\\\/category\\\/alicante\\\/#listItem\",\"name\":\"Interior de Alicante\"}},{\"@type\":\"ListItem\",\"@id\":\"https:\\\/\\\/www.lafresca.fm\\\/category\\\/alicante\\\/#listItem\",\"position\":2,\"name\":\"Interior de Alicante\",\"item\":\"https:\\\/\\\/www.lafresca.fm\\\/category\\\/alicante\\\/\",\"nextItem\":{\"@type\":\"ListItem\",\"@id\":\"https:\\\/\\\/www.lafresca.fm\\\/castalla-se-suma-a-la-reconquista-del-vidrio-para-fomentar-el-reciclaje-durante-las-fiestas-de-moros-y-cristianos\\\/#listItem\",\"name\":\"Castalla se suma a \\u2018La Reconquista del Vidrio\\u2019 para fomentar el reciclaje durante las fiestas de Moros y Cristianos\"},\"previousItem\":{\"@type\":\"ListItem\",\"@id\":\"https:\\\/\\\/www.lafresca.fm#listItem\",\"name\":\"Inicio\"}},{\"@type\":\"ListItem\",\"@id\":\"https:\\\/\\\/www.lafresca.fm\\\/castalla-se-suma-a-la-reconquista-del-vidrio-para-fomentar-el-reciclaje-durante-las-fiestas-de-moros-y-cristianos\\\/#listItem\",\"position\":3,\"name\":\"Castalla se suma a \\u2018La Reconquista del Vidrio\\u2019 para fomentar el reciclaje durante las fiestas de Moros y Cristianos\",\"previousItem\":{\"@type\":\"ListItem\",\"@id\":\"https:\\\/\\\/www.lafresca.fm\\\/category\\\/alicante\\\/#listItem\",\"name\":\"Interior de Alicante\"}}]},{\"@type\":\"Organization\",\"@id\":\"https:\\\/\\\/www.lafresca.fm\\\/#organization\",\"name\":\"laFRESCA\",\"description\":\"\\u00a1Estamos de moda!\",\"url\":\"https:\\\/\\\/www.lafresca.fm\\\/\",\"logo\":{\"@type\":\"ImageObject\",\"url\":\"https:\\\/\\\/www.lafresca.fm\\\/wp-content\\\/uploads\\\/2020\\\/06\\\/logo-opaque.png\",\"@id\":\"https:\\\/\\\/www.lafresca.fm\\\/castalla-se-suma-a-la-reconquista-del-vidrio-para-fomentar-el-reciclaje-durante-las-fiestas-de-moros-y-cristianos\\\/#organizationLogo\",\"width\":766,\"height\":156},\"image\":{\"@id\":\"https:\\\/\\\/www.lafresca.fm\\\/castalla-se-suma-a-la-reconquista-del-vidrio-para-fomentar-el-reciclaje-durante-las-fiestas-de-moros-y-cristianos\\\/#organizationLogo\"},\"sameAs\":[\"https:\\\/\\\/instagram.com\\\/lafrescafm\"]},{\"@type\":\"Person\",\"@id\":\"https:\\\/\\\/www.lafresca.fm\\\/author\\\/adri\\\/#author\",\"url\":\"https:\\\/\\\/www.lafresca.fm\\\/author\\\/adri\\\/\",\"name\":\"Redacci\\u00f3n\",\"image\":{\"@type\":\"ImageObject\",\"@id\":\"https:\\\/\\\/www.lafresca.fm\\\/castalla-se-suma-a-la-reconquista-del-vidrio-para-fomentar-el-reciclaje-durante-las-fiestas-de-moros-y-cristianos\\\/#authorImage\",\"url\":\"https:\\\/\\\/secure.gravatar.com\\\/avatar\\\/bbe35c7902c79b0cbe5a3eebbf91e29b5b70c6c0fcbe3d629eff0f3635a1cf2c?s=96&d=mm&r=g\",\"width\":96,\"height\":96,\"caption\":\"Redacci\\u00f3n\"}},{\"@type\":\"WebPage\",\"@id\":\"https:\\\/\\\/www.lafresca.fm\\\/castalla-se-suma-a-la-reconquista-del-vidrio-para-fomentar-el-reciclaje-durante-las-fiestas-de-moros-y-cristianos\\\/#webpage\",\"url\":\"https:\\\/\\\/www.lafresca.fm\\\/castalla-se-suma-a-la-reconquista-del-vidrio-para-fomentar-el-reciclaje-durante-las-fiestas-de-moros-y-cristianos\\\/\",\"name\":\"Castalla se suma a \\u2018La Reconquista del Vidrio\\u2019 para fomentar el reciclaje durante las fiestas de Moros y Cristianos - laFRESCA\",\"description\":\"El Ayuntamiento y Ecovidrio impulsan esta campa\\u00f1a de sensibilizaci\\u00f3n, que contar\\u00e1 con acciones espec\\u00edficas los d\\u00edas 2 y 3 de septiembre y la participaci\\u00f3n de las compars- El Ayuntamiento de Castalla y Ecovidrio, en colaboraci\\u00f3n con la Generalitat Valenciana, ponen en marcha una nueva edici\\u00f3n de \\u2018La Reconquista del Vidrio\\u2019, una iniciativa que tiene como\",\"inLanguage\":\"es-ES\",\"isPartOf\":{\"@id\":\"https:\\\/\\\/www.lafresca.fm\\\/#website\"},\"breadcrumb\":{\"@id\":\"https:\\\/\\\/www.lafresca.fm\\\/castalla-se-suma-a-la-reconquista-del-vidrio-para-fomentar-el-reciclaje-durante-las-fiestas-de-moros-y-cristianos\\\/#breadcrumblist\"},\"author\":{\"@id\":\"https:\\\/\\\/www.lafresca.fm\\\/author\\\/adri\\\/#author\"},\"creator\":{\"@id\":\"https:\\\/\\\/www.lafresca.fm\\\/author\\\/adri\\\/#author\"},\"image\":{\"@type\":\"ImageObject\",\"url\":\"https:\\\/\\\/www.lafresca.fm\\\/wp-content\\\/uploads\\\/2026\\\/08\\\/Captura.png\",\"@id\":\"https:\\\/\\\/www.lafresca.fm\\\/castalla-se-suma-a-la-reconquista-del-vidrio-para-fomentar-el-reciclaje-durante-las-fiestas-de-moros-y-cristianos\\\/#mainImage\",\"width\":923,\"height\":735},\"primaryImageOfPage\":{\"@id\":\"https:\\\/\\\/www.lafresca.fm\\\/castalla-se-suma-a-la-reconquista-del-vidrio-para-fomentar-el-reciclaje-durante-las-fiestas-de-moros-y-cristianos\\\/#mainImage\"},\"datePublished\":\"2026-08-31T11:23:28+02:00\",\"dateModified\":\"2026-08-31T11:23:28+02:00\"},{\"@type\":\"WebSite\",\"@id\":\"https:\\\/\\\/www.lafresca.fm\\\/#website\",\"url\":\"https:\\\/\\\/www.lafresca.fm\\\/\",\"name\":\"laFRESCA\",\"description\":\"\\u00a1Estamos de moda!\",\"inLanguage\":\"es-ES\",\"publisher\":{\"@id\":\"https:\\\/\\\/www.lafresca.fm\\\/#organization\"}}]}\n\t\t<\/script>\n\t\t\n\n","aioseo_head_json":{"title":"Castalla se suma a \u2018La Reconquista del Vidrio\u2019 para fomentar el reciclaje durante las fiestas de Moros y Cristianos - laFRESCA","description":"El Ayuntamiento y Ecovidrio impulsan esta campa\u00f1a de sensibilizaci\u00f3n, que contar\u00e1 con acciones espec\u00edficas los d\u00edas 2 y 3 de septiembre y la participaci\u00f3n de las compars- El Ayuntamiento de Castalla y Ecovidrio, en colaboraci\u00f3n con la Generalitat Valenciana, ponen en marcha una nueva edici\u00f3n de \u2018La Reconquista del Vidrio\u2019, una iniciativa que tiene como","canonical_url":"https:\/\/www.lafresca.fm\/castalla-se-suma-a-la-reconquista-del-vidrio-para-fomentar-el-reciclaje-durante-las-fiestas-de-moros-y-cristianos\/","robots":"max-image-preview:large","keywords":"","webmasterTools":{"miscellaneous":""},"schema":{"@context":"https:\/\/schema.org","@graph":[{"@type":"BlogPosting","@id":"https:\/\/www.lafresca.fm\/castalla-se-suma-a-la-reconquista-del-vidrio-para-fomentar-el-reciclaje-durante-las-fiestas-de-moros-y-cristianos\/#blogposting","name":"Castalla se suma a \u2018La Reconquista del Vidrio\u2019 para fomentar el reciclaje durante las fiestas de Moros y Cristianos - laFRESCA","headline":"Castalla se suma a \u2018La Reconquista del Vidrio\u2019 para fomentar el reciclaje durante las fiestas de Moros y Cristianos","author":{"@id":"https:\/\/www.lafresca.fm\/author\/adri\/#author"},"publisher":{"@id":"https:\/\/www.lafresca.fm\/#organization"},"image":{"@type":"ImageObject","url":"https:\/\/www.lafresca.fm\/f-solosog\/2026\/08\/Captura.png","width":923,"height":735},"datePublished":"2026-08-31T11:23:28+02:00","dateModified":"2026-08-31T11:23:28+02:00","inLanguage":"es-ES","mainEntityOfPage":{"@id":"https:\/\/www.lafresca.fm\/castalla-se-suma-a-la-reconquista-del-vidrio-para-fomentar-el-reciclaje-durante-las-fiestas-de-moros-y-cristianos\/#webpage"},"isPartOf":{"@id":"https:\/\/www.lafresca.fm\/castalla-se-suma-a-la-reconquista-del-vidrio-para-fomentar-el-reciclaje-durante-las-fiestas-de-moros-y-cristianos\/#webpage"},"articleSection":"Interior de Alicante"},{"@type":"BreadcrumbList","@id":"https:\/\/www.lafresca.fm\/castalla-se-suma-a-la-reconquista-del-vidrio-para-fomentar-el-reciclaje-durante-las-fiestas-de-moros-y-cristianos\/#breadcrumblist","itemListElement":[{"@type":"ListItem","@id":"https:\/\/www.lafresca.fm#listItem","position":1,"name":"Inicio","item":"https:\/\/www.lafresca.fm","nextItem":{"@type":"ListItem","@id":"https:\/\/www.lafresca.fm\/category\/alicante\/#listItem","name":"Interior de Alicante"}},{"@type":"ListItem","@id":"https:\/\/www.lafresca.fm\/category\/alicante\/#listItem","position":2,"name":"Interior de Alicante","item":"https:\/\/www.lafresca.fm\/category\/alicante\/","nextItem":{"@type":"ListItem","@id":"https:\/\/www.lafresca.fm\/castalla-se-suma-a-la-reconquista-del-vidrio-para-fomentar-el-reciclaje-durante-las-fiestas-de-moros-y-cristianos\/#listItem","name":"Castalla se suma a \u2018La Reconquista del Vidrio\u2019 para fomentar el reciclaje durante las fiestas de Moros y Cristianos"},"previousItem":{"@type":"ListItem","@id":"https:\/\/www.lafresca.fm#listItem","name":"Inicio"}},{"@type":"ListItem","@id":"https:\/\/www.lafresca.fm\/castalla-se-suma-a-la-reconquista-del-vidrio-para-fomentar-el-reciclaje-durante-las-fiestas-de-moros-y-cristianos\/#listItem","position":3,"name":"Castalla se suma a \u2018La Reconquista del Vidrio\u2019 para fomentar el reciclaje durante las fiestas de Moros y Cristianos","previousItem":{"@type":"ListItem","@id":"https:\/\/www.lafresca.fm\/category\/alicante\/#listItem","name":"Interior de Alicante"}}]},{"@type":"Organization","@id":"https:\/\/www.lafresca.fm\/#organization","name":"laFRESCA","description":"\u00a1Estamos de moda!","url":"https:\/\/www.lafresca.fm\/","logo":{"@type":"ImageObject","url":"https:\/\/www.lafresca.fm\/f-solosog\/2020\/06\/logo-opaque.png","@id":"https:\/\/www.lafresca.fm\/castalla-se-suma-a-la-reconquista-del-vidrio-para-fomentar-el-reciclaje-durante-las-fiestas-de-moros-y-cristianos\/#organizationLogo","width":766,"height":156},"image":{"@id":"https:\/\/www.lafresca.fm\/castalla-se-suma-a-la-reconquista-del-vidrio-para-fomentar-el-reciclaje-durante-las-fiestas-de-moros-y-cristianos\/#organizationLogo"},"sameAs":["https:\/\/instagram.com\/lafrescafm"]},{"@type":"Person","@id":"https:\/\/www.lafresca.fm\/author\/adri\/#author","url":"https:\/\/www.lafresca.fm\/author\/adri\/","name":"Redacci\u00f3n","image":{"@type":"ImageObject","@id":"https:\/\/www.lafresca.fm\/castalla-se-suma-a-la-reconquista-del-vidrio-para-fomentar-el-reciclaje-durante-las-fiestas-de-moros-y-cristianos\/#authorImage","url":"https:\/\/secure.gravatar.com\/avatar\/bbe35c7902c79b0cbe5a3eebbf91e29b5b70c6c0fcbe3d629eff0f3635a1cf2c?s=96&d=mm&r=g","width":96,"height":96,"caption":"Redacci\u00f3n"}},{"@type":"WebPage","@id":"https:\/\/www.lafresca.fm\/castalla-se-suma-a-la-reconquista-del-vidrio-para-fomentar-el-reciclaje-durante-las-fiestas-de-moros-y-cristianos\/#webpage","url":"https:\/\/www.lafresca.fm\/castalla-se-suma-a-la-reconquista-del-vidrio-para-fomentar-el-reciclaje-durante-las-fiestas-de-moros-y-cristianos\/","name":"Castalla se suma a \u2018La Reconquista del Vidrio\u2019 para fomentar el reciclaje durante las fiestas de Moros y Cristianos - laFRESCA","description":"El Ayuntamiento y Ecovidrio impulsan esta campa\u00f1a de sensibilizaci\u00f3n, que contar\u00e1 con acciones espec\u00edficas los d\u00edas 2 y 3 de septiembre y la participaci\u00f3n de las compars- El Ayuntamiento de Castalla y Ecovidrio, en colaboraci\u00f3n con la Generalitat Valenciana, ponen en marcha una nueva edici\u00f3n de \u2018La Reconquista del Vidrio\u2019, una iniciativa que tiene como","inLanguage":"es-ES","isPartOf":{"@id":"https:\/\/www.lafresca.fm\/#website"},"breadcrumb":{"@id":"https:\/\/www.lafresca.fm\/castalla-se-suma-a-la-reconquista-del-vidrio-para-fomentar-el-reciclaje-durante-las-fiestas-de-moros-y-cristianos\/#breadcrumblist"},"author":{"@id":"https:\/\/www.lafresca.fm\/author\/adri\/#author"},"creator":{"@id":"https:\/\/www.lafresca.fm\/author\/adri\/#author"},"image":{"@type":"ImageObject","url":"https:\/\/www.lafresca.fm\/f-solosog\/2026\/08\/Captura.png","@id":"https:\/\/www.lafresca.fm\/castalla-se-suma-a-la-reconquista-del-vidrio-para-fomentar-el-reciclaje-durante-las-fiestas-de-moros-y-cristianos\/#mainImage","width":923,"height":735},"primaryImageOfPage":{"@id":"https:\/\/www.lafresca.fm\/castalla-se-suma-a-la-reconquista-del-vidrio-para-fomentar-el-reciclaje-durante-las-fiestas-de-moros-y-cristianos\/#mainImage"},"datePublished":"2026-08-31T11:23:28+02:00","dateModified":"2026-08-31T11:23:28+02:00"},{"@type":"WebSite","@id":"https:\/\/www.lafresca.fm\/#website","url":"https:\/\/www.lafresca.fm\/","name":"laFRESCA","description":"\u00a1Estamos de moda!","inLanguage":"es-ES","publisher":{"@id":"https:\/\/www.lafresca.fm\/#organization"}}]},"og:locale":"es_ES","og:site_name":"laFRESCA - \u00a1Estamos de moda!","og:type":"article","og:title":"Castalla se suma a \u2018La Reconquista del Vidrio\u2019 para fomentar el reciclaje durante las fiestas de Moros y Cristianos - laFRESCA","og:description":"El Ayuntamiento y Ecovidrio impulsan esta campa\u00f1a de sensibilizaci\u00f3n, que contar\u00e1 con acciones espec\u00edficas los d\u00edas 2 y 3 de septiembre y la participaci\u00f3n de las compars- El Ayuntamiento de Castalla y Ecovidrio, en colaboraci\u00f3n con la Generalitat Valenciana, ponen en marcha una nueva edici\u00f3n de \u2018La Reconquista del Vidrio\u2019, una iniciativa que tiene como","og:url":"https:\/\/www.lafresca.fm\/castalla-se-suma-a-la-reconquista-del-vidrio-para-fomentar-el-reciclaje-durante-las-fiestas-de-moros-y-cristianos\/","og:image":"https:\/\/www.lafresca.fm\/f-solosog\/2026\/08\/Captura.png","og:image:secure_url":"https:\/\/www.lafresca.fm\/f-solosog\/2026\/08\/Captura.png","og:image:width":923,"og:image:height":735,"article:published_time":"2026-08-31T09:23:28+00:00","article:modified_time":"2026-08-31T09:23:28+00:00","article:publisher":"https:\/\/facebook.com\/lafresca.es","twitter:card":"summary_large_image","twitter:site":"@frescafm","twitter:title":"Castalla se suma a \u2018La Reconquista del Vidrio\u2019 para fomentar el reciclaje durante las fiestas de Moros y Cristianos - laFRESCA","twitter:description":"El Ayuntamiento y Ecovidrio impulsan esta campa\u00f1a de sensibilizaci\u00f3n, que contar\u00e1 con acciones espec\u00edficas los d\u00edas 2 y 3 de septiembre y la participaci\u00f3n de las compars- El Ayuntamiento de Castalla y Ecovidrio, en colaboraci\u00f3n con la Generalitat Valenciana, ponen en marcha una nueva edici\u00f3n de \u2018La Reconquista del Vidrio\u2019, una iniciativa que tiene como","twitter:image":"https:\/\/www.lafresca.fm\/f-solosog\/2026\/08\/Captura.png"},"aioseo_meta_data":{"post_id":"19271","title":null,"description":null,"keywords":null,"keyphrases":{"focus":{"keyphrase":"","score":0,"analysis":{"keyphraseInTitle":{"score":0,"maxScore":9,"error":1}}},"additional":[]},"primary_term":null,"canonical_url":null,"og_title":null,"og_description":null,"og_object_type":"default","og_image_type":"default","og_image_url":null,"og_image_width":null,"og_image_height":null,"og_image_custom_url":null,"og_image_custom_fields":null,"og_video":"","og_custom_url":null,"og_article_section":null,"og_article_tags":null,"twitter_use_og":false,"twitter_card":"default","twitter_image_type":"default","twitter_image_url":null,"twitter_image_custom_url":null,"twitter_image_custom_fields":null,"twitter_title":null,"twitter_description":null,"schema":{"blockGraphs":[],"customGraphs":[],"default":{"data":{"Article":[],"Course":[],"Dataset":[],"FAQPage":[],"Movie":[],"Person":[],"Product":[],"ProductReview":[],"Car":[],"Recipe":[],"Service":[],"SoftwareApplication":[],"WebPage":[]},"graphName":"BlogPosting","isEnabled":true},"graphs":[]},"schema_type":"default","schema_type_options":null,"pillar_content":false,"robots_default":true,"robots_noindex":false,"robots_noarchive":false,"robots_nosnippet":false,"robots_nofollow":false,"robots_noimageindex":false,"robots_noodp":false,"robots_notranslate":false,"robots_max_snippet":"-1","robots_max_videopreview":"-1","robots_max_imagepreview":"large","priority":null,"frequency":"default","local_seo":null,"breadcrumb_settings":null,"limit_modified_date":false,"ai":{"faqs":[],"keyPoints":[],"schemas":[],"titles":[],"descriptions":[],"socialPosts":{"email":{"subject":"","preview":"","content":""},"linkedin":[],"twitter":[],"facebook":[],"instagram":[]}},"created":"2026-08-31 09:23:28","updated":"2026-08-31 10:00:05","seo_analyzer_scan_date":null,"focus_keyword":null,"additional_keywords":null,"truseo_locale":null},"aioseo_breadcrumb":"<div class=\"aioseo-breadcrumbs\"><span class=\"aioseo-breadcrumb\">\n\t\t\t<a href=\"https:\/\/www.lafresca.fm\" title=\"Inicio\">Inicio<\/a>\n\t\t<\/span><span class=\"aioseo-breadcrumb-separator\">&raquo;<\/span><span class=\"aioseo-breadcrumb\">\n\t\t\t<a href=\"https:\/\/www.lafresca.fm\/category\/alicante\/\" title=\"Interior de Alicante\">Interior de Alicante<\/a>\n\t\t<\/span><span class=\"aioseo-breadcrumb-separator\">&raquo;<\/span><span class=\"aioseo-breadcrumb\">\n\t\t\tCastalla se suma a \u2018La Reconquista del Vidrio\u2019 para fomentar el reciclaje durante las fiestas de Moros y Cristianos\n\t\t<\/span><\/div>","aioseo_breadcrumb_json":[{"label":"Inicio","link":"https:\/\/www.lafresca.fm"},{"label":"Interior de Alicante","link":"https:\/\/www.lafresca.fm\/category\/alicante\/"},{"label":"Castalla se suma a \u2018La Reconquista del Vidrio\u2019 para fomentar el reciclaje durante las fiestas de Moros y Cristianos","link":"https:\/\/www.lafresca.fm\/castalla-se-suma-a-la-reconquista-del-vidrio-para-fomentar-el-reciclaje-durante-las-fiestas-de-moros-y-cristianos\/"}],"_links":{"self":[{"href":"https:\/\/www.lafresca.fm\/fresca-api-json\/wp\/v2\/posts\/19271","targetHints":{"allow":["GET"]}}],"collection":[{"href":"https:\/\/www.lafresca.fm\/fresca-api-json\/wp\/v2\/posts"}],"about":[{"href":"https:\/\/www.lafresca.fm\/fresca-api-json\/wp\/v2\/types\/post"}],"author":[{"embeddable":true,"href":"https:\/\/www.lafresca.fm\/fresca-api-json\/wp\/v2\/users\/2"}],"replies":[{"embeddable":true,"href":"https:\/\/www.lafresca.fm\/fresca-api-json\/wp\/v2\/comments?post=19271"}],"version-history":[{"count":1,"href":"https:\/\/www.lafresca.fm\/fresca-api-json\/wp\/v2\/posts\/19271\/revisions"}],"predecessor-version":[{"id":19273,"href":"https:\/\/www.lafresca.fm\/fresca-api-json\/wp\/v2\/posts\/19271\/revisions\/19273"}],"wp:featuredmedia":[{"embeddable":true,"href":"https:\/\/www.lafresca.fm\/fresca-api-json\/wp\/v2\/media\/19272"}],"wp:attachment":[{"href":"https:\/\/www.lafresca.fm\/fresca-api-json\/wp\/v2\/media?parent=19271"}],"wp:term":[{"taxonomy":"category","embeddable":true,"href":"https:\/\/www.lafresca.fm\/fresca-api-json\/wp\/v2\/categories?post=19271"},{"taxonomy":"post_tag","embeddable":true,"href":"https:\/\/www.lafresca.fm\/fresca-api-json\/wp\/v2\/tags?post=19271"}],"curies":[{"name":"wp","href":"https:\/\/api.w.org\/{rel}","templated":true}]}}