{"id":19274,"date":"2026-08-31T17:55:04","date_gmt":"2026-08-31T15:55:04","guid":{"rendered":"https:\/\/www.lafresca.fm\/?p=19274"},"modified":"2026-08-31T17:55:43","modified_gmt":"2026-08-31T15:55:43","slug":"programacion-de-las-fiestas-de-moros-y-cristianos-de-castalla-2026-todos-los-actos-y-horarios","status":"publish","type":"post","link":"https:\/\/www.lafresca.fm\/programacion-de-las-fiestas-de-moros-y-cristianos-de-castalla-2026-todos-los-actos-y-horarios\/","title":{"rendered":"Programaci\u00f3n de las Fiestas de Moros y Cristianos de Castalla 2026: todos los actos y horarios"},"content":{"rendered":"<p>Castalla ya est\u00e1 preparada para vivir una nueva edici\u00f3n de sus tradicionales <strong>Fiestas de Moros y Cristianos en honor a la Virgen de la Soledad<\/strong>, que se desarrollar\u00e1n desde este lunes <strong>31 de agosto y hasta el 5 de septiembre de 2026<\/strong> con un completo programa que combina tradici\u00f3n, m\u00fasica, p\u00f3lvora, devoci\u00f3n y participaci\u00f3n popular.<\/p>\n<p><img fetchpriority=\"high\" decoding=\"async\" class=\"alignnone size-medium wp-image-19275\" src=\"https:\/\/www.lafresca.fm\/f-solosog\/2026\/08\/WhatsApp-Image-2026-08-31-at-17.48.09-558x770.jpeg\" alt=\"\" width=\"558\" height=\"770\" srcset=\"https:\/\/www.lafresca.fm\/f-solosog\/2026\/08\/WhatsApp-Image-2026-08-31-at-17.48.09-558x770.jpeg 558w, https:\/\/www.lafresca.fm\/f-solosog\/2026\/08\/WhatsApp-Image-2026-08-31-at-17.48.09-848x1170.jpeg 848w, https:\/\/www.lafresca.fm\/f-solosog\/2026\/08\/WhatsApp-Image-2026-08-31-at-17.48.09-768x1060.jpeg 768w, https:\/\/www.lafresca.fm\/f-solosog\/2026\/08\/WhatsApp-Image-2026-08-31-at-17.48.09.jpeg 1079w\" sizes=\"(max-width: 558px) 100vw, 558px\" \/><\/p>\n<p>M\u00e1s de <strong>2.000 festeros<\/strong>, agrupados en siete comparsas, volver\u00e1n a llenar las calles de Castalla durante cinco intensas jornadas. El bando cristiano estar\u00e1 representado por <strong>Mariners, Maseros, Piratas y Cristians<\/strong>, mientras que el bando moro contar\u00e1 con las comparsas <strong>Moros Grocs, Moros Vells y Moros Mud\u00e9jares<\/strong>.<\/p>\n<p>La p\u00f3lvora, la m\u00fasica festera y los grandes desfiles ser\u00e1n algunos de los principales protagonistas de unas fiestas que tienen en la devoci\u00f3n a la <strong>Virgen de la Soledad<\/strong> uno de sus elementos fundamentales.<\/p>\n<p><img decoding=\"async\" class=\"\" src=\"https:\/\/images.openai.com\/static-rsc-4\/lM247X3jlTeUu9KYtL9IQkppfUahOW-DebrqGyRGTVQ0FJ3CZTMYaouLIe0VIbhHjYUi2pkZOHvtSR7p1tHg-ShvEWaxnBozPx6aiswv2kmCbUg_402wS5e9MtXu0bKt-l7jVUt-G0jbR54S-Q0adLxNJNLSlVDXx9xQl7aFZ2VYVLrZb8gZv9tExPIKH992?purpose=fullsize\" alt=\"Image\" width=\"790\" height=\"592\" \/><\/p>\n<h2>Lunes 31 de agosto: la m\u00fasica anuncia el comienzo de la fiesta<\/h2>\n<p>El programa arrancar\u00e1 este <strong>lunes 31 de agosto<\/strong>, a las <strong>21.00 horas<\/strong>, con la <strong>Entrada de las Bandas Oficiales de M\u00fasica<\/strong> que participar\u00e1n en las fiestas. Tras la cena de comparsas, las formaciones protagonizar\u00e1n un desfile por las calles de la ciudad.<\/p>\n<p>La primera gran noche festera continuar\u00e1 a la <strong>01.00 horas<\/strong> con la actuaci\u00f3n de la <strong>Orquesta Montecarlo<\/strong> en el parque municipal.<\/p>\n<p><img decoding=\"async\" class=\"\" src=\"https:\/\/images.openai.com\/static-rsc-4\/jf1CEyoSKPODvVOAroO3TvT6SaReifUMNfm1UOuituBZk1-r-9o5MrRfrGpk9wlHDE2UdPk0G6F2h7xiE_vYRsuYW8uS_qRPbu3XP7qPjFaz3M6XuApQ8gKnMmSdFMgCOwVuhNKQyDoayTlM9-HFHriwe74BBObRaaMmkyHnraMo-uq9rpo_sTaC5uxSN72Y?purpose=fullsize\" alt=\"Image\" width=\"799\" height=\"1065\" \/><\/p>\n<h2>Martes 1 de septiembre: el gran d\u00eda de la Entrada<\/h2>\n<p>El martes comenzar\u00e1 a las <strong>12.00 horas<\/strong> con el <strong>Rezo del \u00c1ngelus<\/strong>, el saludo del alcalde del Ayuntamiento de Castalla y una <strong>masclet\u00e0<\/strong>. A continuaci\u00f3n tendr\u00e1 lugar <strong>L\u2019Arranc de las Bandas de M\u00fasica Oficiales<\/strong>, que participar\u00e1n en el Concurso de Interpretaci\u00f3n.<\/p>\n<p>A las <strong>17.00 horas<\/strong> llegar\u00e1 uno de los momentos m\u00e1s esperados: la <strong>Entrada de Moros y Cristianos<\/strong>, que recorrer\u00e1 el itinerario tradicional y permitir\u00e1 contemplar el colorido, la m\u00fasica y la espectacularidad de las siete comparsas.<\/p>\n<p>La jornada tendr\u00e1 adem\u00e1s un marcado car\u00e1cter religioso. A las <strong>22.00 horas<\/strong> se celebrar\u00e1 la <strong>Procesi\u00f3n de la Baixada de la Virgen<\/strong>, que partir\u00e1 desde la Ermita hasta la Iglesia Parroquial. La imagen ser\u00e1 acompa\u00f1ada por las comparsas, que realizar\u00e1n salvas de arcabucer\u00eda durante este ancestral acto, considerado el embri\u00f3n de las actuales fiestas de Moros y Cristianos.<\/p>\n<p>La noche finalizar\u00e1 con una <strong>discom\u00f3vil<\/strong>, a partir de las <strong>23.30 horas<\/strong>, en el parque municipal.<\/p>\n<p><img loading=\"lazy\" decoding=\"async\" class=\"\" src=\"https:\/\/images.openai.com\/static-rsc-4\/Beg_g4gIwHzvebyINyZ7XXqYJWicM18mKevuBzENbZad8dqzsnENR4qS0fNX83-LlfmSU1xvI_XBnA_RFJ_KpQ1T3zA2pNqER8aX_NywHKwKyleS8SFoYBCaf_C-6PQ5Gok0MRHiPZFxzECOMYdHNHr4DC96Nup1Z7whUXvGMVoauLhmji7nqAhDBerMsk-H?purpose=fullsize\" alt=\"Image\" width=\"786\" height=\"629\" \/><\/p>\n<h2>Mi\u00e9rcoles 2 de septiembre: p\u00f3lvora, guerrilla y la Embajada del Moro<\/h2>\n<p>La jornada del mi\u00e9rcoles comenzar\u00e1 a las <strong>08.00 horas<\/strong> con el volteo general de campanas y la <strong>Diana<\/strong>. A las 09.00 horas se celebrar\u00e1 la <strong>Missa de Comparses<\/strong>, con el Bando Cristiano en la Iglesia Parroquial y el Bando Moro en el Convento.<\/p>\n<p>A las <strong>11.00 horas<\/strong> tendr\u00e1 lugar la solemne <strong>Misa Mayor<\/strong>, seguida, a las <strong>12.00 horas<\/strong>, por el <strong>Desfile con Alardo de Arcabucer\u00eda<\/strong>. Los dos bandos partir\u00e1n desde sus respectivos puntos de inicio para confluir en la Pla\u00e7a Major, donde, una vez finalizado el acto, se celebrar\u00e1 la tradicional <strong>Ballada de Banderes<\/strong>.<\/p>\n<p>Por la tarde, a las <strong>17.00 horas<\/strong>, llegar\u00e1 la <strong>Guerrilla<\/strong>, el tradicional simulacro de combate entre Moros y Cristianos. Los diferentes itinerarios confluir\u00e1n en la Pla\u00e7a Major y, ante la Casa del Fester, se desarrollar\u00e1 <strong>L\u2019Ambaixada del Moro<\/strong>, que culminar\u00e1 con la p\u00e9rdida del castillo por parte del Bando Cristiano.<\/p>\n<p>A las <strong>21.00 horas<\/strong>, todas las comparsas participar\u00e1n en la <strong>Procesi\u00f3n del Passeig<\/strong> de la Virgen de la Soledad.<\/p>\n<p>La jornada concluir\u00e1 nuevamente con una <strong>discom\u00f3vil en el parque municipal<\/strong>, a partir de las 23.30 horas.<\/p>\n<p><img loading=\"lazy\" decoding=\"async\" class=\"alignnone size-medium wp-image-19276\" src=\"https:\/\/www.lafresca.fm\/f-solosog\/2026\/08\/WhatsApp-Image-2026-08-31-at-17.50.19-576x770.jpeg\" alt=\"\" width=\"576\" height=\"770\" srcset=\"https:\/\/www.lafresca.fm\/f-solosog\/2026\/08\/WhatsApp-Image-2026-08-31-at-17.50.19-576x770.jpeg 576w, https:\/\/www.lafresca.fm\/f-solosog\/2026\/08\/WhatsApp-Image-2026-08-31-at-17.50.19-875x1170.jpeg 875w, https:\/\/www.lafresca.fm\/f-solosog\/2026\/08\/WhatsApp-Image-2026-08-31-at-17.50.19-768x1027.jpeg 768w, https:\/\/www.lafresca.fm\/f-solosog\/2026\/08\/WhatsApp-Image-2026-08-31-at-17.50.19.jpeg 1080w\" sizes=\"(max-width: 576px) 100vw, 576px\" \/><\/p>\n<h2>Jueves 3 de septiembre: protagonismo para los m\u00e1s peque\u00f1os y la ofrenda floral<\/h2>\n<p>El jueves comenzar\u00e1 nuevamente con el volteo de campanas y la Diana a las <strong>08.00 horas<\/strong>, seguida de la Missa de Comparses a las 09.00 y la solemne Misa Major a las 11.00 horas.<\/p>\n<p>A las <strong>12.30 horas<\/strong> ser\u00e1 el turno de los m\u00e1s peque\u00f1os con el <strong>Desfile Infantil<\/strong>, que partir\u00e1 desde la Avenida Rep\u00fablica Argentina y finalizar\u00e1 en la Pla\u00e7a Major. Al t\u00e9rmino del desfile se celebrar\u00e1 la <strong>Ballada de les Banderes<\/strong> protagonizada por los capitanes infantiles.<\/p>\n<p>Por la tarde, a las <strong>19.00 horas<\/strong>, tendr\u00e1 lugar la tradicional <strong>Ofrena de Flors<\/strong>. Todas las comparsas desfilar\u00e1n por el recorrido tradicional hasta llegar al templo parroquial, donde se realizar\u00e1 la ofrenda floral a la Virgen de la Soledad.<\/p>\n<p>La jornada festera concluir\u00e1 con la actuaci\u00f3n de la <strong>Orquesta Syberia<\/strong>, a las <strong>00.00 horas<\/strong>, en el parque municipal.<\/p>\n<h2>Viernes 4 de septiembre: la Embajada del Cristiano y la despedida de la Virgen<\/h2>\n<p>El viernes volver\u00e1 a comenzar a las <strong>08.00 horas<\/strong> con la Diana y a las 09.00 horas se celebrar\u00e1 la Missa de Comparses, con el Bando Moro en la Iglesia Parroquial y el Cristiano en el Convento. A las 11.00 horas tendr\u00e1 lugar la Misa Mayor.<\/p>\n<p>A las <strong>12.00 horas<\/strong>, un nuevo <strong>Desfile con Alardo de Arcabucer\u00eda<\/strong> enfrentar\u00e1 simb\u00f3licamente a ambos bandos. Tras la Ballada de Banderes llegar\u00e1 uno de los momentos destacados de la jornada: la <strong>Volta de Capitans<\/strong>, en la que se presentar\u00e1n los capitanes del pr\u00f3ximo a\u00f1o mediante un desfile con alardo de arcabucer\u00eda que concluir\u00e1 con una nueva Ballada de Banderes.<\/p>\n<p>Por la tarde, a las <strong>17.00 horas<\/strong>, la <strong>Guerrilla<\/strong> volver\u00e1 a llevar la p\u00f3lvora a las calles. En la Pla\u00e7a Major tendr\u00e1 lugar <strong>L\u2019Ambaixada del Cristi\u00e0<\/strong>, que culminar\u00e1 con la recuperaci\u00f3n del castillo por parte del Bando Cristiano y la p\u00e9rdida del mismo por el Bando Moro.<\/p>\n<p>La despedida de la patrona llegar\u00e1 a las <strong>21.00 horas<\/strong> con la solemne <strong>Procesi\u00f3n de la Pujada<\/strong>. Autoridades, comparsas y bandas de m\u00fasica partir\u00e1n desde la Iglesia Parroquial para acompa\u00f1ar a la Virgen de la Soledad. Al llegar la comitiva a la Placeta del Carreter se realizar\u00e1 el tradicional <strong>Canto del Adi\u00f3s<\/strong>.<\/p>\n<h2>S\u00e1bado 5 de septiembre: un castillo de fuegos artificiales pondr\u00e1 el broche final<\/h2>\n<p>Las Fiestas de Moros y Cristianos de Castalla 2026 llegar\u00e1n oficialmente a su final el <strong>s\u00e1bado 5 de septiembre<\/strong>, con un <strong>extraordinario castillo de fuegos artificiales a las 21.30 horas<\/strong>.<\/p>\n<p>Ser\u00e1 el colof\u00f3n a cinco jornadas en las que Castalla volver\u00e1 a convertirse en escenario de una de sus celebraciones m\u00e1s arraigadas, reuniendo a miles de vecinos y visitantes en torno a la m\u00fasica festera, los desfiles, la p\u00f3lvora y la devoci\u00f3n por la Virgen de la Soledad.<\/p>\n<p><strong>Cinco d\u00edas de fiesta, tradici\u00f3n y emoci\u00f3n que volver\u00e1n a convertir las calles de Castalla en el gran escenario de los Moros y Cristianos.<\/strong><\/p>\n<p>&nbsp;<\/p>\n<script>function PlayerjsAsync(){} if(window[\"Playerjs\"]){PlayerjsAsync();}<\/script>","protected":false},"excerpt":{"rendered":"<p>Castalla ya est\u00e1 preparada para vivir una nueva edici\u00f3n de sus tradicionales Fiestas de Moros y Cristianos en honor a la Virgen de la Soledad, que se desarrollar\u00e1n desde este lunes 31 de agosto y hasta el 5 de septiembre de 2026 con un completo programa que combina tradici\u00f3n, m\u00fasica, ...<\/p>\n","protected":false},"author":2,"featured_media":19275,"comment_status":"closed","ping_status":"closed","sticky":false,"template":"","format":"standard","meta":{"_monsterinsights_skip_tracking":false,"footnotes":""},"categories":[4],"tags":[144,984],"class_list":["post-19274","post","type-post","status-publish","format-standard","has-post-thumbnail","hentry","category-alicante","tag-castalla","tag-myc-castalla-2026"],"aioseo_notices":[],"aioseo_head":"\n\t\t\n\t<meta name=\"description\" content=\"Castalla ya est\u00e1 preparada para vivir una nueva edici\u00f3n de sus tradicionales Fiestas de Moros y Cristianos en honor a la Virgen de la Soledad, que se desarrollar\u00e1n desde este lunes 31 de agosto y hasta el 5 de septiembre de 2026 con un completo programa que combina tradici\u00f3n, m\u00fasica, p\u00f3lvora, devoci\u00f3n y participaci\u00f3n popular.\" \/>\n\t<meta name=\"robots\" content=\"max-image-preview:large\" \/>\n\t<meta name=\"author\" content=\"Redacci\u00f3n\"\/>\n\t<link rel=\"canonical\" href=\"https:\/\/www.lafresca.fm\/programacion-de-las-fiestas-de-moros-y-cristianos-de-castalla-2026-todos-los-actos-y-horarios\/\" \/>\n\t<meta name=\"generator\" content=\"All in One SEO (AIOSEO) 5.0.0.1\" \/>\n\t\t<meta property=\"og:locale\" content=\"es_ES\" \/>\n\t\t<meta property=\"og:site_name\" content=\"laFRESCA - \u00a1Estamos de moda!\" \/>\n\t\t<meta property=\"og:type\" content=\"article\" \/>\n\t\t<meta property=\"og:title\" content=\"Programaci\u00f3n de las Fiestas de Moros y Cristianos de Castalla 2026: todos los actos y horarios - laFRESCA\" \/>\n\t\t<meta property=\"og:description\" content=\"Castalla ya est\u00e1 preparada para vivir una nueva edici\u00f3n de sus tradicionales Fiestas de Moros y Cristianos en honor a la Virgen de la Soledad, que se desarrollar\u00e1n desde este lunes 31 de agosto y hasta el 5 de septiembre de 2026 con un completo programa que combina tradici\u00f3n, m\u00fasica, p\u00f3lvora, devoci\u00f3n y participaci\u00f3n popular.\" \/>\n\t\t<meta property=\"og:url\" content=\"https:\/\/www.lafresca.fm\/programacion-de-las-fiestas-de-moros-y-cristianos-de-castalla-2026-todos-los-actos-y-horarios\/\" \/>\n\t\t<meta property=\"og:image\" content=\"https:\/\/www.lafresca.fm\/f-solosog\/2026\/08\/WhatsApp-Image-2026-08-31-at-17.48.09.jpeg\" \/>\n\t\t<meta property=\"og:image:secure_url\" content=\"https:\/\/www.lafresca.fm\/f-solosog\/2026\/08\/WhatsApp-Image-2026-08-31-at-17.48.09.jpeg\" \/>\n\t\t<meta property=\"og:image:width\" content=\"1079\" \/>\n\t\t<meta property=\"og:image:height\" content=\"1489\" \/>\n\t\t<meta property=\"article:published_time\" content=\"2026-08-31T15:55:04+00:00\" \/>\n\t\t<meta property=\"article:modified_time\" content=\"2026-08-31T15:55:43+00:00\" \/>\n\t\t<meta property=\"article:publisher\" content=\"https:\/\/facebook.com\/lafresca.es\" \/>\n\t\t<meta name=\"twitter:card\" content=\"summary_large_image\" \/>\n\t\t<meta name=\"twitter:site\" content=\"@frescafm\" \/>\n\t\t<meta name=\"twitter:title\" content=\"Programaci\u00f3n de las Fiestas de Moros y Cristianos de Castalla 2026: todos los actos y horarios - laFRESCA\" \/>\n\t\t<meta name=\"twitter:description\" content=\"Castalla ya est\u00e1 preparada para vivir una nueva edici\u00f3n de sus tradicionales Fiestas de Moros y Cristianos en honor a la Virgen de la Soledad, que se desarrollar\u00e1n desde este lunes 31 de agosto y hasta el 5 de septiembre de 2026 con un completo programa que combina tradici\u00f3n, m\u00fasica, p\u00f3lvora, devoci\u00f3n y participaci\u00f3n popular.\" \/>\n\t\t<meta name=\"twitter:image\" content=\"https:\/\/www.lafresca.fm\/f-solosog\/2026\/08\/WhatsApp-Image-2026-08-31-at-17.48.09.jpeg\" \/>\n\t\t<script type=\"application\/ld+json\" class=\"aioseo-schema\">\n\t\t\t{\"@context\":\"https:\\\/\\\/schema.org\",\"@graph\":[{\"@type\":\"BlogPosting\",\"@id\":\"https:\\\/\\\/www.lafresca.fm\\\/programacion-de-las-fiestas-de-moros-y-cristianos-de-castalla-2026-todos-los-actos-y-horarios\\\/#blogposting\",\"name\":\"Programaci\\u00f3n de las Fiestas de Moros y Cristianos de Castalla 2026: todos los actos y horarios - laFRESCA\",\"headline\":\"Programaci\\u00f3n de las Fiestas de Moros y Cristianos de Castalla 2026: todos los actos y horarios\",\"author\":{\"@id\":\"https:\\\/\\\/www.lafresca.fm\\\/author\\\/adri\\\/#author\"},\"publisher\":{\"@id\":\"https:\\\/\\\/www.lafresca.fm\\\/#organization\"},\"image\":{\"@type\":\"ImageObject\",\"url\":\"https:\\\/\\\/www.lafresca.fm\\\/wp-content\\\/uploads\\\/2026\\\/08\\\/WhatsApp-Image-2026-08-31-at-17.48.09.jpeg\",\"width\":1079,\"height\":1489},\"datePublished\":\"2026-08-31T17:55:04+02:00\",\"dateModified\":\"2026-08-31T17:55:43+02:00\",\"inLanguage\":\"es-ES\",\"mainEntityOfPage\":{\"@id\":\"https:\\\/\\\/www.lafresca.fm\\\/programacion-de-las-fiestas-de-moros-y-cristianos-de-castalla-2026-todos-los-actos-y-horarios\\\/#webpage\"},\"isPartOf\":{\"@id\":\"https:\\\/\\\/www.lafresca.fm\\\/programacion-de-las-fiestas-de-moros-y-cristianos-de-castalla-2026-todos-los-actos-y-horarios\\\/#webpage\"},\"articleSection\":\"Interior de Alicante, Castalla, MyC Castalla 2026\"},{\"@type\":\"BreadcrumbList\",\"@id\":\"https:\\\/\\\/www.lafresca.fm\\\/programacion-de-las-fiestas-de-moros-y-cristianos-de-castalla-2026-todos-los-actos-y-horarios\\\/#breadcrumblist\",\"itemListElement\":[{\"@type\":\"ListItem\",\"@id\":\"https:\\\/\\\/www.lafresca.fm#listItem\",\"position\":1,\"name\":\"Inicio\",\"item\":\"https:\\\/\\\/www.lafresca.fm\",\"nextItem\":{\"@type\":\"ListItem\",\"@id\":\"https:\\\/\\\/www.lafresca.fm\\\/category\\\/alicante\\\/#listItem\",\"name\":\"Interior de Alicante\"}},{\"@type\":\"ListItem\",\"@id\":\"https:\\\/\\\/www.lafresca.fm\\\/category\\\/alicante\\\/#listItem\",\"position\":2,\"name\":\"Interior de Alicante\",\"item\":\"https:\\\/\\\/www.lafresca.fm\\\/category\\\/alicante\\\/\",\"nextItem\":{\"@type\":\"ListItem\",\"@id\":\"https:\\\/\\\/www.lafresca.fm\\\/programacion-de-las-fiestas-de-moros-y-cristianos-de-castalla-2026-todos-los-actos-y-horarios\\\/#listItem\",\"name\":\"Programaci\\u00f3n de las Fiestas de Moros y Cristianos de Castalla 2026: todos los actos y horarios\"},\"previousItem\":{\"@type\":\"ListItem\",\"@id\":\"https:\\\/\\\/www.lafresca.fm#listItem\",\"name\":\"Inicio\"}},{\"@type\":\"ListItem\",\"@id\":\"https:\\\/\\\/www.lafresca.fm\\\/programacion-de-las-fiestas-de-moros-y-cristianos-de-castalla-2026-todos-los-actos-y-horarios\\\/#listItem\",\"position\":3,\"name\":\"Programaci\\u00f3n de las Fiestas de Moros y Cristianos de Castalla 2026: todos los actos y horarios\",\"previousItem\":{\"@type\":\"ListItem\",\"@id\":\"https:\\\/\\\/www.lafresca.fm\\\/category\\\/alicante\\\/#listItem\",\"name\":\"Interior de Alicante\"}}]},{\"@type\":\"Organization\",\"@id\":\"https:\\\/\\\/www.lafresca.fm\\\/#organization\",\"name\":\"laFRESCA\",\"description\":\"\\u00a1Estamos de moda!\",\"url\":\"https:\\\/\\\/www.lafresca.fm\\\/\",\"logo\":{\"@type\":\"ImageObject\",\"url\":\"https:\\\/\\\/www.lafresca.fm\\\/wp-content\\\/uploads\\\/2020\\\/06\\\/logo-opaque.png\",\"@id\":\"https:\\\/\\\/www.lafresca.fm\\\/programacion-de-las-fiestas-de-moros-y-cristianos-de-castalla-2026-todos-los-actos-y-horarios\\\/#organizationLogo\",\"width\":766,\"height\":156},\"image\":{\"@id\":\"https:\\\/\\\/www.lafresca.fm\\\/programacion-de-las-fiestas-de-moros-y-cristianos-de-castalla-2026-todos-los-actos-y-horarios\\\/#organizationLogo\"},\"sameAs\":[\"https:\\\/\\\/instagram.com\\\/lafrescafm\"]},{\"@type\":\"Person\",\"@id\":\"https:\\\/\\\/www.lafresca.fm\\\/author\\\/adri\\\/#author\",\"url\":\"https:\\\/\\\/www.lafresca.fm\\\/author\\\/adri\\\/\",\"name\":\"Redacci\\u00f3n\",\"image\":{\"@type\":\"ImageObject\",\"@id\":\"https:\\\/\\\/www.lafresca.fm\\\/programacion-de-las-fiestas-de-moros-y-cristianos-de-castalla-2026-todos-los-actos-y-horarios\\\/#authorImage\",\"url\":\"https:\\\/\\\/secure.gravatar.com\\\/avatar\\\/bbe35c7902c79b0cbe5a3eebbf91e29b5b70c6c0fcbe3d629eff0f3635a1cf2c?s=96&d=mm&r=g\",\"width\":96,\"height\":96,\"caption\":\"Redacci\\u00f3n\"}},{\"@type\":\"WebPage\",\"@id\":\"https:\\\/\\\/www.lafresca.fm\\\/programacion-de-las-fiestas-de-moros-y-cristianos-de-castalla-2026-todos-los-actos-y-horarios\\\/#webpage\",\"url\":\"https:\\\/\\\/www.lafresca.fm\\\/programacion-de-las-fiestas-de-moros-y-cristianos-de-castalla-2026-todos-los-actos-y-horarios\\\/\",\"name\":\"Programaci\\u00f3n de las Fiestas de Moros y Cristianos de Castalla 2026: todos los actos y horarios - laFRESCA\",\"description\":\"Castalla ya est\\u00e1 preparada para vivir una nueva edici\\u00f3n de sus tradicionales Fiestas de Moros y Cristianos en honor a la Virgen de la Soledad, que se desarrollar\\u00e1n desde este lunes 31 de agosto y hasta el 5 de septiembre de 2026 con un completo programa que combina tradici\\u00f3n, m\\u00fasica, p\\u00f3lvora, devoci\\u00f3n y participaci\\u00f3n popular.\",\"inLanguage\":\"es-ES\",\"isPartOf\":{\"@id\":\"https:\\\/\\\/www.lafresca.fm\\\/#website\"},\"breadcrumb\":{\"@id\":\"https:\\\/\\\/www.lafresca.fm\\\/programacion-de-las-fiestas-de-moros-y-cristianos-de-castalla-2026-todos-los-actos-y-horarios\\\/#breadcrumblist\"},\"author\":{\"@id\":\"https:\\\/\\\/www.lafresca.fm\\\/author\\\/adri\\\/#author\"},\"creator\":{\"@id\":\"https:\\\/\\\/www.lafresca.fm\\\/author\\\/adri\\\/#author\"},\"image\":{\"@type\":\"ImageObject\",\"url\":\"https:\\\/\\\/www.lafresca.fm\\\/wp-content\\\/uploads\\\/2026\\\/08\\\/WhatsApp-Image-2026-08-31-at-17.48.09.jpeg\",\"@id\":\"https:\\\/\\\/www.lafresca.fm\\\/programacion-de-las-fiestas-de-moros-y-cristianos-de-castalla-2026-todos-los-actos-y-horarios\\\/#mainImage\",\"width\":1079,\"height\":1489},\"primaryImageOfPage\":{\"@id\":\"https:\\\/\\\/www.lafresca.fm\\\/programacion-de-las-fiestas-de-moros-y-cristianos-de-castalla-2026-todos-los-actos-y-horarios\\\/#mainImage\"},\"datePublished\":\"2026-08-31T17:55:04+02:00\",\"dateModified\":\"2026-08-31T17:55:43+02:00\"},{\"@type\":\"WebSite\",\"@id\":\"https:\\\/\\\/www.lafresca.fm\\\/#website\",\"url\":\"https:\\\/\\\/www.lafresca.fm\\\/\",\"name\":\"laFRESCA\",\"description\":\"\\u00a1Estamos de moda!\",\"inLanguage\":\"es-ES\",\"publisher\":{\"@id\":\"https:\\\/\\\/www.lafresca.fm\\\/#organization\"}}]}\n\t\t<\/script>\n\t\t\n\n","aioseo_head_json":{"title":"Programaci\u00f3n de las Fiestas de Moros y Cristianos de Castalla 2026: todos los actos y horarios - laFRESCA","description":"Castalla ya est\u00e1 preparada para vivir una nueva edici\u00f3n de sus tradicionales Fiestas de Moros y Cristianos en honor a la Virgen de la Soledad, que se desarrollar\u00e1n desde este lunes 31 de agosto y hasta el 5 de septiembre de 2026 con un completo programa que combina tradici\u00f3n, m\u00fasica, p\u00f3lvora, devoci\u00f3n y participaci\u00f3n popular.","canonical_url":"https:\/\/www.lafresca.fm\/programacion-de-las-fiestas-de-moros-y-cristianos-de-castalla-2026-todos-los-actos-y-horarios\/","robots":"max-image-preview:large","keywords":"","webmasterTools":{"miscellaneous":""},"schema":{"@context":"https:\/\/schema.org","@graph":[{"@type":"BlogPosting","@id":"https:\/\/www.lafresca.fm\/programacion-de-las-fiestas-de-moros-y-cristianos-de-castalla-2026-todos-los-actos-y-horarios\/#blogposting","name":"Programaci\u00f3n de las Fiestas de Moros y Cristianos de Castalla 2026: todos los actos y horarios - laFRESCA","headline":"Programaci\u00f3n de las Fiestas de Moros y Cristianos de Castalla 2026: todos los actos y horarios","author":{"@id":"https:\/\/www.lafresca.fm\/author\/adri\/#author"},"publisher":{"@id":"https:\/\/www.lafresca.fm\/#organization"},"image":{"@type":"ImageObject","url":"https:\/\/www.lafresca.fm\/f-solosog\/2026\/08\/WhatsApp-Image-2026-08-31-at-17.48.09.jpeg","width":1079,"height":1489},"datePublished":"2026-08-31T17:55:04+02:00","dateModified":"2026-08-31T17:55:43+02:00","inLanguage":"es-ES","mainEntityOfPage":{"@id":"https:\/\/www.lafresca.fm\/programacion-de-las-fiestas-de-moros-y-cristianos-de-castalla-2026-todos-los-actos-y-horarios\/#webpage"},"isPartOf":{"@id":"https:\/\/www.lafresca.fm\/programacion-de-las-fiestas-de-moros-y-cristianos-de-castalla-2026-todos-los-actos-y-horarios\/#webpage"},"articleSection":"Interior de Alicante, Castalla, MyC Castalla 2026"},{"@type":"BreadcrumbList","@id":"https:\/\/www.lafresca.fm\/programacion-de-las-fiestas-de-moros-y-cristianos-de-castalla-2026-todos-los-actos-y-horarios\/#breadcrumblist","itemListElement":[{"@type":"ListItem","@id":"https:\/\/www.lafresca.fm#listItem","position":1,"name":"Inicio","item":"https:\/\/www.lafresca.fm","nextItem":{"@type":"ListItem","@id":"https:\/\/www.lafresca.fm\/category\/alicante\/#listItem","name":"Interior de Alicante"}},{"@type":"ListItem","@id":"https:\/\/www.lafresca.fm\/category\/alicante\/#listItem","position":2,"name":"Interior de Alicante","item":"https:\/\/www.lafresca.fm\/category\/alicante\/","nextItem":{"@type":"ListItem","@id":"https:\/\/www.lafresca.fm\/programacion-de-las-fiestas-de-moros-y-cristianos-de-castalla-2026-todos-los-actos-y-horarios\/#listItem","name":"Programaci\u00f3n de las Fiestas de Moros y Cristianos de Castalla 2026: todos los actos y horarios"},"previousItem":{"@type":"ListItem","@id":"https:\/\/www.lafresca.fm#listItem","name":"Inicio"}},{"@type":"ListItem","@id":"https:\/\/www.lafresca.fm\/programacion-de-las-fiestas-de-moros-y-cristianos-de-castalla-2026-todos-los-actos-y-horarios\/#listItem","position":3,"name":"Programaci\u00f3n de las Fiestas de Moros y Cristianos de Castalla 2026: todos los actos y horarios","previousItem":{"@type":"ListItem","@id":"https:\/\/www.lafresca.fm\/category\/alicante\/#listItem","name":"Interior de Alicante"}}]},{"@type":"Organization","@id":"https:\/\/www.lafresca.fm\/#organization","name":"laFRESCA","description":"\u00a1Estamos de moda!","url":"https:\/\/www.lafresca.fm\/","logo":{"@type":"ImageObject","url":"https:\/\/www.lafresca.fm\/f-solosog\/2020\/06\/logo-opaque.png","@id":"https:\/\/www.lafresca.fm\/programacion-de-las-fiestas-de-moros-y-cristianos-de-castalla-2026-todos-los-actos-y-horarios\/#organizationLogo","width":766,"height":156},"image":{"@id":"https:\/\/www.lafresca.fm\/programacion-de-las-fiestas-de-moros-y-cristianos-de-castalla-2026-todos-los-actos-y-horarios\/#organizationLogo"},"sameAs":["https:\/\/instagram.com\/lafrescafm"]},{"@type":"Person","@id":"https:\/\/www.lafresca.fm\/author\/adri\/#author","url":"https:\/\/www.lafresca.fm\/author\/adri\/","name":"Redacci\u00f3n","image":{"@type":"ImageObject","@id":"https:\/\/www.lafresca.fm\/programacion-de-las-fiestas-de-moros-y-cristianos-de-castalla-2026-todos-los-actos-y-horarios\/#authorImage","url":"https:\/\/secure.gravatar.com\/avatar\/bbe35c7902c79b0cbe5a3eebbf91e29b5b70c6c0fcbe3d629eff0f3635a1cf2c?s=96&d=mm&r=g","width":96,"height":96,"caption":"Redacci\u00f3n"}},{"@type":"WebPage","@id":"https:\/\/www.lafresca.fm\/programacion-de-las-fiestas-de-moros-y-cristianos-de-castalla-2026-todos-los-actos-y-horarios\/#webpage","url":"https:\/\/www.lafresca.fm\/programacion-de-las-fiestas-de-moros-y-cristianos-de-castalla-2026-todos-los-actos-y-horarios\/","name":"Programaci\u00f3n de las Fiestas de Moros y Cristianos de Castalla 2026: todos los actos y horarios - laFRESCA","description":"Castalla ya est\u00e1 preparada para vivir una nueva edici\u00f3n de sus tradicionales Fiestas de Moros y Cristianos en honor a la Virgen de la Soledad, que se desarrollar\u00e1n desde este lunes 31 de agosto y hasta el 5 de septiembre de 2026 con un completo programa que combina tradici\u00f3n, m\u00fasica, p\u00f3lvora, devoci\u00f3n y participaci\u00f3n popular.","inLanguage":"es-ES","isPartOf":{"@id":"https:\/\/www.lafresca.fm\/#website"},"breadcrumb":{"@id":"https:\/\/www.lafresca.fm\/programacion-de-las-fiestas-de-moros-y-cristianos-de-castalla-2026-todos-los-actos-y-horarios\/#breadcrumblist"},"author":{"@id":"https:\/\/www.lafresca.fm\/author\/adri\/#author"},"creator":{"@id":"https:\/\/www.lafresca.fm\/author\/adri\/#author"},"image":{"@type":"ImageObject","url":"https:\/\/www.lafresca.fm\/f-solosog\/2026\/08\/WhatsApp-Image-2026-08-31-at-17.48.09.jpeg","@id":"https:\/\/www.lafresca.fm\/programacion-de-las-fiestas-de-moros-y-cristianos-de-castalla-2026-todos-los-actos-y-horarios\/#mainImage","width":1079,"height":1489},"primaryImageOfPage":{"@id":"https:\/\/www.lafresca.fm\/programacion-de-las-fiestas-de-moros-y-cristianos-de-castalla-2026-todos-los-actos-y-horarios\/#mainImage"},"datePublished":"2026-08-31T17:55:04+02:00","dateModified":"2026-08-31T17:55:43+02:00"},{"@type":"WebSite","@id":"https:\/\/www.lafresca.fm\/#website","url":"https:\/\/www.lafresca.fm\/","name":"laFRESCA","description":"\u00a1Estamos de moda!","inLanguage":"es-ES","publisher":{"@id":"https:\/\/www.lafresca.fm\/#organization"}}]},"og:locale":"es_ES","og:site_name":"laFRESCA - \u00a1Estamos de moda!","og:type":"article","og:title":"Programaci\u00f3n de las Fiestas de Moros y Cristianos de Castalla 2026: todos los actos y horarios - laFRESCA","og:description":"Castalla ya est\u00e1 preparada para vivir una nueva edici\u00f3n de sus tradicionales Fiestas de Moros y Cristianos en honor a la Virgen de la Soledad, que se desarrollar\u00e1n desde este lunes 31 de agosto y hasta el 5 de septiembre de 2026 con un completo programa que combina tradici\u00f3n, m\u00fasica, p\u00f3lvora, devoci\u00f3n y participaci\u00f3n popular.","og:url":"https:\/\/www.lafresca.fm\/programacion-de-las-fiestas-de-moros-y-cristianos-de-castalla-2026-todos-los-actos-y-horarios\/","og:image":"https:\/\/www.lafresca.fm\/f-solosog\/2026\/08\/WhatsApp-Image-2026-08-31-at-17.48.09.jpeg","og:image:secure_url":"https:\/\/www.lafresca.fm\/f-solosog\/2026\/08\/WhatsApp-Image-2026-08-31-at-17.48.09.jpeg","og:image:width":1079,"og:image:height":1489,"article:published_time":"2026-08-31T15:55:04+00:00","article:modified_time":"2026-08-31T15:55:43+00:00","article:publisher":"https:\/\/facebook.com\/lafresca.es","twitter:card":"summary_large_image","twitter:site":"@frescafm","twitter:title":"Programaci\u00f3n de las Fiestas de Moros y Cristianos de Castalla 2026: todos los actos y horarios - laFRESCA","twitter:description":"Castalla ya est\u00e1 preparada para vivir una nueva edici\u00f3n de sus tradicionales Fiestas de Moros y Cristianos en honor a la Virgen de la Soledad, que se desarrollar\u00e1n desde este lunes 31 de agosto y hasta el 5 de septiembre de 2026 con un completo programa que combina tradici\u00f3n, m\u00fasica, p\u00f3lvora, devoci\u00f3n y participaci\u00f3n popular.","twitter:image":"https:\/\/www.lafresca.fm\/f-solosog\/2026\/08\/WhatsApp-Image-2026-08-31-at-17.48.09.jpeg"},"aioseo_meta_data":{"post_id":"19274","title":null,"description":null,"keywords":null,"keyphrases":{"focus":{"keyphrase":"","score":0,"analysis":{"keyphraseInTitle":{"score":0,"maxScore":9,"error":1}}},"additional":[]},"primary_term":null,"canonical_url":null,"og_title":null,"og_description":null,"og_object_type":"default","og_image_type":"default","og_image_url":null,"og_image_width":null,"og_image_height":null,"og_image_custom_url":null,"og_image_custom_fields":null,"og_video":"","og_custom_url":null,"og_article_section":null,"og_article_tags":null,"twitter_use_og":false,"twitter_card":"default","twitter_image_type":"default","twitter_image_url":null,"twitter_image_custom_url":null,"twitter_image_custom_fields":null,"twitter_title":null,"twitter_description":null,"schema":{"blockGraphs":[],"customGraphs":[],"default":{"data":{"Article":[],"Course":[],"Dataset":[],"FAQPage":[],"Movie":[],"Person":[],"Product":[],"ProductReview":[],"Car":[],"Recipe":[],"Service":[],"SoftwareApplication":[],"WebPage":[]},"graphName":"BlogPosting","isEnabled":true},"graphs":[]},"schema_type":"default","schema_type_options":null,"pillar_content":false,"robots_default":true,"robots_noindex":false,"robots_noarchive":false,"robots_nosnippet":false,"robots_nofollow":false,"robots_noimageindex":false,"robots_noodp":false,"robots_notranslate":false,"robots_max_snippet":"-1","robots_max_videopreview":"-1","robots_max_imagepreview":"large","priority":null,"frequency":"default","local_seo":null,"breadcrumb_settings":null,"limit_modified_date":false,"ai":{"faqs":[],"keyPoints":[],"schemas":[],"titles":[],"descriptions":[],"socialPosts":{"email":{"subject":"","preview":"","content":""},"linkedin":[],"twitter":[],"facebook":[],"instagram":[]}},"created":"2026-08-31 15:55:04","updated":"2026-08-31 16:21:39","seo_analyzer_scan_date":null,"focus_keyword":null,"additional_keywords":null,"truseo_locale":null},"aioseo_breadcrumb":"<div class=\"aioseo-breadcrumbs\"><span class=\"aioseo-breadcrumb\">\n\t\t\t<a href=\"https:\/\/www.lafresca.fm\" title=\"Inicio\">Inicio<\/a>\n\t\t<\/span><span class=\"aioseo-breadcrumb-separator\">&raquo;<\/span><span class=\"aioseo-breadcrumb\">\n\t\t\t<a href=\"https:\/\/www.lafresca.fm\/category\/alicante\/\" title=\"Interior de Alicante\">Interior de Alicante<\/a>\n\t\t<\/span><span class=\"aioseo-breadcrumb-separator\">&raquo;<\/span><span class=\"aioseo-breadcrumb\">\n\t\t\tProgramaci\u00f3n de las Fiestas de Moros y Cristianos de Castalla 2026: todos los actos y horarios\n\t\t<\/span><\/div>","aioseo_breadcrumb_json":[{"label":"Inicio","link":"https:\/\/www.lafresca.fm"},{"label":"Interior de Alicante","link":"https:\/\/www.lafresca.fm\/category\/alicante\/"},{"label":"Programaci\u00f3n de las Fiestas de Moros y Cristianos de Castalla 2026: todos los actos y horarios","link":"https:\/\/www.lafresca.fm\/programacion-de-las-fiestas-de-moros-y-cristianos-de-castalla-2026-todos-los-actos-y-horarios\/"}],"_links":{"self":[{"href":"https:\/\/www.lafresca.fm\/fresca-api-json\/wp\/v2\/posts\/19274","targetHints":{"allow":["GET"]}}],"collection":[{"href":"https:\/\/www.lafresca.fm\/fresca-api-json\/wp\/v2\/posts"}],"about":[{"href":"https:\/\/www.lafresca.fm\/fresca-api-json\/wp\/v2\/types\/post"}],"author":[{"embeddable":true,"href":"https:\/\/www.lafresca.fm\/fresca-api-json\/wp\/v2\/users\/2"}],"replies":[{"embeddable":true,"href":"https:\/\/www.lafresca.fm\/fresca-api-json\/wp\/v2\/comments?post=19274"}],"version-history":[{"count":3,"href":"https:\/\/www.lafresca.fm\/fresca-api-json\/wp\/v2\/posts\/19274\/revisions"}],"predecessor-version":[{"id":19280,"href":"https:\/\/www.lafresca.fm\/fresca-api-json\/wp\/v2\/posts\/19274\/revisions\/19280"}],"wp:featuredmedia":[{"embeddable":true,"href":"https:\/\/www.lafresca.fm\/fresca-api-json\/wp\/v2\/media\/19275"}],"wp:attachment":[{"href":"https:\/\/www.lafresca.fm\/fresca-api-json\/wp\/v2\/media?parent=19274"}],"wp:term":[{"taxonomy":"category","embeddable":true,"href":"https:\/\/www.lafresca.fm\/fresca-api-json\/wp\/v2\/categories?post=19274"},{"taxonomy":"post_tag","embeddable":true,"href":"https:\/\/www.lafresca.fm\/fresca-api-json\/wp\/v2\/tags?post=19274"}],"curies":[{"name":"wp","href":"https:\/\/api.w.org\/{rel}","templated":true}]}}