{"id":19281,"date":"2026-09-02T12:16:19","date_gmt":"2026-09-02T10:16:19","guid":{"rendered":"https:\/\/www.lafresca.fm\/?p=19281"},"modified":"2026-09-02T12:16:19","modified_gmt":"2026-09-02T10:16:19","slug":"actiu-renueva-su-compromiso-con-el-elche-cf-femenino-y-consolida-su-apuesta-por-el-deporte-como-motor-de-igualdad","status":"publish","type":"post","link":"https:\/\/www.lafresca.fm\/actiu-renueva-su-compromiso-con-el-elche-cf-femenino-y-consolida-su-apuesta-por-el-deporte-como-motor-de-igualdad\/","title":{"rendered":"ACTIU renueva su compromiso con el Elche CF Femenino y consolida su apuesta por el deporte como motor de igualdad"},"content":{"rendered":"<ul>\n<li style=\"color: #000000; font-family: 'Times New Roman'; font-size: medium;\">La compa\u00f1\u00eda continuar\u00e1 como patrocinador principal del equipo femenino durante la temporada 2026\/27, dando continuidad a una alianza basada en valores compartidos<\/li>\n<\/ul>\n<p style=\"color: #000000; font-family: 'Times New Roman'; font-size: medium;\">ACTIU, empresa familiar l\u00edder en dise\u00f1o y fabricaci\u00f3n de mobiliario para espacios colectivos enfocados al bienestar y la sostenibilidad, renueva por segundo a\u00f1o consecutivo su compromiso con el Elche CF Femenino y continuar\u00e1 como patrocinador principal del equipo durante la temporada 2026\/27.<\/p>\n<p style=\"color: #000000; font-family: 'Times New Roman'; font-size: medium;\">La continuidad de esta alianza refuerza la apuesta de ACTIU por el deporte femenino como espacio de transformaci\u00f3n social y como una v\u00eda para avanzar en igualdad, generar nuevos referentes y trasladar a las generaciones m\u00e1s j\u00f3venes valores como el esfuerzo, el trabajo en equipo, la constancia y la capacidad de superaci\u00f3n.<\/p>\n<p><img fetchpriority=\"high\" decoding=\"async\" class=\"alignnone size-medium wp-image-19282\" src=\"https:\/\/www.lafresca.fm\/f-solosog\/2026\/09\/ACTIU-ELCHE-FEMENINO-CF-1-770x513.jpg\" alt=\"\" width=\"770\" height=\"513\" srcset=\"https:\/\/www.lafresca.fm\/f-solosog\/2026\/09\/ACTIU-ELCHE-FEMENINO-CF-1-770x513.jpg 770w, https:\/\/www.lafresca.fm\/f-solosog\/2026\/09\/ACTIU-ELCHE-FEMENINO-CF-1-1170x780.jpg 1170w, https:\/\/www.lafresca.fm\/f-solosog\/2026\/09\/ACTIU-ELCHE-FEMENINO-CF-1-768x512.jpg 768w, https:\/\/www.lafresca.fm\/f-solosog\/2026\/09\/ACTIU-ELCHE-FEMENINO-CF-1-1536x1024.jpg 1536w\" sizes=\"(max-width: 770px) 100vw, 770px\" \/><\/p>\n<p style=\"color: #000000; font-family: 'Times New Roman'; font-size: medium;\">Con cerca de 60 a\u00f1os de trayectoria y profundamente vinculada a la provincia de Alicante desde su sede en Castalla, ACTIU mantiene una implicaci\u00f3n directa con su entorno y con aquellas iniciativas que contribuyen a fortalecer la comunidad. En este contexto, el apoyo al f\u00fatbol femenino representa tambi\u00e9n una oportunidad para acompa\u00f1ar su crecimiento, favorecer su visibilidad y contribuir a que cada vez m\u00e1s ni\u00f1as y j\u00f3venes encuentren referentes femeninos vinculados al deporte.<\/p>\n<p style=\"color: #000000; font-family: 'Times New Roman'; font-size: medium;\">\u201cRenovar nuestro compromiso significa seguir acompa\u00f1ando un proyecto en el que creemos y con el que compartimos valores. El deporte femenino est\u00e1 creciendo gracias al esfuerzo de muchas mujeres que durante a\u00f1os han abierto camino y creemos que las empresas tambi\u00e9n tenemos la responsabilidad de contribuir a ese avance. Dar visibilidad a estas deportistas es generar referentes para las ni\u00f1as y j\u00f3venes de hoy y demostrarles que pueden ocupar cualquier espacio que se propongan\u201d, se\u00f1ala Carmen Berbegal, consejera y directora de Responsabilidad Social Corporativa de ACTIU.<\/p>\n<p><img decoding=\"async\" class=\"alignnone size-medium wp-image-19288\" src=\"https:\/\/www.lafresca.fm\/f-solosog\/2026\/09\/ACTIU-ELCHE-FEMENINO-CF-2-770x513.jpg\" alt=\"\" width=\"770\" height=\"513\" srcset=\"https:\/\/www.lafresca.fm\/f-solosog\/2026\/09\/ACTIU-ELCHE-FEMENINO-CF-2-770x513.jpg 770w, https:\/\/www.lafresca.fm\/f-solosog\/2026\/09\/ACTIU-ELCHE-FEMENINO-CF-2-1170x780.jpg 1170w, https:\/\/www.lafresca.fm\/f-solosog\/2026\/09\/ACTIU-ELCHE-FEMENINO-CF-2-768x512.jpg 768w, https:\/\/www.lafresca.fm\/f-solosog\/2026\/09\/ACTIU-ELCHE-FEMENINO-CF-2-1536x1024.jpg 1536w\" sizes=\"(max-width: 770px) 100vw, 770px\" \/><\/p>\n<p style=\"color: #000000; font-family: 'Times New Roman'; font-size: medium;\"><strong>Un nuevo curso para seguir creciendo juntas<\/strong><\/p>\n<p style=\"color: #000000; font-family: 'Times New Roman'; font-size: medium;\">Con motivo del inicio de la nueva temporada, Carmen Berbegal ha visitado a la plantilla del Elche CF Femenino para conocer al equipo que afrontar\u00e1 el curso 2026\/27 y compartir impresiones con las jugadoras y el cuerpo t\u00e9cnico. El encuentro ha permitido conocer de primera mano las sensaciones de la pretemporada, la configuraci\u00f3n del nuevo conjunto y los retos que afronta el equipo ante el inicio de la competici\u00f3n liguera y su participaci\u00f3n en la Copa de la Reina.<\/p>\n<p style=\"color: #000000; font-family: 'Times New Roman'; font-size: medium;\">\u201cQueremos que las jugadoras sientan que ACTIU est\u00e1 a su lado y que valoramos todo lo que representa su esfuerzo dentro y fuera del campo. Cada paso que da el f\u00fatbol femenino contribuye a normalizar la presencia de la mujer en espacios en los que todav\u00eda queda camino por recorrer. Acompa\u00f1arlas forma parte de nuestro compromiso con una sociedad m\u00e1s igualitaria\u201d, a\u00f1ade Carmen Berbegal.<\/p>\n<p style=\"color: #000000; font-family: 'Times New Roman'; font-size: medium;\">Durante la temporada 2026\/27, ACTIU seguir\u00e1 siendo patrocinador principal del Elche CF Femenino y su imagen estar\u00e1 presente en las tres equipaciones oficiales del equipo, as\u00ed como en diferentes soportes f\u00edsicos y digitales del Club y en el estadio Mart\u00ednez Valero.<\/p>\n<p style=\"color: #000000; font-family: 'Times New Roman'; font-size: medium;\">La renovaci\u00f3n permite as\u00ed consolidar a una colaboraci\u00f3n que mira m\u00e1s all\u00e1 de una temporada deportiva y que responde a una convicci\u00f3n compartida: el crecimiento del deporte femenino necesita compromiso, continuidad y alianzas capaces de contribuir a que las pr\u00f3ximas generaciones encuentren cada vez m\u00e1s referentes sobre el terreno de juego<\/p>\n<script>function PlayerjsAsync(){} if(window[\"Playerjs\"]){PlayerjsAsync();}<\/script>","protected":false},"excerpt":{"rendered":"<p>La compa\u00f1\u00eda continuar\u00e1 como patrocinador principal del equipo femenino durante la temporada 2026\/27, dando continuidad a una alianza basada en valores compartidos ACTIU, empresa familiar l\u00edder en dise\u00f1o y fabricaci\u00f3n de mobiliario para espacios colectivos enfocados al bienestar y la sostenibilidad, renueva por segundo a\u00f1o consecutivo su compromiso con el ...<\/p>\n","protected":false},"author":2,"featured_media":19287,"comment_status":"closed","ping_status":"closed","sticky":false,"template":"","format":"standard","meta":{"_monsterinsights_skip_tracking":false,"footnotes":""},"categories":[4],"tags":[],"class_list":["post-19281","post","type-post","status-publish","format-standard","has-post-thumbnail","hentry","category-alicante"],"aioseo_notices":[],"aioseo_head":"\n\t\t\n\t<meta name=\"description\" content=\"La compa\u00f1\u00eda continuar\u00e1 como patrocinador principal del equipo femenino durante la temporada 2026\/27, dando continuidad a una alianza basada en valores compartidos ACTIU, empresa familiar l\u00edder en dise\u00f1o y fabricaci\u00f3n de mobiliario para espacios colectivos enfocados al bienestar y la sostenibilidad, renueva por segundo a\u00f1o consecutivo su compromiso con el Elche CF Femenino y continuar\u00e1\" \/>\n\t<meta name=\"robots\" content=\"max-image-preview:large\" \/>\n\t<meta name=\"author\" content=\"Redacci\u00f3n\"\/>\n\t<link rel=\"canonical\" href=\"https:\/\/www.lafresca.fm\/actiu-renueva-su-compromiso-con-el-elche-cf-femenino-y-consolida-su-apuesta-por-el-deporte-como-motor-de-igualdad\/\" \/>\n\t<meta name=\"generator\" content=\"All in One SEO (AIOSEO) 5.0.0.1\" \/>\n\t\t<meta property=\"og:locale\" content=\"es_ES\" \/>\n\t\t<meta property=\"og:site_name\" content=\"laFRESCA - \u00a1Estamos de moda!\" \/>\n\t\t<meta property=\"og:type\" content=\"article\" \/>\n\t\t<meta property=\"og:title\" content=\"ACTIU renueva su compromiso con el Elche CF Femenino y consolida su apuesta por el deporte como motor de igualdad - laFRESCA\" \/>\n\t\t<meta property=\"og:description\" content=\"La compa\u00f1\u00eda continuar\u00e1 como patrocinador principal del equipo femenino durante la temporada 2026\/27, dando continuidad a una alianza basada en valores compartidos ACTIU, empresa familiar l\u00edder en dise\u00f1o y fabricaci\u00f3n de mobiliario para espacios colectivos enfocados al bienestar y la sostenibilidad, renueva por segundo a\u00f1o consecutivo su compromiso con el Elche CF Femenino y continuar\u00e1\" \/>\n\t\t<meta property=\"og:url\" content=\"https:\/\/www.lafresca.fm\/actiu-renueva-su-compromiso-con-el-elche-cf-femenino-y-consolida-su-apuesta-por-el-deporte-como-motor-de-igualdad\/\" \/>\n\t\t<meta property=\"og:image\" content=\"https:\/\/www.lafresca.fm\/f-solosog\/2026\/09\/ACTIU-ELCHE-FEMENINO-CF-1-2.jpg\" \/>\n\t\t<meta property=\"og:image:secure_url\" content=\"https:\/\/www.lafresca.fm\/f-solosog\/2026\/09\/ACTIU-ELCHE-FEMENINO-CF-1-2.jpg\" \/>\n\t\t<meta property=\"og:image:width\" content=\"8256\" \/>\n\t\t<meta property=\"og:image:height\" content=\"5504\" \/>\n\t\t<meta property=\"article:published_time\" content=\"2026-09-02T10:16:19+00:00\" \/>\n\t\t<meta property=\"article:modified_time\" content=\"2026-09-02T10:16:19+00:00\" \/>\n\t\t<meta property=\"article:publisher\" content=\"https:\/\/facebook.com\/lafresca.es\" \/>\n\t\t<meta name=\"twitter:card\" content=\"summary_large_image\" \/>\n\t\t<meta name=\"twitter:site\" content=\"@frescafm\" \/>\n\t\t<meta name=\"twitter:title\" content=\"ACTIU renueva su compromiso con el Elche CF Femenino y consolida su apuesta por el deporte como motor de igualdad - laFRESCA\" \/>\n\t\t<meta name=\"twitter:description\" content=\"La compa\u00f1\u00eda continuar\u00e1 como patrocinador principal del equipo femenino durante la temporada 2026\/27, dando continuidad a una alianza basada en valores compartidos ACTIU, empresa familiar l\u00edder en dise\u00f1o y fabricaci\u00f3n de mobiliario para espacios colectivos enfocados al bienestar y la sostenibilidad, renueva por segundo a\u00f1o consecutivo su compromiso con el Elche CF Femenino y continuar\u00e1\" \/>\n\t\t<meta name=\"twitter:image\" content=\"https:\/\/www.lafresca.fm\/f-solosog\/2026\/09\/ACTIU-ELCHE-FEMENINO-CF-1-2.jpg\" \/>\n\t\t<script type=\"application\/ld+json\" class=\"aioseo-schema\">\n\t\t\t{\"@context\":\"https:\\\/\\\/schema.org\",\"@graph\":[{\"@type\":\"BlogPosting\",\"@id\":\"https:\\\/\\\/www.lafresca.fm\\\/actiu-renueva-su-compromiso-con-el-elche-cf-femenino-y-consolida-su-apuesta-por-el-deporte-como-motor-de-igualdad\\\/#blogposting\",\"name\":\"ACTIU renueva su compromiso con el Elche CF Femenino y consolida su apuesta por el deporte como motor de igualdad - laFRESCA\",\"headline\":\"ACTIU renueva su compromiso con el Elche CF Femenino y consolida su apuesta por el deporte como motor de igualdad\",\"author\":{\"@id\":\"https:\\\/\\\/www.lafresca.fm\\\/author\\\/adri\\\/#author\"},\"publisher\":{\"@id\":\"https:\\\/\\\/www.lafresca.fm\\\/#organization\"},\"image\":{\"@type\":\"ImageObject\",\"url\":\"https:\\\/\\\/www.lafresca.fm\\\/wp-content\\\/uploads\\\/2026\\\/09\\\/ACTIU-ELCHE-FEMENINO-CF-1-2.jpg\",\"width\":8256,\"height\":5504},\"datePublished\":\"2026-09-02T12:16:19+02:00\",\"dateModified\":\"2026-09-02T12:16:19+02:00\",\"inLanguage\":\"es-ES\",\"mainEntityOfPage\":{\"@id\":\"https:\\\/\\\/www.lafresca.fm\\\/actiu-renueva-su-compromiso-con-el-elche-cf-femenino-y-consolida-su-apuesta-por-el-deporte-como-motor-de-igualdad\\\/#webpage\"},\"isPartOf\":{\"@id\":\"https:\\\/\\\/www.lafresca.fm\\\/actiu-renueva-su-compromiso-con-el-elche-cf-femenino-y-consolida-su-apuesta-por-el-deporte-como-motor-de-igualdad\\\/#webpage\"},\"articleSection\":\"Interior de Alicante\"},{\"@type\":\"BreadcrumbList\",\"@id\":\"https:\\\/\\\/www.lafresca.fm\\\/actiu-renueva-su-compromiso-con-el-elche-cf-femenino-y-consolida-su-apuesta-por-el-deporte-como-motor-de-igualdad\\\/#breadcrumblist\",\"itemListElement\":[{\"@type\":\"ListItem\",\"@id\":\"https:\\\/\\\/www.lafresca.fm#listItem\",\"position\":1,\"name\":\"Inicio\",\"item\":\"https:\\\/\\\/www.lafresca.fm\",\"nextItem\":{\"@type\":\"ListItem\",\"@id\":\"https:\\\/\\\/www.lafresca.fm\\\/category\\\/alicante\\\/#listItem\",\"name\":\"Interior de Alicante\"}},{\"@type\":\"ListItem\",\"@id\":\"https:\\\/\\\/www.lafresca.fm\\\/category\\\/alicante\\\/#listItem\",\"position\":2,\"name\":\"Interior de Alicante\",\"item\":\"https:\\\/\\\/www.lafresca.fm\\\/category\\\/alicante\\\/\",\"nextItem\":{\"@type\":\"ListItem\",\"@id\":\"https:\\\/\\\/www.lafresca.fm\\\/actiu-renueva-su-compromiso-con-el-elche-cf-femenino-y-consolida-su-apuesta-por-el-deporte-como-motor-de-igualdad\\\/#listItem\",\"name\":\"ACTIU renueva su compromiso con el Elche CF Femenino y consolida su apuesta por el deporte como motor de igualdad\"},\"previousItem\":{\"@type\":\"ListItem\",\"@id\":\"https:\\\/\\\/www.lafresca.fm#listItem\",\"name\":\"Inicio\"}},{\"@type\":\"ListItem\",\"@id\":\"https:\\\/\\\/www.lafresca.fm\\\/actiu-renueva-su-compromiso-con-el-elche-cf-femenino-y-consolida-su-apuesta-por-el-deporte-como-motor-de-igualdad\\\/#listItem\",\"position\":3,\"name\":\"ACTIU renueva su compromiso con el Elche CF Femenino y consolida su apuesta por el deporte como motor de igualdad\",\"previousItem\":{\"@type\":\"ListItem\",\"@id\":\"https:\\\/\\\/www.lafresca.fm\\\/category\\\/alicante\\\/#listItem\",\"name\":\"Interior de Alicante\"}}]},{\"@type\":\"Organization\",\"@id\":\"https:\\\/\\\/www.lafresca.fm\\\/#organization\",\"name\":\"laFRESCA\",\"description\":\"\\u00a1Estamos de moda!\",\"url\":\"https:\\\/\\\/www.lafresca.fm\\\/\",\"logo\":{\"@type\":\"ImageObject\",\"url\":\"https:\\\/\\\/www.lafresca.fm\\\/wp-content\\\/uploads\\\/2020\\\/06\\\/logo-opaque.png\",\"@id\":\"https:\\\/\\\/www.lafresca.fm\\\/actiu-renueva-su-compromiso-con-el-elche-cf-femenino-y-consolida-su-apuesta-por-el-deporte-como-motor-de-igualdad\\\/#organizationLogo\",\"width\":766,\"height\":156},\"image\":{\"@id\":\"https:\\\/\\\/www.lafresca.fm\\\/actiu-renueva-su-compromiso-con-el-elche-cf-femenino-y-consolida-su-apuesta-por-el-deporte-como-motor-de-igualdad\\\/#organizationLogo\"},\"sameAs\":[\"https:\\\/\\\/instagram.com\\\/lafrescafm\"]},{\"@type\":\"Person\",\"@id\":\"https:\\\/\\\/www.lafresca.fm\\\/author\\\/adri\\\/#author\",\"url\":\"https:\\\/\\\/www.lafresca.fm\\\/author\\\/adri\\\/\",\"name\":\"Redacci\\u00f3n\",\"image\":{\"@type\":\"ImageObject\",\"@id\":\"https:\\\/\\\/www.lafresca.fm\\\/actiu-renueva-su-compromiso-con-el-elche-cf-femenino-y-consolida-su-apuesta-por-el-deporte-como-motor-de-igualdad\\\/#authorImage\",\"url\":\"https:\\\/\\\/secure.gravatar.com\\\/avatar\\\/bbe35c7902c79b0cbe5a3eebbf91e29b5b70c6c0fcbe3d629eff0f3635a1cf2c?s=96&d=mm&r=g\",\"width\":96,\"height\":96,\"caption\":\"Redacci\\u00f3n\"}},{\"@type\":\"WebPage\",\"@id\":\"https:\\\/\\\/www.lafresca.fm\\\/actiu-renueva-su-compromiso-con-el-elche-cf-femenino-y-consolida-su-apuesta-por-el-deporte-como-motor-de-igualdad\\\/#webpage\",\"url\":\"https:\\\/\\\/www.lafresca.fm\\\/actiu-renueva-su-compromiso-con-el-elche-cf-femenino-y-consolida-su-apuesta-por-el-deporte-como-motor-de-igualdad\\\/\",\"name\":\"ACTIU renueva su compromiso con el Elche CF Femenino y consolida su apuesta por el deporte como motor de igualdad - laFRESCA\",\"description\":\"La compa\\u00f1\\u00eda continuar\\u00e1 como patrocinador principal del equipo femenino durante la temporada 2026\\\/27, dando continuidad a una alianza basada en valores compartidos ACTIU, empresa familiar l\\u00edder en dise\\u00f1o y fabricaci\\u00f3n de mobiliario para espacios colectivos enfocados al bienestar y la sostenibilidad, renueva por segundo a\\u00f1o consecutivo su compromiso con el Elche CF Femenino y continuar\\u00e1\",\"inLanguage\":\"es-ES\",\"isPartOf\":{\"@id\":\"https:\\\/\\\/www.lafresca.fm\\\/#website\"},\"breadcrumb\":{\"@id\":\"https:\\\/\\\/www.lafresca.fm\\\/actiu-renueva-su-compromiso-con-el-elche-cf-femenino-y-consolida-su-apuesta-por-el-deporte-como-motor-de-igualdad\\\/#breadcrumblist\"},\"author\":{\"@id\":\"https:\\\/\\\/www.lafresca.fm\\\/author\\\/adri\\\/#author\"},\"creator\":{\"@id\":\"https:\\\/\\\/www.lafresca.fm\\\/author\\\/adri\\\/#author\"},\"image\":{\"@type\":\"ImageObject\",\"url\":\"https:\\\/\\\/www.lafresca.fm\\\/wp-content\\\/uploads\\\/2026\\\/09\\\/ACTIU-ELCHE-FEMENINO-CF-1-2.jpg\",\"@id\":\"https:\\\/\\\/www.lafresca.fm\\\/actiu-renueva-su-compromiso-con-el-elche-cf-femenino-y-consolida-su-apuesta-por-el-deporte-como-motor-de-igualdad\\\/#mainImage\",\"width\":8256,\"height\":5504},\"primaryImageOfPage\":{\"@id\":\"https:\\\/\\\/www.lafresca.fm\\\/actiu-renueva-su-compromiso-con-el-elche-cf-femenino-y-consolida-su-apuesta-por-el-deporte-como-motor-de-igualdad\\\/#mainImage\"},\"datePublished\":\"2026-09-02T12:16:19+02:00\",\"dateModified\":\"2026-09-02T12:16:19+02:00\"},{\"@type\":\"WebSite\",\"@id\":\"https:\\\/\\\/www.lafresca.fm\\\/#website\",\"url\":\"https:\\\/\\\/www.lafresca.fm\\\/\",\"name\":\"laFRESCA\",\"description\":\"\\u00a1Estamos de moda!\",\"inLanguage\":\"es-ES\",\"publisher\":{\"@id\":\"https:\\\/\\\/www.lafresca.fm\\\/#organization\"}}]}\n\t\t<\/script>\n\t\t\n\n","aioseo_head_json":{"title":"ACTIU renueva su compromiso con el Elche CF Femenino y consolida su apuesta por el deporte como motor de igualdad - laFRESCA","description":"La compa\u00f1\u00eda continuar\u00e1 como patrocinador principal del equipo femenino durante la temporada 2026\/27, dando continuidad a una alianza basada en valores compartidos ACTIU, empresa familiar l\u00edder en dise\u00f1o y fabricaci\u00f3n de mobiliario para espacios colectivos enfocados al bienestar y la sostenibilidad, renueva por segundo a\u00f1o consecutivo su compromiso con el Elche CF Femenino y continuar\u00e1","canonical_url":"https:\/\/www.lafresca.fm\/actiu-renueva-su-compromiso-con-el-elche-cf-femenino-y-consolida-su-apuesta-por-el-deporte-como-motor-de-igualdad\/","robots":"max-image-preview:large","keywords":"","webmasterTools":{"miscellaneous":""},"schema":{"@context":"https:\/\/schema.org","@graph":[{"@type":"BlogPosting","@id":"https:\/\/www.lafresca.fm\/actiu-renueva-su-compromiso-con-el-elche-cf-femenino-y-consolida-su-apuesta-por-el-deporte-como-motor-de-igualdad\/#blogposting","name":"ACTIU renueva su compromiso con el Elche CF Femenino y consolida su apuesta por el deporte como motor de igualdad - laFRESCA","headline":"ACTIU renueva su compromiso con el Elche CF Femenino y consolida su apuesta por el deporte como motor de igualdad","author":{"@id":"https:\/\/www.lafresca.fm\/author\/adri\/#author"},"publisher":{"@id":"https:\/\/www.lafresca.fm\/#organization"},"image":{"@type":"ImageObject","url":"https:\/\/www.lafresca.fm\/f-solosog\/2026\/09\/ACTIU-ELCHE-FEMENINO-CF-1-2.jpg","width":8256,"height":5504},"datePublished":"2026-09-02T12:16:19+02:00","dateModified":"2026-09-02T12:16:19+02:00","inLanguage":"es-ES","mainEntityOfPage":{"@id":"https:\/\/www.lafresca.fm\/actiu-renueva-su-compromiso-con-el-elche-cf-femenino-y-consolida-su-apuesta-por-el-deporte-como-motor-de-igualdad\/#webpage"},"isPartOf":{"@id":"https:\/\/www.lafresca.fm\/actiu-renueva-su-compromiso-con-el-elche-cf-femenino-y-consolida-su-apuesta-por-el-deporte-como-motor-de-igualdad\/#webpage"},"articleSection":"Interior de Alicante"},{"@type":"BreadcrumbList","@id":"https:\/\/www.lafresca.fm\/actiu-renueva-su-compromiso-con-el-elche-cf-femenino-y-consolida-su-apuesta-por-el-deporte-como-motor-de-igualdad\/#breadcrumblist","itemListElement":[{"@type":"ListItem","@id":"https:\/\/www.lafresca.fm#listItem","position":1,"name":"Inicio","item":"https:\/\/www.lafresca.fm","nextItem":{"@type":"ListItem","@id":"https:\/\/www.lafresca.fm\/category\/alicante\/#listItem","name":"Interior de Alicante"}},{"@type":"ListItem","@id":"https:\/\/www.lafresca.fm\/category\/alicante\/#listItem","position":2,"name":"Interior de Alicante","item":"https:\/\/www.lafresca.fm\/category\/alicante\/","nextItem":{"@type":"ListItem","@id":"https:\/\/www.lafresca.fm\/actiu-renueva-su-compromiso-con-el-elche-cf-femenino-y-consolida-su-apuesta-por-el-deporte-como-motor-de-igualdad\/#listItem","name":"ACTIU renueva su compromiso con el Elche CF Femenino y consolida su apuesta por el deporte como motor de igualdad"},"previousItem":{"@type":"ListItem","@id":"https:\/\/www.lafresca.fm#listItem","name":"Inicio"}},{"@type":"ListItem","@id":"https:\/\/www.lafresca.fm\/actiu-renueva-su-compromiso-con-el-elche-cf-femenino-y-consolida-su-apuesta-por-el-deporte-como-motor-de-igualdad\/#listItem","position":3,"name":"ACTIU renueva su compromiso con el Elche CF Femenino y consolida su apuesta por el deporte como motor de igualdad","previousItem":{"@type":"ListItem","@id":"https:\/\/www.lafresca.fm\/category\/alicante\/#listItem","name":"Interior de Alicante"}}]},{"@type":"Organization","@id":"https:\/\/www.lafresca.fm\/#organization","name":"laFRESCA","description":"\u00a1Estamos de moda!","url":"https:\/\/www.lafresca.fm\/","logo":{"@type":"ImageObject","url":"https:\/\/www.lafresca.fm\/f-solosog\/2020\/06\/logo-opaque.png","@id":"https:\/\/www.lafresca.fm\/actiu-renueva-su-compromiso-con-el-elche-cf-femenino-y-consolida-su-apuesta-por-el-deporte-como-motor-de-igualdad\/#organizationLogo","width":766,"height":156},"image":{"@id":"https:\/\/www.lafresca.fm\/actiu-renueva-su-compromiso-con-el-elche-cf-femenino-y-consolida-su-apuesta-por-el-deporte-como-motor-de-igualdad\/#organizationLogo"},"sameAs":["https:\/\/instagram.com\/lafrescafm"]},{"@type":"Person","@id":"https:\/\/www.lafresca.fm\/author\/adri\/#author","url":"https:\/\/www.lafresca.fm\/author\/adri\/","name":"Redacci\u00f3n","image":{"@type":"ImageObject","@id":"https:\/\/www.lafresca.fm\/actiu-renueva-su-compromiso-con-el-elche-cf-femenino-y-consolida-su-apuesta-por-el-deporte-como-motor-de-igualdad\/#authorImage","url":"https:\/\/secure.gravatar.com\/avatar\/bbe35c7902c79b0cbe5a3eebbf91e29b5b70c6c0fcbe3d629eff0f3635a1cf2c?s=96&d=mm&r=g","width":96,"height":96,"caption":"Redacci\u00f3n"}},{"@type":"WebPage","@id":"https:\/\/www.lafresca.fm\/actiu-renueva-su-compromiso-con-el-elche-cf-femenino-y-consolida-su-apuesta-por-el-deporte-como-motor-de-igualdad\/#webpage","url":"https:\/\/www.lafresca.fm\/actiu-renueva-su-compromiso-con-el-elche-cf-femenino-y-consolida-su-apuesta-por-el-deporte-como-motor-de-igualdad\/","name":"ACTIU renueva su compromiso con el Elche CF Femenino y consolida su apuesta por el deporte como motor de igualdad - laFRESCA","description":"La compa\u00f1\u00eda continuar\u00e1 como patrocinador principal del equipo femenino durante la temporada 2026\/27, dando continuidad a una alianza basada en valores compartidos ACTIU, empresa familiar l\u00edder en dise\u00f1o y fabricaci\u00f3n de mobiliario para espacios colectivos enfocados al bienestar y la sostenibilidad, renueva por segundo a\u00f1o consecutivo su compromiso con el Elche CF Femenino y continuar\u00e1","inLanguage":"es-ES","isPartOf":{"@id":"https:\/\/www.lafresca.fm\/#website"},"breadcrumb":{"@id":"https:\/\/www.lafresca.fm\/actiu-renueva-su-compromiso-con-el-elche-cf-femenino-y-consolida-su-apuesta-por-el-deporte-como-motor-de-igualdad\/#breadcrumblist"},"author":{"@id":"https:\/\/www.lafresca.fm\/author\/adri\/#author"},"creator":{"@id":"https:\/\/www.lafresca.fm\/author\/adri\/#author"},"image":{"@type":"ImageObject","url":"https:\/\/www.lafresca.fm\/f-solosog\/2026\/09\/ACTIU-ELCHE-FEMENINO-CF-1-2.jpg","@id":"https:\/\/www.lafresca.fm\/actiu-renueva-su-compromiso-con-el-elche-cf-femenino-y-consolida-su-apuesta-por-el-deporte-como-motor-de-igualdad\/#mainImage","width":8256,"height":5504},"primaryImageOfPage":{"@id":"https:\/\/www.lafresca.fm\/actiu-renueva-su-compromiso-con-el-elche-cf-femenino-y-consolida-su-apuesta-por-el-deporte-como-motor-de-igualdad\/#mainImage"},"datePublished":"2026-09-02T12:16:19+02:00","dateModified":"2026-09-02T12:16:19+02:00"},{"@type":"WebSite","@id":"https:\/\/www.lafresca.fm\/#website","url":"https:\/\/www.lafresca.fm\/","name":"laFRESCA","description":"\u00a1Estamos de moda!","inLanguage":"es-ES","publisher":{"@id":"https:\/\/www.lafresca.fm\/#organization"}}]},"og:locale":"es_ES","og:site_name":"laFRESCA - \u00a1Estamos de moda!","og:type":"article","og:title":"ACTIU renueva su compromiso con el Elche CF Femenino y consolida su apuesta por el deporte como motor de igualdad - laFRESCA","og:description":"La compa\u00f1\u00eda continuar\u00e1 como patrocinador principal del equipo femenino durante la temporada 2026\/27, dando continuidad a una alianza basada en valores compartidos ACTIU, empresa familiar l\u00edder en dise\u00f1o y fabricaci\u00f3n de mobiliario para espacios colectivos enfocados al bienestar y la sostenibilidad, renueva por segundo a\u00f1o consecutivo su compromiso con el Elche CF Femenino y continuar\u00e1","og:url":"https:\/\/www.lafresca.fm\/actiu-renueva-su-compromiso-con-el-elche-cf-femenino-y-consolida-su-apuesta-por-el-deporte-como-motor-de-igualdad\/","og:image":"https:\/\/www.lafresca.fm\/f-solosog\/2026\/09\/ACTIU-ELCHE-FEMENINO-CF-1-2.jpg","og:image:secure_url":"https:\/\/www.lafresca.fm\/f-solosog\/2026\/09\/ACTIU-ELCHE-FEMENINO-CF-1-2.jpg","og:image:width":8256,"og:image:height":5504,"article:published_time":"2026-09-02T10:16:19+00:00","article:modified_time":"2026-09-02T10:16:19+00:00","article:publisher":"https:\/\/facebook.com\/lafresca.es","twitter:card":"summary_large_image","twitter:site":"@frescafm","twitter:title":"ACTIU renueva su compromiso con el Elche CF Femenino y consolida su apuesta por el deporte como motor de igualdad - laFRESCA","twitter:description":"La compa\u00f1\u00eda continuar\u00e1 como patrocinador principal del equipo femenino durante la temporada 2026\/27, dando continuidad a una alianza basada en valores compartidos ACTIU, empresa familiar l\u00edder en dise\u00f1o y fabricaci\u00f3n de mobiliario para espacios colectivos enfocados al bienestar y la sostenibilidad, renueva por segundo a\u00f1o consecutivo su compromiso con el Elche CF Femenino y continuar\u00e1","twitter:image":"https:\/\/www.lafresca.fm\/f-solosog\/2026\/09\/ACTIU-ELCHE-FEMENINO-CF-1-2.jpg"},"aioseo_meta_data":{"post_id":"19281","title":null,"description":null,"keywords":null,"keyphrases":{"focus":{"keyphrase":"","score":0,"analysis":{"keyphraseInTitle":{"score":0,"maxScore":9,"error":1}}},"additional":[]},"primary_term":null,"canonical_url":null,"og_title":null,"og_description":null,"og_object_type":"default","og_image_type":"default","og_image_url":null,"og_image_width":null,"og_image_height":null,"og_image_custom_url":null,"og_image_custom_fields":null,"og_video":"","og_custom_url":null,"og_article_section":null,"og_article_tags":null,"twitter_use_og":false,"twitter_card":"default","twitter_image_type":"default","twitter_image_url":null,"twitter_image_custom_url":null,"twitter_image_custom_fields":null,"twitter_title":null,"twitter_description":null,"schema":{"blockGraphs":[],"customGraphs":[],"default":{"data":{"Article":[],"Course":[],"Dataset":[],"FAQPage":[],"Movie":[],"Person":[],"Product":[],"ProductReview":[],"Car":[],"Recipe":[],"Service":[],"SoftwareApplication":[],"WebPage":[]},"graphName":"BlogPosting","isEnabled":true},"graphs":[]},"schema_type":"default","schema_type_options":null,"pillar_content":false,"robots_default":true,"robots_noindex":false,"robots_noarchive":false,"robots_nosnippet":false,"robots_nofollow":false,"robots_noimageindex":false,"robots_noodp":false,"robots_notranslate":false,"robots_max_snippet":"-1","robots_max_videopreview":"-1","robots_max_imagepreview":"large","priority":null,"frequency":"default","local_seo":null,"breadcrumb_settings":null,"limit_modified_date":false,"ai":{"faqs":[],"keyPoints":[],"schemas":[],"titles":[],"descriptions":[],"socialPosts":{"email":{"subject":"","preview":"","content":""},"linkedin":[],"twitter":[],"facebook":[],"instagram":[]}},"created":"2026-09-02 09:06:16","updated":"2026-09-02 10:55:38","seo_analyzer_scan_date":null,"focus_keyword":null,"additional_keywords":null,"truseo_locale":null},"aioseo_breadcrumb":"<div class=\"aioseo-breadcrumbs\"><span class=\"aioseo-breadcrumb\">\n\t\t\t<a href=\"https:\/\/www.lafresca.fm\" title=\"Inicio\">Inicio<\/a>\n\t\t<\/span><span class=\"aioseo-breadcrumb-separator\">&raquo;<\/span><span class=\"aioseo-breadcrumb\">\n\t\t\t<a href=\"https:\/\/www.lafresca.fm\/category\/alicante\/\" title=\"Interior de Alicante\">Interior de Alicante<\/a>\n\t\t<\/span><span class=\"aioseo-breadcrumb-separator\">&raquo;<\/span><span class=\"aioseo-breadcrumb\">\n\t\t\tACTIU renueva su compromiso con el Elche CF Femenino y consolida su apuesta por el deporte como motor de igualdad\n\t\t<\/span><\/div>","aioseo_breadcrumb_json":[{"label":"Inicio","link":"https:\/\/www.lafresca.fm"},{"label":"Interior de Alicante","link":"https:\/\/www.lafresca.fm\/category\/alicante\/"},{"label":"ACTIU renueva su compromiso con el Elche CF Femenino y consolida su apuesta por el deporte como motor de igualdad","link":"https:\/\/www.lafresca.fm\/actiu-renueva-su-compromiso-con-el-elche-cf-femenino-y-consolida-su-apuesta-por-el-deporte-como-motor-de-igualdad\/"}],"_links":{"self":[{"href":"https:\/\/www.lafresca.fm\/fresca-api-json\/wp\/v2\/posts\/19281","targetHints":{"allow":["GET"]}}],"collection":[{"href":"https:\/\/www.lafresca.fm\/fresca-api-json\/wp\/v2\/posts"}],"about":[{"href":"https:\/\/www.lafresca.fm\/fresca-api-json\/wp\/v2\/types\/post"}],"author":[{"embeddable":true,"href":"https:\/\/www.lafresca.fm\/fresca-api-json\/wp\/v2\/users\/2"}],"replies":[{"embeddable":true,"href":"https:\/\/www.lafresca.fm\/fresca-api-json\/wp\/v2\/comments?post=19281"}],"version-history":[{"count":1,"href":"https:\/\/www.lafresca.fm\/fresca-api-json\/wp\/v2\/posts\/19281\/revisions"}],"predecessor-version":[{"id":19293,"href":"https:\/\/www.lafresca.fm\/fresca-api-json\/wp\/v2\/posts\/19281\/revisions\/19293"}],"wp:featuredmedia":[{"embeddable":true,"href":"https:\/\/www.lafresca.fm\/fresca-api-json\/wp\/v2\/media\/19287"}],"wp:attachment":[{"href":"https:\/\/www.lafresca.fm\/fresca-api-json\/wp\/v2\/media?parent=19281"}],"wp:term":[{"taxonomy":"category","embeddable":true,"href":"https:\/\/www.lafresca.fm\/fresca-api-json\/wp\/v2\/categories?post=19281"},{"taxonomy":"post_tag","embeddable":true,"href":"https:\/\/www.lafresca.fm\/fresca-api-json\/wp\/v2\/tags?post=19281"}],"curies":[{"name":"wp","href":"https:\/\/api.w.org\/{rel}","templated":true}]}}