{"id":19302,"date":"2026-09-03T15:19:33","date_gmt":"2026-09-03T13:19:33","guid":{"rendered":"https:\/\/www.lafresca.fm\/?p=19302"},"modified":"2026-09-03T15:19:33","modified_gmt":"2026-09-03T13:19:33","slug":"onil-ultima-el-dispositivo-de-seguridad-para-la-subida-internacional-2026","status":"publish","type":"post","link":"https:\/\/www.lafresca.fm\/onil-ultima-el-dispositivo-de-seguridad-para-la-subida-internacional-2026\/","title":{"rendered":"Onil ultima el dispositivo de seguridad para la Subida Internacional 2026"},"content":{"rendered":"<div class=\"xdj266r x14z9mp xat24cr x1lziwak x1vvkbs x126k92a\">\n<div dir=\"auto\">Hoy jueves, 3 de septiembre, El subdelegado del Gobierno en Alicante, Manuel Pineda, ha presidido hoy en el municipio de Onil una reuni\u00f3n de coordinaci\u00f3n para preparar el dispositivo de seguridad y emergencias con motivo de la Subida Internacional de Onil, \u00faltima prueba del Campeonato de Espa\u00f1a de Monta\u00f1a Autohebdo Sport, que se celebrar\u00e1 los pr\u00f3ximos 25, 26 y 27 de septiembre.<\/div>\n<div dir=\"auto\"><\/div>\n<\/div>\n<div class=\"x14z9mp xat24cr x1lziwak x1vvkbs xtlvy1s x126k92a\">\n<div dir=\"auto\">La competici\u00f3n est\u00e1 convocada por la Real Federaci\u00f3n Espa\u00f1ola de Automovilismo, con el apoyo del Consejo Superior de Deportes, y organizada por el Autom\u00f3vil Club de Alicante.<\/div>\n<\/div>\n<div class=\"x14z9mp xat24cr x1lziwak x1vvkbs xtlvy1s x126k92a\">\n<div dir=\"auto\">En la reuni\u00f3n han participado el subdelegado del Gobierno en Alicante, Manuel Pineda, el alcalde de Onil, Jaume Berenguer, el director de la prueba, Manuel S\u00e1nchez, representantes de la Guardia Civil, la Polic\u00eda Local, la Unidad Adscrita de la Polic\u00eda Nacional a la Generalitat Valenciana, el Autom\u00f3vil Club de Alicante, la Conselleria de Sanidad y Protecci\u00f3n Civil.<\/div>\n<div dir=\"auto\"><img fetchpriority=\"high\" decoding=\"async\" class=\"alignnone size-medium wp-image-19303\" src=\"https:\/\/www.lafresca.fm\/f-solosog\/2026\/09\/WhatsApp-Image-2026-09-03-at-15.11.46-1-770x578.jpeg\" alt=\"\" width=\"770\" height=\"578\" srcset=\"https:\/\/www.lafresca.fm\/f-solosog\/2026\/09\/WhatsApp-Image-2026-09-03-at-15.11.46-1-770x578.jpeg 770w, https:\/\/www.lafresca.fm\/f-solosog\/2026\/09\/WhatsApp-Image-2026-09-03-at-15.11.46-1-1170x878.jpeg 1170w, https:\/\/www.lafresca.fm\/f-solosog\/2026\/09\/WhatsApp-Image-2026-09-03-at-15.11.46-1-768x576.jpeg 768w, https:\/\/www.lafresca.fm\/f-solosog\/2026\/09\/WhatsApp-Image-2026-09-03-at-15.11.46-1-1536x1152.jpeg 1536w, https:\/\/www.lafresca.fm\/f-solosog\/2026\/09\/WhatsApp-Image-2026-09-03-at-15.11.46-1.jpeg 1600w\" sizes=\"(max-width: 770px) 100vw, 770px\" \/><\/div>\n<div dir=\"auto\"><\/div>\n<\/div>\n<div class=\"x14z9mp xat24cr x1lziwak x1vvkbs xtlvy1s x126k92a\">\n<div dir=\"auto\">El dispositivo contar\u00e1 con cerca de un centenar de efectivos de los distintos cuerpos y servicios implicados, que trabajar\u00e1n de forma coordinada para garantizar la seguridad de participantes, aficionados y vecinos. Durante la reuni\u00f3n se han abordado aspectos relacionados con la seguridad, tr\u00e1fico, accesos, asistencia sanitaria y emergencias.<\/div>\n<\/div>\n<div class=\"x14z9mp xat24cr x1lziwak x1vvkbs xtlvy1s x126k92a\">\n<div dir=\"auto\">El subdelegado ha destacado la importancia de la coordinaci\u00f3n previa entre todas las instituciones y servicios.<\/div>\n<div dir=\"auto\"><\/div>\n<\/div>\n<div class=\"x14z9mp xat24cr x1lziwak x1vvkbs xtlvy1s x126k92a\">\n<div dir=\"auto\">\u201cUna prueba de estas caracter\u00edsticas requiere una planificaci\u00f3n y coordinaci\u00f3n muy precisas. Hoy hemos puesto en com\u00fan todos los recursos necesarios para garantizar la seguridad de participantes, aficionados y vecinos durante los tres d\u00edas de competici\u00f3n\u201d.<\/div>\n<div dir=\"auto\"><\/div>\n<\/div>\n<div class=\"x14z9mp xat24cr x1lziwak x1vvkbs xtlvy1s x126k92a\">\n<div dir=\"auto\">Pineda ha subrayado que \u201cla colaboraci\u00f3n entre las Fuerzas y Cuerpos de Seguridad, los servicios sanitarios, Protecci\u00f3n Civil, el Ayuntamiento y la organizaci\u00f3n es fundamental para que el evento se desarrolle con todas las garant\u00edas\u201d.<\/div>\n<div dir=\"auto\"><img decoding=\"async\" class=\"alignnone size-medium wp-image-19304\" src=\"https:\/\/www.lafresca.fm\/f-solosog\/2026\/09\/WhatsApp-Image-2026-09-03-at-15.11.46-770x578.jpeg\" alt=\"\" width=\"770\" height=\"578\" srcset=\"https:\/\/www.lafresca.fm\/f-solosog\/2026\/09\/WhatsApp-Image-2026-09-03-at-15.11.46-770x578.jpeg 770w, https:\/\/www.lafresca.fm\/f-solosog\/2026\/09\/WhatsApp-Image-2026-09-03-at-15.11.46-1170x878.jpeg 1170w, https:\/\/www.lafresca.fm\/f-solosog\/2026\/09\/WhatsApp-Image-2026-09-03-at-15.11.46-768x576.jpeg 768w, https:\/\/www.lafresca.fm\/f-solosog\/2026\/09\/WhatsApp-Image-2026-09-03-at-15.11.46-1536x1152.jpeg 1536w, https:\/\/www.lafresca.fm\/f-solosog\/2026\/09\/WhatsApp-Image-2026-09-03-at-15.11.46.jpeg 1600w\" sizes=\"(max-width: 770px) 100vw, 770px\" \/><\/div>\n<div dir=\"auto\"><\/div>\n<\/div>\n<div class=\"x14z9mp xat24cr x1lziwak x1vvkbs xtlvy1s x126k92a\">\n<div dir=\"auto\">La Subida Internacional de Onil pondr\u00e1 el broche final al Campeonato de Espa\u00f1a de Automovilismo de Monta\u00f1a y convertir\u00e1 al municipio en punto de encuentro para los aficionados al mundo del motor.<\/div>\n<div dir=\"auto\"><\/div>\n<\/div>\n<div class=\"x14z9mp xat24cr x1lziwak x1vvkbs xtlvy1s x126k92a\">\n<div dir=\"auto\">El director de la prueba, Manolo S\u00e1nchez, ha recordado a los espectadores la importancia de respetar las zonas habilitadas y seguir las indicaciones de los agentes y del personal de la organizaci\u00f3n para garantizar la seguridad durante la competici\u00f3n.<\/div>\n<\/div>\n<script>function PlayerjsAsync(){} if(window[\"Playerjs\"]){PlayerjsAsync();}<\/script>","protected":false},"excerpt":{"rendered":"<p>Hoy jueves, 3 de septiembre, El subdelegado del Gobierno en Alicante, Manuel Pineda, ha presidido hoy en el municipio de Onil una reuni\u00f3n de coordinaci\u00f3n para preparar el dispositivo de seguridad y emergencias con motivo de la Subida Internacional de Onil, \u00faltima prueba del Campeonato de Espa\u00f1a de Monta\u00f1a Autohebdo ...<\/p>\n","protected":false},"author":2,"featured_media":19304,"comment_status":"closed","ping_status":"closed","sticky":false,"template":"","format":"standard","meta":{"_monsterinsights_skip_tracking":false,"footnotes":""},"categories":[4],"tags":[],"class_list":["post-19302","post","type-post","status-publish","format-standard","has-post-thumbnail","hentry","category-alicante"],"aioseo_notices":[],"aioseo_head":"\n\t\t\n\t<meta name=\"description\" content=\"Hoy jueves, 3 de septiembre, El subdelegado del Gobierno en Alicante, Manuel Pineda, ha presidido hoy en el municipio de Onil una reuni\u00f3n de coordinaci\u00f3n para preparar el dispositivo de seguridad y emergencias con motivo de la Subida Internacional de Onil, \u00faltima prueba del Campeonato de Espa\u00f1a de Monta\u00f1a Autohebdo Sport, que se celebrar\u00e1 los\" \/>\n\t<meta name=\"robots\" content=\"max-image-preview:large\" \/>\n\t<meta name=\"author\" content=\"Redacci\u00f3n\"\/>\n\t<link rel=\"canonical\" href=\"https:\/\/www.lafresca.fm\/onil-ultima-el-dispositivo-de-seguridad-para-la-subida-internacional-2026\/\" \/>\n\t<meta name=\"generator\" content=\"All in One SEO (AIOSEO) 5.0.0.1\" \/>\n\t\t<meta property=\"og:locale\" content=\"es_ES\" \/>\n\t\t<meta property=\"og:site_name\" content=\"laFRESCA - \u00a1Estamos de moda!\" \/>\n\t\t<meta property=\"og:type\" content=\"article\" \/>\n\t\t<meta property=\"og:title\" content=\"Onil ultima el dispositivo de seguridad para la Subida Internacional 2026 - laFRESCA\" \/>\n\t\t<meta property=\"og:description\" content=\"Hoy jueves, 3 de septiembre, El subdelegado del Gobierno en Alicante, Manuel Pineda, ha presidido hoy en el municipio de Onil una reuni\u00f3n de coordinaci\u00f3n para preparar el dispositivo de seguridad y emergencias con motivo de la Subida Internacional de Onil, \u00faltima prueba del Campeonato de Espa\u00f1a de Monta\u00f1a Autohebdo Sport, que se celebrar\u00e1 los\" \/>\n\t\t<meta property=\"og:url\" content=\"https:\/\/www.lafresca.fm\/onil-ultima-el-dispositivo-de-seguridad-para-la-subida-internacional-2026\/\" \/>\n\t\t<meta property=\"og:image\" content=\"https:\/\/www.lafresca.fm\/f-solosog\/2026\/09\/WhatsApp-Image-2026-09-03-at-15.11.46.jpeg\" \/>\n\t\t<meta property=\"og:image:secure_url\" content=\"https:\/\/www.lafresca.fm\/f-solosog\/2026\/09\/WhatsApp-Image-2026-09-03-at-15.11.46.jpeg\" \/>\n\t\t<meta property=\"og:image:width\" content=\"1600\" \/>\n\t\t<meta property=\"og:image:height\" content=\"1200\" \/>\n\t\t<meta property=\"article:published_time\" content=\"2026-09-03T13:19:33+00:00\" \/>\n\t\t<meta property=\"article:modified_time\" content=\"2026-09-03T13:19:33+00:00\" \/>\n\t\t<meta property=\"article:publisher\" content=\"https:\/\/facebook.com\/lafresca.es\" \/>\n\t\t<meta name=\"twitter:card\" content=\"summary_large_image\" \/>\n\t\t<meta name=\"twitter:site\" content=\"@frescafm\" \/>\n\t\t<meta name=\"twitter:title\" content=\"Onil ultima el dispositivo de seguridad para la Subida Internacional 2026 - laFRESCA\" \/>\n\t\t<meta name=\"twitter:description\" content=\"Hoy jueves, 3 de septiembre, El subdelegado del Gobierno en Alicante, Manuel Pineda, ha presidido hoy en el municipio de Onil una reuni\u00f3n de coordinaci\u00f3n para preparar el dispositivo de seguridad y emergencias con motivo de la Subida Internacional de Onil, \u00faltima prueba del Campeonato de Espa\u00f1a de Monta\u00f1a Autohebdo Sport, que se celebrar\u00e1 los\" \/>\n\t\t<meta name=\"twitter:image\" content=\"https:\/\/www.lafresca.fm\/f-solosog\/2026\/09\/WhatsApp-Image-2026-09-03-at-15.11.46.jpeg\" \/>\n\t\t<script type=\"application\/ld+json\" class=\"aioseo-schema\">\n\t\t\t{\"@context\":\"https:\\\/\\\/schema.org\",\"@graph\":[{\"@type\":\"BlogPosting\",\"@id\":\"https:\\\/\\\/www.lafresca.fm\\\/onil-ultima-el-dispositivo-de-seguridad-para-la-subida-internacional-2026\\\/#blogposting\",\"name\":\"Onil ultima el dispositivo de seguridad para la Subida Internacional 2026 - laFRESCA\",\"headline\":\"Onil ultima el dispositivo de seguridad para la Subida Internacional 2026\",\"author\":{\"@id\":\"https:\\\/\\\/www.lafresca.fm\\\/author\\\/adri\\\/#author\"},\"publisher\":{\"@id\":\"https:\\\/\\\/www.lafresca.fm\\\/#organization\"},\"image\":{\"@type\":\"ImageObject\",\"url\":\"https:\\\/\\\/www.lafresca.fm\\\/wp-content\\\/uploads\\\/2026\\\/09\\\/WhatsApp-Image-2026-09-03-at-15.11.46.jpeg\",\"width\":1600,\"height\":1200},\"datePublished\":\"2026-09-03T15:19:33+02:00\",\"dateModified\":\"2026-09-03T15:19:33+02:00\",\"inLanguage\":\"es-ES\",\"mainEntityOfPage\":{\"@id\":\"https:\\\/\\\/www.lafresca.fm\\\/onil-ultima-el-dispositivo-de-seguridad-para-la-subida-internacional-2026\\\/#webpage\"},\"isPartOf\":{\"@id\":\"https:\\\/\\\/www.lafresca.fm\\\/onil-ultima-el-dispositivo-de-seguridad-para-la-subida-internacional-2026\\\/#webpage\"},\"articleSection\":\"Interior de Alicante\"},{\"@type\":\"BreadcrumbList\",\"@id\":\"https:\\\/\\\/www.lafresca.fm\\\/onil-ultima-el-dispositivo-de-seguridad-para-la-subida-internacional-2026\\\/#breadcrumblist\",\"itemListElement\":[{\"@type\":\"ListItem\",\"@id\":\"https:\\\/\\\/www.lafresca.fm#listItem\",\"position\":1,\"name\":\"Inicio\",\"item\":\"https:\\\/\\\/www.lafresca.fm\",\"nextItem\":{\"@type\":\"ListItem\",\"@id\":\"https:\\\/\\\/www.lafresca.fm\\\/category\\\/alicante\\\/#listItem\",\"name\":\"Interior de Alicante\"}},{\"@type\":\"ListItem\",\"@id\":\"https:\\\/\\\/www.lafresca.fm\\\/category\\\/alicante\\\/#listItem\",\"position\":2,\"name\":\"Interior de Alicante\",\"item\":\"https:\\\/\\\/www.lafresca.fm\\\/category\\\/alicante\\\/\",\"nextItem\":{\"@type\":\"ListItem\",\"@id\":\"https:\\\/\\\/www.lafresca.fm\\\/onil-ultima-el-dispositivo-de-seguridad-para-la-subida-internacional-2026\\\/#listItem\",\"name\":\"Onil ultima el dispositivo de seguridad para la Subida Internacional 2026\"},\"previousItem\":{\"@type\":\"ListItem\",\"@id\":\"https:\\\/\\\/www.lafresca.fm#listItem\",\"name\":\"Inicio\"}},{\"@type\":\"ListItem\",\"@id\":\"https:\\\/\\\/www.lafresca.fm\\\/onil-ultima-el-dispositivo-de-seguridad-para-la-subida-internacional-2026\\\/#listItem\",\"position\":3,\"name\":\"Onil ultima el dispositivo de seguridad para la Subida Internacional 2026\",\"previousItem\":{\"@type\":\"ListItem\",\"@id\":\"https:\\\/\\\/www.lafresca.fm\\\/category\\\/alicante\\\/#listItem\",\"name\":\"Interior de Alicante\"}}]},{\"@type\":\"Organization\",\"@id\":\"https:\\\/\\\/www.lafresca.fm\\\/#organization\",\"name\":\"laFRESCA\",\"description\":\"\\u00a1Estamos de moda!\",\"url\":\"https:\\\/\\\/www.lafresca.fm\\\/\",\"logo\":{\"@type\":\"ImageObject\",\"url\":\"https:\\\/\\\/www.lafresca.fm\\\/wp-content\\\/uploads\\\/2020\\\/06\\\/logo-opaque.png\",\"@id\":\"https:\\\/\\\/www.lafresca.fm\\\/onil-ultima-el-dispositivo-de-seguridad-para-la-subida-internacional-2026\\\/#organizationLogo\",\"width\":766,\"height\":156},\"image\":{\"@id\":\"https:\\\/\\\/www.lafresca.fm\\\/onil-ultima-el-dispositivo-de-seguridad-para-la-subida-internacional-2026\\\/#organizationLogo\"},\"sameAs\":[\"https:\\\/\\\/instagram.com\\\/lafrescafm\"]},{\"@type\":\"Person\",\"@id\":\"https:\\\/\\\/www.lafresca.fm\\\/author\\\/adri\\\/#author\",\"url\":\"https:\\\/\\\/www.lafresca.fm\\\/author\\\/adri\\\/\",\"name\":\"Redacci\\u00f3n\",\"image\":{\"@type\":\"ImageObject\",\"@id\":\"https:\\\/\\\/www.lafresca.fm\\\/onil-ultima-el-dispositivo-de-seguridad-para-la-subida-internacional-2026\\\/#authorImage\",\"url\":\"https:\\\/\\\/secure.gravatar.com\\\/avatar\\\/bbe35c7902c79b0cbe5a3eebbf91e29b5b70c6c0fcbe3d629eff0f3635a1cf2c?s=96&d=mm&r=g\",\"width\":96,\"height\":96,\"caption\":\"Redacci\\u00f3n\"}},{\"@type\":\"WebPage\",\"@id\":\"https:\\\/\\\/www.lafresca.fm\\\/onil-ultima-el-dispositivo-de-seguridad-para-la-subida-internacional-2026\\\/#webpage\",\"url\":\"https:\\\/\\\/www.lafresca.fm\\\/onil-ultima-el-dispositivo-de-seguridad-para-la-subida-internacional-2026\\\/\",\"name\":\"Onil ultima el dispositivo de seguridad para la Subida Internacional 2026 - laFRESCA\",\"description\":\"Hoy jueves, 3 de septiembre, El subdelegado del Gobierno en Alicante, Manuel Pineda, ha presidido hoy en el municipio de Onil una reuni\\u00f3n de coordinaci\\u00f3n para preparar el dispositivo de seguridad y emergencias con motivo de la Subida Internacional de Onil, \\u00faltima prueba del Campeonato de Espa\\u00f1a de Monta\\u00f1a Autohebdo Sport, que se celebrar\\u00e1 los\",\"inLanguage\":\"es-ES\",\"isPartOf\":{\"@id\":\"https:\\\/\\\/www.lafresca.fm\\\/#website\"},\"breadcrumb\":{\"@id\":\"https:\\\/\\\/www.lafresca.fm\\\/onil-ultima-el-dispositivo-de-seguridad-para-la-subida-internacional-2026\\\/#breadcrumblist\"},\"author\":{\"@id\":\"https:\\\/\\\/www.lafresca.fm\\\/author\\\/adri\\\/#author\"},\"creator\":{\"@id\":\"https:\\\/\\\/www.lafresca.fm\\\/author\\\/adri\\\/#author\"},\"image\":{\"@type\":\"ImageObject\",\"url\":\"https:\\\/\\\/www.lafresca.fm\\\/wp-content\\\/uploads\\\/2026\\\/09\\\/WhatsApp-Image-2026-09-03-at-15.11.46.jpeg\",\"@id\":\"https:\\\/\\\/www.lafresca.fm\\\/onil-ultima-el-dispositivo-de-seguridad-para-la-subida-internacional-2026\\\/#mainImage\",\"width\":1600,\"height\":1200},\"primaryImageOfPage\":{\"@id\":\"https:\\\/\\\/www.lafresca.fm\\\/onil-ultima-el-dispositivo-de-seguridad-para-la-subida-internacional-2026\\\/#mainImage\"},\"datePublished\":\"2026-09-03T15:19:33+02:00\",\"dateModified\":\"2026-09-03T15:19:33+02:00\"},{\"@type\":\"WebSite\",\"@id\":\"https:\\\/\\\/www.lafresca.fm\\\/#website\",\"url\":\"https:\\\/\\\/www.lafresca.fm\\\/\",\"name\":\"laFRESCA\",\"description\":\"\\u00a1Estamos de moda!\",\"inLanguage\":\"es-ES\",\"publisher\":{\"@id\":\"https:\\\/\\\/www.lafresca.fm\\\/#organization\"}}]}\n\t\t<\/script>\n\t\t\n\n","aioseo_head_json":{"title":"Onil ultima el dispositivo de seguridad para la Subida Internacional 2026 - laFRESCA","description":"Hoy jueves, 3 de septiembre, El subdelegado del Gobierno en Alicante, Manuel Pineda, ha presidido hoy en el municipio de Onil una reuni\u00f3n de coordinaci\u00f3n para preparar el dispositivo de seguridad y emergencias con motivo de la Subida Internacional de Onil, \u00faltima prueba del Campeonato de Espa\u00f1a de Monta\u00f1a Autohebdo Sport, que se celebrar\u00e1 los","canonical_url":"https:\/\/www.lafresca.fm\/onil-ultima-el-dispositivo-de-seguridad-para-la-subida-internacional-2026\/","robots":"max-image-preview:large","keywords":"","webmasterTools":{"miscellaneous":""},"schema":{"@context":"https:\/\/schema.org","@graph":[{"@type":"BlogPosting","@id":"https:\/\/www.lafresca.fm\/onil-ultima-el-dispositivo-de-seguridad-para-la-subida-internacional-2026\/#blogposting","name":"Onil ultima el dispositivo de seguridad para la Subida Internacional 2026 - laFRESCA","headline":"Onil ultima el dispositivo de seguridad para la Subida Internacional 2026","author":{"@id":"https:\/\/www.lafresca.fm\/author\/adri\/#author"},"publisher":{"@id":"https:\/\/www.lafresca.fm\/#organization"},"image":{"@type":"ImageObject","url":"https:\/\/www.lafresca.fm\/f-solosog\/2026\/09\/WhatsApp-Image-2026-09-03-at-15.11.46.jpeg","width":1600,"height":1200},"datePublished":"2026-09-03T15:19:33+02:00","dateModified":"2026-09-03T15:19:33+02:00","inLanguage":"es-ES","mainEntityOfPage":{"@id":"https:\/\/www.lafresca.fm\/onil-ultima-el-dispositivo-de-seguridad-para-la-subida-internacional-2026\/#webpage"},"isPartOf":{"@id":"https:\/\/www.lafresca.fm\/onil-ultima-el-dispositivo-de-seguridad-para-la-subida-internacional-2026\/#webpage"},"articleSection":"Interior de Alicante"},{"@type":"BreadcrumbList","@id":"https:\/\/www.lafresca.fm\/onil-ultima-el-dispositivo-de-seguridad-para-la-subida-internacional-2026\/#breadcrumblist","itemListElement":[{"@type":"ListItem","@id":"https:\/\/www.lafresca.fm#listItem","position":1,"name":"Inicio","item":"https:\/\/www.lafresca.fm","nextItem":{"@type":"ListItem","@id":"https:\/\/www.lafresca.fm\/category\/alicante\/#listItem","name":"Interior de Alicante"}},{"@type":"ListItem","@id":"https:\/\/www.lafresca.fm\/category\/alicante\/#listItem","position":2,"name":"Interior de Alicante","item":"https:\/\/www.lafresca.fm\/category\/alicante\/","nextItem":{"@type":"ListItem","@id":"https:\/\/www.lafresca.fm\/onil-ultima-el-dispositivo-de-seguridad-para-la-subida-internacional-2026\/#listItem","name":"Onil ultima el dispositivo de seguridad para la Subida Internacional 2026"},"previousItem":{"@type":"ListItem","@id":"https:\/\/www.lafresca.fm#listItem","name":"Inicio"}},{"@type":"ListItem","@id":"https:\/\/www.lafresca.fm\/onil-ultima-el-dispositivo-de-seguridad-para-la-subida-internacional-2026\/#listItem","position":3,"name":"Onil ultima el dispositivo de seguridad para la Subida Internacional 2026","previousItem":{"@type":"ListItem","@id":"https:\/\/www.lafresca.fm\/category\/alicante\/#listItem","name":"Interior de Alicante"}}]},{"@type":"Organization","@id":"https:\/\/www.lafresca.fm\/#organization","name":"laFRESCA","description":"\u00a1Estamos de moda!","url":"https:\/\/www.lafresca.fm\/","logo":{"@type":"ImageObject","url":"https:\/\/www.lafresca.fm\/f-solosog\/2020\/06\/logo-opaque.png","@id":"https:\/\/www.lafresca.fm\/onil-ultima-el-dispositivo-de-seguridad-para-la-subida-internacional-2026\/#organizationLogo","width":766,"height":156},"image":{"@id":"https:\/\/www.lafresca.fm\/onil-ultima-el-dispositivo-de-seguridad-para-la-subida-internacional-2026\/#organizationLogo"},"sameAs":["https:\/\/instagram.com\/lafrescafm"]},{"@type":"Person","@id":"https:\/\/www.lafresca.fm\/author\/adri\/#author","url":"https:\/\/www.lafresca.fm\/author\/adri\/","name":"Redacci\u00f3n","image":{"@type":"ImageObject","@id":"https:\/\/www.lafresca.fm\/onil-ultima-el-dispositivo-de-seguridad-para-la-subida-internacional-2026\/#authorImage","url":"https:\/\/secure.gravatar.com\/avatar\/bbe35c7902c79b0cbe5a3eebbf91e29b5b70c6c0fcbe3d629eff0f3635a1cf2c?s=96&d=mm&r=g","width":96,"height":96,"caption":"Redacci\u00f3n"}},{"@type":"WebPage","@id":"https:\/\/www.lafresca.fm\/onil-ultima-el-dispositivo-de-seguridad-para-la-subida-internacional-2026\/#webpage","url":"https:\/\/www.lafresca.fm\/onil-ultima-el-dispositivo-de-seguridad-para-la-subida-internacional-2026\/","name":"Onil ultima el dispositivo de seguridad para la Subida Internacional 2026 - laFRESCA","description":"Hoy jueves, 3 de septiembre, El subdelegado del Gobierno en Alicante, Manuel Pineda, ha presidido hoy en el municipio de Onil una reuni\u00f3n de coordinaci\u00f3n para preparar el dispositivo de seguridad y emergencias con motivo de la Subida Internacional de Onil, \u00faltima prueba del Campeonato de Espa\u00f1a de Monta\u00f1a Autohebdo Sport, que se celebrar\u00e1 los","inLanguage":"es-ES","isPartOf":{"@id":"https:\/\/www.lafresca.fm\/#website"},"breadcrumb":{"@id":"https:\/\/www.lafresca.fm\/onil-ultima-el-dispositivo-de-seguridad-para-la-subida-internacional-2026\/#breadcrumblist"},"author":{"@id":"https:\/\/www.lafresca.fm\/author\/adri\/#author"},"creator":{"@id":"https:\/\/www.lafresca.fm\/author\/adri\/#author"},"image":{"@type":"ImageObject","url":"https:\/\/www.lafresca.fm\/f-solosog\/2026\/09\/WhatsApp-Image-2026-09-03-at-15.11.46.jpeg","@id":"https:\/\/www.lafresca.fm\/onil-ultima-el-dispositivo-de-seguridad-para-la-subida-internacional-2026\/#mainImage","width":1600,"height":1200},"primaryImageOfPage":{"@id":"https:\/\/www.lafresca.fm\/onil-ultima-el-dispositivo-de-seguridad-para-la-subida-internacional-2026\/#mainImage"},"datePublished":"2026-09-03T15:19:33+02:00","dateModified":"2026-09-03T15:19:33+02:00"},{"@type":"WebSite","@id":"https:\/\/www.lafresca.fm\/#website","url":"https:\/\/www.lafresca.fm\/","name":"laFRESCA","description":"\u00a1Estamos de moda!","inLanguage":"es-ES","publisher":{"@id":"https:\/\/www.lafresca.fm\/#organization"}}]},"og:locale":"es_ES","og:site_name":"laFRESCA - \u00a1Estamos de moda!","og:type":"article","og:title":"Onil ultima el dispositivo de seguridad para la Subida Internacional 2026 - laFRESCA","og:description":"Hoy jueves, 3 de septiembre, El subdelegado del Gobierno en Alicante, Manuel Pineda, ha presidido hoy en el municipio de Onil una reuni\u00f3n de coordinaci\u00f3n para preparar el dispositivo de seguridad y emergencias con motivo de la Subida Internacional de Onil, \u00faltima prueba del Campeonato de Espa\u00f1a de Monta\u00f1a Autohebdo Sport, que se celebrar\u00e1 los","og:url":"https:\/\/www.lafresca.fm\/onil-ultima-el-dispositivo-de-seguridad-para-la-subida-internacional-2026\/","og:image":"https:\/\/www.lafresca.fm\/f-solosog\/2026\/09\/WhatsApp-Image-2026-09-03-at-15.11.46.jpeg","og:image:secure_url":"https:\/\/www.lafresca.fm\/f-solosog\/2026\/09\/WhatsApp-Image-2026-09-03-at-15.11.46.jpeg","og:image:width":1600,"og:image:height":1200,"article:published_time":"2026-09-03T13:19:33+00:00","article:modified_time":"2026-09-03T13:19:33+00:00","article:publisher":"https:\/\/facebook.com\/lafresca.es","twitter:card":"summary_large_image","twitter:site":"@frescafm","twitter:title":"Onil ultima el dispositivo de seguridad para la Subida Internacional 2026 - laFRESCA","twitter:description":"Hoy jueves, 3 de septiembre, El subdelegado del Gobierno en Alicante, Manuel Pineda, ha presidido hoy en el municipio de Onil una reuni\u00f3n de coordinaci\u00f3n para preparar el dispositivo de seguridad y emergencias con motivo de la Subida Internacional de Onil, \u00faltima prueba del Campeonato de Espa\u00f1a de Monta\u00f1a Autohebdo Sport, que se celebrar\u00e1 los","twitter:image":"https:\/\/www.lafresca.fm\/f-solosog\/2026\/09\/WhatsApp-Image-2026-09-03-at-15.11.46.jpeg"},"aioseo_meta_data":{"post_id":"19302","title":null,"description":null,"keywords":null,"keyphrases":{"focus":{"keyphrase":"","score":0,"analysis":{"keyphraseInTitle":{"score":0,"maxScore":9,"error":1}}},"additional":[]},"primary_term":null,"canonical_url":null,"og_title":null,"og_description":null,"og_object_type":"default","og_image_type":"default","og_image_url":null,"og_image_width":null,"og_image_height":null,"og_image_custom_url":null,"og_image_custom_fields":null,"og_video":"","og_custom_url":null,"og_article_section":null,"og_article_tags":null,"twitter_use_og":false,"twitter_card":"default","twitter_image_type":"default","twitter_image_url":null,"twitter_image_custom_url":null,"twitter_image_custom_fields":null,"twitter_title":null,"twitter_description":null,"schema":{"blockGraphs":[],"customGraphs":[],"default":{"data":{"Article":[],"Course":[],"Dataset":[],"FAQPage":[],"Movie":[],"Person":[],"Product":[],"ProductReview":[],"Car":[],"Recipe":[],"Service":[],"SoftwareApplication":[],"WebPage":[]},"graphName":"BlogPosting","isEnabled":true},"graphs":[]},"schema_type":"default","schema_type_options":null,"pillar_content":false,"robots_default":true,"robots_noindex":false,"robots_noarchive":false,"robots_nosnippet":false,"robots_nofollow":false,"robots_noimageindex":false,"robots_noodp":false,"robots_notranslate":false,"robots_max_snippet":"-1","robots_max_videopreview":"-1","robots_max_imagepreview":"large","priority":null,"frequency":"default","local_seo":null,"breadcrumb_settings":null,"limit_modified_date":false,"ai":{"faqs":[],"keyPoints":[],"schemas":[],"titles":[],"descriptions":[],"socialPosts":{"email":{"subject":"","preview":"","content":""},"linkedin":[],"twitter":[],"facebook":[],"instagram":[]}},"created":"2026-09-03 13:19:33","updated":"2026-09-03 13:37:57","seo_analyzer_scan_date":null,"focus_keyword":null,"additional_keywords":null,"truseo_locale":null},"aioseo_breadcrumb":"<div class=\"aioseo-breadcrumbs\"><span class=\"aioseo-breadcrumb\">\n\t\t\t<a href=\"https:\/\/www.lafresca.fm\" title=\"Inicio\">Inicio<\/a>\n\t\t<\/span><span class=\"aioseo-breadcrumb-separator\">&raquo;<\/span><span class=\"aioseo-breadcrumb\">\n\t\t\t<a href=\"https:\/\/www.lafresca.fm\/category\/alicante\/\" title=\"Interior de Alicante\">Interior de Alicante<\/a>\n\t\t<\/span><span class=\"aioseo-breadcrumb-separator\">&raquo;<\/span><span class=\"aioseo-breadcrumb\">\n\t\t\tOnil ultima el dispositivo de seguridad para la Subida Internacional 2026\n\t\t<\/span><\/div>","aioseo_breadcrumb_json":[{"label":"Inicio","link":"https:\/\/www.lafresca.fm"},{"label":"Interior de Alicante","link":"https:\/\/www.lafresca.fm\/category\/alicante\/"},{"label":"Onil ultima el dispositivo de seguridad para la Subida Internacional 2026","link":"https:\/\/www.lafresca.fm\/onil-ultima-el-dispositivo-de-seguridad-para-la-subida-internacional-2026\/"}],"_links":{"self":[{"href":"https:\/\/www.lafresca.fm\/fresca-api-json\/wp\/v2\/posts\/19302","targetHints":{"allow":["GET"]}}],"collection":[{"href":"https:\/\/www.lafresca.fm\/fresca-api-json\/wp\/v2\/posts"}],"about":[{"href":"https:\/\/www.lafresca.fm\/fresca-api-json\/wp\/v2\/types\/post"}],"author":[{"embeddable":true,"href":"https:\/\/www.lafresca.fm\/fresca-api-json\/wp\/v2\/users\/2"}],"replies":[{"embeddable":true,"href":"https:\/\/www.lafresca.fm\/fresca-api-json\/wp\/v2\/comments?post=19302"}],"version-history":[{"count":1,"href":"https:\/\/www.lafresca.fm\/fresca-api-json\/wp\/v2\/posts\/19302\/revisions"}],"predecessor-version":[{"id":19305,"href":"https:\/\/www.lafresca.fm\/fresca-api-json\/wp\/v2\/posts\/19302\/revisions\/19305"}],"wp:featuredmedia":[{"embeddable":true,"href":"https:\/\/www.lafresca.fm\/fresca-api-json\/wp\/v2\/media\/19304"}],"wp:attachment":[{"href":"https:\/\/www.lafresca.fm\/fresca-api-json\/wp\/v2\/media?parent=19302"}],"wp:term":[{"taxonomy":"category","embeddable":true,"href":"https:\/\/www.lafresca.fm\/fresca-api-json\/wp\/v2\/categories?post=19302"},{"taxonomy":"post_tag","embeddable":true,"href":"https:\/\/www.lafresca.fm\/fresca-api-json\/wp\/v2\/tags?post=19302"}],"curies":[{"name":"wp","href":"https:\/\/api.w.org\/{rel}","templated":true}]}}